{"id":55,"date":"2006-08-23T01:20:55","date_gmt":"2006-08-23T01:20:55","guid":{"rendered":"http:\/\/blogs.diariovasco.com\/sesioncontinua\/?p=55"},"modified":"2006-08-23T01:20:55","modified_gmt":"2006-08-23T01:20:55","slug":"las_que_faltaban_en_zabaltegi","status":"publish","type":"post","link":"https:\/\/blogs.diariovasco.com\/sesioncontinua\/2006\/08\/23\/las_que_faltaban_en_zabaltegi\/","title":{"rendered":"Las que faltaban en Zabaltegi"},"content":{"rendered":"<p><IMG style=\"WIDTH: 450px; HEIGHT: 155px\" height=NaN hspace=50 src=\"\/sesioncontinua\/wp-content\/uploads\/sites\/17\" width=450 vspace=10><BR><BR><br \/>\n<DIV align=justify><FONT size=2>Y hoy el Zinemaldi ha dado a conocer las pel\u00edculas que <A href=\"http:\/\/canales.diariovasco.com\/ocio\/cine\/festival-cine-donostia-san-sebastian-perlas-especiales-zabaltegi.php\">completan Zabaltegi<\/A>. Por un lado, las 9 Perlas de otros Festivales que aspiran al Premio del P\u00fablico y por otro, los 5 documentales que formar\u00e1n los Especiales. Si de verdad con estos t\u00edtulos se completa Zabaltegi me llama la atenci\u00f3n que en la edici\u00f3n de 2006 en Zabaltegi va a haber menos pel\u00edculas que en a\u00f1os anteriores (32 en el 2006 frente a 39 en el 2005).<\/FONT><BR><\/DIV><br \/>\n<FONT size=2><BR><\/FONT><br \/>\n<DIV align=justify><FONT size=2>Repasando las programaciones de otras ediciones, los \u00faltimos dos a\u00f1os ha habido 13 Perlas (y eso que en 2004 el festival dur\u00f3 un d\u00eda menos) y en la edici\u00f3n de 2002 lleg\u00f3 a haber 17. Curiosa esta bajada en el n\u00famero de pel\u00edculas programadas, teniendo en cuenta que \u00e9sta es la secci\u00f3n que tiene un mayor seguimiento por parte de los aficionados. Aunque m\u00e1s vale calidad que cantidad.<BR><BR>Podremos ver 4 filmes presentados en Cannes:<BR>&#8211; la ganadora del premio al mejor director &#8220;Babel&#8221;, tercer largometraje del mexicano Alejandro Gonz\u00e1lez I\u00f1arritu tras &#8220;Amores Perros&#8221; y &#8220;21 gramos&#8221; ambas presentadas en el marco del Zinemaldi. \u00bfCu\u00e1ndo empezar\u00e1n los rumores de que vendr\u00e1 Brad Pitt solo o acompa\u00f1ado de Angelina a presentar la pel\u00edcula?<BR>&#8211; la argentina &#8220;Cr\u00f3nica de una fuga (Buenos Aires 1977)&#8221; de Israel Adri\u00e1n Caetano (&#8220;Bolivia&#8221;, &#8220;Oso Rojo&#8221;)<BR>&#8211; &#8220;Bamako&#8221; de Mali (seguro que es la primera peli de esta nacionalidad que muchos tendremos oportunidad de ver)<BR>&#8211; &#8220;Paris, je t&#8217;aime&#8221; el film colectivo compuesto por 20 historias dirigida cada una por un director distinto (Joel Coen, Wes Craven,&nbsp; Alfonso Cuar\u00f3n, Isabel&nbsp; Coixet,&nbsp; Alexander Payne, Olivier Assayas etc.)<BR><IMG height=95 src=\"\/sesioncontinua\/wp-content\/uploads\/sites\/17\" width=114 vspace=5><IMG height=95 src=\"\/sesioncontinua\/wp-content\/uploads\/sites\/17\" width=183 vspace=5><IMG height=95 src=\"\/sesioncontinua\/wp-content\/uploads\/sites\/17\" width=139 vspace=5><IMG height=95 src=\"\/sesioncontinua\/wp-content\/uploads\/sites\/17\" width=108 vspace=5><BR>2 de Venecia:<BR>&#8211; &#8220;Children of Men&#8221; del mexicano Alfonso Cuar\u00f3n con Julianne Moore, Michael Caine y Clive Owen<BR>&#8211; &#8220;Belle Toujours&#8221; la continuaci\u00f3n de &#8220;Belle de Jour&#8221; de Bu\u00f1uel que ha rodado el veteran\u00edsimo director portugu\u00e9s Manoel de Oliveira generalmente garant\u00eda de aburrimiento.<BR><BR>2 de Sundance:<BR>&#8211; el \u00e9xito del verano del cine independiente en los Estados Unidos, la comedia &#8220;Little Miss Sunshine&#8221;<BR>&#8211; &#8220;Neil Young \/ Heart of Gold&#8221; un nuevo documental acerca del m\u00fasico norteamericano esta vez dirigido por Jonathan &#8220;El silencio de los corderos&#8221; Demme<BR><BR>y 1 de la Berlinale, la suiza &#8220;Vitus&#8221;.<BR><BR><IMG style=\"WIDTH: 145px; HEIGHT: 95px\" height=95 src=\"\/sesioncontinua\/wp-content\/uploads\/sites\/17\" width=NaN vspace=5><IMG style=\"WIDTH: 92px; HEIGHT: 95px\" height=95 src=\"\/sesioncontinua\/wp-content\/uploads\/sites\/17\" width=NaN vspace=5><IMG style=\"WIDTH: 153px; HEIGHT: 95px\" height=95 src=\"\/sesioncontinua\/wp-content\/uploads\/sites\/17\" width=NaN vspace=5><IMG style=\"WIDTH: 129px; HEIGHT: 95px\" height=95 src=\"\/sesioncontinua\/wp-content\/uploads\/sites\/17\" width=NaN vspace=5><BR><BR>En los Especiales habr\u00e1 5 documentales: 2 de ellos sobre cultura vasca &#8220;Agian&#8221; y &#8220;Nomadak TX&#8221;, otros 2 sobre 2 grandes del cine en Espa\u00f1a &#8220;El productor&#8221; de M\u00e9ndez-Leite (peor que la \u00faltima gala de los Goya seguro que no le sale) sobre El\u00edas Querejeta y &#8220;La silla de Fernando&#8221; sobre Fernando Fern\u00e1n G\u00f3mez dirigido por David Trueba y Luis Alegre y no pod\u00eda faltar la Guerra Civil espa\u00f1ola con &#8220;Noticias de una guerra&#8221; de Eterio Ortega cuyo &#8220;Asesinato en febrero&#8221; dio mucho que hablar por motivos extracinematogr\u00e1ficos cuando se pas\u00f3 por televisi\u00f3n la v\u00edspera del 14-M de 2004.<BR><BR><IMG style=\"WIDTH: 216px; HEIGHT: 149px\" height=140 hspace=25 src=\"\/sesioncontinua\/wp-content\/uploads\/sites\/17\" width=200 vspace=15><IMG style=\"WIDTH: 218px; HEIGHT: 152px\" height=152 hspace=25 src=\"\/sesioncontinua\/wp-content\/uploads\/sites\/17\" width=218 vspace=15><BR>A menos de un mes para el inicio, la gran inc\u00f3gnita sigue siendo qu\u00e9 pel\u00edculas competir\u00e1n por la Concha de Oro. Seguiremos atentos&#8230;<BR>&nbsp;<\/FONT><\/DIV><\/p>\n<!-- AddThis Advanced Settings generic via filter on the_content --><!-- AddThis Share Buttons generic via filter on the_content -->","protected":false},"excerpt":{"rendered":"<p>Y hoy el Zinemaldi ha dado a conocer las pel\u00edculas que completan Zabaltegi. Por un lado, las 9 Perlas de otros Festivales que aspiran al Premio del P\u00fablico y por otro, los 5 documentales que formar\u00e1n los Especiales. Si de verdad con estos t\u00edtulos se completa Zabaltegi me llama la atenci\u00f3n que en la edici\u00f3n [&hellip;]<!-- AddThis Advanced Settings generic via filter on get_the_excerpt --><!-- AddThis Share Buttons generic via filter on get_the_excerpt --><\/p>\n","protected":false},"author":31,"featured_media":0,"comment_status":"open","ping_status":"closed","sticky":false,"template":"","format":"standard","meta":[],"categories":[2],"tags":[4],"_links":{"self":[{"href":"https:\/\/blogs.diariovasco.com\/sesioncontinua\/wp-json\/wp\/v2\/posts\/55"}],"collection":[{"href":"https:\/\/blogs.diariovasco.com\/sesioncontinua\/wp-json\/wp\/v2\/posts"}],"about":[{"href":"https:\/\/blogs.diariovasco.com\/sesioncontinua\/wp-json\/wp\/v2\/types\/post"}],"author":[{"embeddable":true,"href":"https:\/\/blogs.diariovasco.com\/sesioncontinua\/wp-json\/wp\/v2\/users\/31"}],"replies":[{"embeddable":true,"href":"https:\/\/blogs.diariovasco.com\/sesioncontinua\/wp-json\/wp\/v2\/comments?post=55"}],"version-history":[{"count":0,"href":"https:\/\/blogs.diariovasco.com\/sesioncontinua\/wp-json\/wp\/v2\/posts\/55\/revisions"}],"wp:attachment":[{"href":"https:\/\/blogs.diariovasco.com\/sesioncontinua\/wp-json\/wp\/v2\/media?parent=55"}],"wp:term":[{"taxonomy":"category","embeddable":true,"href":"https:\/\/blogs.diariovasco.com\/sesioncontinua\/wp-json\/wp\/v2\/categories?post=55"},{"taxonomy":"post_tag","embeddable":true,"href":"https:\/\/blogs.diariovasco.com\/sesioncontinua\/wp-json\/wp\/v2\/tags?post=55"}],"curies":[{"name":"wp","href":"https:\/\/api.w.org\/{rel}","templated":true}]}}