{"id":57,"date":"2006-08-25T00:52:58","date_gmt":"2006-08-25T00:52:58","guid":{"rendered":"http:\/\/blogs.diariovasco.com\/sesioncontinua\/?p=57"},"modified":"2006-08-25T00:52:58","modified_gmt":"2006-08-25T00:52:58","slug":"title_253","status":"publish","type":"post","link":"https:\/\/blogs.diariovasco.com\/sesioncontinua\/2006\/08\/25\/title_253\/","title":{"rendered":"Los nombres de la Secci\u00f3n Oficial"},"content":{"rendered":"<p><IMG style=\"WIDTH: 600px; HEIGHT: 100px\" height=NaN src=\"\/sesioncontinua\/wp-content\/uploads\/sites\/17\" width=600 align=middle><BR><BR><br \/>\n<DIV align=justify>J<FONT size=2>ohn Boorman, Bahman Ghobadi, Carlos Sor\u00edn, Hirozaku Kore-eda, Agnieszka Holland, Tom Dicillo, Marion H\u00e4nsell, Im Sang-Soo&#8230; Las \u00faltimas pelis de estos <STRONG>reconocidos directores<\/STRONG> <A href=\"http:\/\/www.diariovasco.com\/pg060825\/prensa\/noticias\/Cultura\/200608\/25\/DVA-CUL-158.html\">competir\u00e1n por la Concha de Oro en la pr\u00f3xima edici\u00f3n del Zinemaldi.<BR><\/A><BR>Siempre se le ha echado en cara al Festival de Donosti la ausencia de nombres de autores reconocidos en su secci\u00f3n a concurso, porque no nos enga\u00f1emos, si nos vamos a aburrir preferimos hacerlo viendo la \u00faltima de alg\u00fan director prestigioso que con la de una joven promesa de la que quiz\u00e1 no volvamos o\u00edr hablar en nuestra vida, si vamos a despotricar, mejor hacerlo contra una vaca sagrada que contra un prometedor desconocido, y si vamos a disfrutar, nos dar\u00e1 lo mismo el origen de la pel\u00edcula. As\u00ed que a falta de comprobar si nos aburriremos, despotricaremos o disfrutaremos, sabemos al menos que tendremos directores de renombre en competici\u00f3n.<BR><BR><IMG style=\"WIDTH: 157px; HEIGHT: 109px\" height=110 src=\"\/sesioncontinua\/wp-content\/uploads\/sites\/17\" width=160 vspace=10><IMG style=\"WIDTH: 155px; HEIGHT: 110px\" height=110 src=\"\/sesioncontinua\/wp-content\/uploads\/sites\/17\" width=160 vspace=10><IMG style=\"WIDTH: 157px; HEIGHT: 110px\" height=110 src=\"\/sesioncontinua\/wp-content\/uploads\/sites\/17\" width=160 vspace=10><IMG height=110 src=\"\/sesioncontinua\/wp-content\/uploads\/sites\/17\" width=160 vspace=10><BR>&nbsp;<BR>Algunos parece que est\u00e1n en el declive de su carrera, otros en su mejor momento, pero son nombres reconocidos y reconocibles. Y curiosamente, s\u00f3lo uno de ellos es hispanoamericano. Los \u00faltimos a\u00f1os la Secci\u00f3n Oficial se ha caracterizado por la abundancia de t\u00edtulos de esta procedencia generalmente a cargo de prestigiosos directores, pero esta vez s\u00f3lo el argentino Carlos Sor\u00edn con &#8220;El Camino de San Diego&#8221; defender\u00e1 el pabell\u00f3n del cine de Latinoam\u00e9rica. Esto unido a la falta de notoriedad de los directores de las tres pel\u00edculas espa\u00f1olas a concurso que se anunciaron hace 3 semanas, inclina esta vez el peso de la Secci\u00f3n Oficial hacia el cine <STRONG>europeo<\/STRONG>, el <STRONG>asi\u00e1tico<\/STRONG> y el <STRONG>independiente norteamericano<\/STRONG>.<BR><BR>\u00bfC\u00f3mo no esperar con inter\u00e9s la nueva pel\u00edcula del director de &#8220;<A href=\"http:\/\/diariovasco.hoycinema.com\/Defensa-Deliverance-1972.htm\">Deliverance&#8221;<\/A>, <A href=\"http:\/\/diariovasco.hoycinema.com\/Esperanza-gloria-1987.htm\">&#8220;Esperanza y Gloria&#8221;<\/A>, <A href=\"http:\/\/diariovasco.hoycinema.com\/Excalibur-1981.htm\">&#8220;Excalibur&#8221;<\/A> o <A href=\"http:\/\/diariovasco.hoycinema.com\/General-1998.htm\">&#8220;El General&#8221;<\/A> antes de que ruede &#8220;Memorias de Adriano&#8221;? \u00bfConseguir\u00e1 Bahman Ghobadi repetir el \u00e9xito de <A href=\"http:\/\/diariovasco.hoycinema.com\/Las-tortugas-tambien-vuelan-2004.htm\">&#8220;Las tortugas tambi\u00e9n vuelan&#8221;<\/A>? \u00bfSe confirmar\u00e1 el talento de Hirokazu Kore-eda tras la interesante &#8220;After Life&#8221; y la notable<A href=\"http:\/\/diariovasco.hoycinema.com\/Nadie-sabe-2004.htm\"> &#8220;Nadie sabe&#8221;<\/A> premiada en Cannes? \u00bfEntender\u00e9 por fin el motivo del \u00e9xito de Tom Dicillo? \u00bfMantendr\u00e1 &#8220;El camino de San Diego&#8221; el nivel de <A href=\"http:\/\/diariovasco.hoycinema.com\/Historias-minimas-2002.htm\">&#8220;Historias M\u00ednimas&#8221;<\/A> y <A href=\"http:\/\/diariovasco.hoycinema.com\/Bombon-Perro-2004.htm\">&#8220;Bomb\u00f3n, el perro&#8221;<\/A>? \u00bfInspirar\u00e1 Beethoven a Agnieszka Holland? Y adem\u00e1s, de propina fuera de concurso, la vuelta de Lars von Trier al Dogma. Con todos estos ingredientes, \u00bfc\u00f3mo no esperar con expectaci\u00f3n el inicio de esta edici\u00f3n del Zinemaldi? <A href=\"http:\/\/www.sansebastianfestival.com\/2006\/es\/noticias.htm\">Se\u00f1ores del Festival: \u00a1Sigan informando, por favor!<BR><\/A><BR><IMG height=105 src=\"\/sesioncontinua\/wp-content\/uploads\/sites\/17\" width=105 vspace=10><IMG height=105 src=\"\/sesioncontinua\/wp-content\/uploads\/sites\/17\" width=148 vspace=10><IMG height=105 src=\"\/sesioncontinua\/wp-content\/uploads\/sites\/17\" width=159 vspace=10><IMG height=105 src=\"\/sesioncontinua\/wp-content\/uploads\/sites\/17\" width=171 vspace=10><BR><\/FONT><\/DIV><br \/>\n<BR><BR><BR><\/p>\n<!-- AddThis Advanced Settings generic via filter on the_content --><!-- AddThis Share Buttons generic via filter on the_content -->","protected":false},"excerpt":{"rendered":"<p>John Boorman, Bahman Ghobadi, Carlos Sor\u00edn, Hirozaku Kore-eda, Agnieszka Holland, Tom Dicillo, Marion H\u00e4nsell, Im Sang-Soo&#8230; Las \u00faltimas pelis de estos reconocidos directores competir\u00e1n por la Concha de Oro en la pr\u00f3xima edici\u00f3n del Zinemaldi.Siempre se le ha echado en cara al Festival de Donosti la ausencia de nombres de autores reconocidos en su secci\u00f3n [&hellip;]<!-- AddThis Advanced Settings generic via filter on get_the_excerpt --><!-- AddThis Share Buttons generic via filter on get_the_excerpt --><\/p>\n","protected":false},"author":31,"featured_media":0,"comment_status":"open","ping_status":"closed","sticky":false,"template":"","format":"standard","meta":[],"categories":[2],"tags":[4],"_links":{"self":[{"href":"https:\/\/blogs.diariovasco.com\/sesioncontinua\/wp-json\/wp\/v2\/posts\/57"}],"collection":[{"href":"https:\/\/blogs.diariovasco.com\/sesioncontinua\/wp-json\/wp\/v2\/posts"}],"about":[{"href":"https:\/\/blogs.diariovasco.com\/sesioncontinua\/wp-json\/wp\/v2\/types\/post"}],"author":[{"embeddable":true,"href":"https:\/\/blogs.diariovasco.com\/sesioncontinua\/wp-json\/wp\/v2\/users\/31"}],"replies":[{"embeddable":true,"href":"https:\/\/blogs.diariovasco.com\/sesioncontinua\/wp-json\/wp\/v2\/comments?post=57"}],"version-history":[{"count":0,"href":"https:\/\/blogs.diariovasco.com\/sesioncontinua\/wp-json\/wp\/v2\/posts\/57\/revisions"}],"wp:attachment":[{"href":"https:\/\/blogs.diariovasco.com\/sesioncontinua\/wp-json\/wp\/v2\/media?parent=57"}],"wp:term":[{"taxonomy":"category","embeddable":true,"href":"https:\/\/blogs.diariovasco.com\/sesioncontinua\/wp-json\/wp\/v2\/categories?post=57"},{"taxonomy":"post_tag","embeddable":true,"href":"https:\/\/blogs.diariovasco.com\/sesioncontinua\/wp-json\/wp\/v2\/tags?post=57"}],"curies":[{"name":"wp","href":"https:\/\/api.w.org\/{rel}","templated":true}]}}