{"id":59,"date":"2006-08-28T00:58:07","date_gmt":"2006-08-28T00:58:07","guid":{"rendered":"http:\/\/blogs.diariovasco.com\/sesioncontinua\/?p=59"},"modified":"2006-08-28T00:58:07","modified_gmt":"2006-08-28T00:58:07","slug":"la_parrilla_de_salida_para_los_oscars","status":"publish","type":"post","link":"https:\/\/blogs.diariovasco.com\/sesioncontinua\/2006\/08\/28\/la_parrilla_de_salida_para_los_oscars\/","title":{"rendered":"La parrilla de salida para los Oscars"},"content":{"rendered":"<div align=\"justify\"><font size=\"2\">A\u00fan faltan 6 meses para que se entreguen. Hasta el 23 de enero de 2007 no se anunciar\u00e1n las nominaciones. Pero el inicio del Festival de <a href=\"http:\/\/www.labiennale.org\/en\/cinema\/\" rel=\"external nofollow\"><b>Venecia<\/b><\/a> y sobre todo del de <a href=\"http:\/\/www.e.bell.ca\/filmfest\/2006\/home\/default.asp\" rel=\"external nofollow\"><b>Toronto<\/b><\/a> en unos d\u00edas, marcan el arranque de la temporada de estrenos de cara a los Oscars de este a\u00f1o en los Estados Unidos. Con este motivo, han realizado una encuesta entre varios cr\u00edticos norteamericanos para que indiquen en su opini\u00f3n cu\u00e1les son a priori <b>las favoritas para los Oscars de este a\u00f1o<\/b>. Hay que tener en cuenta que en la mayor\u00eda de los casos, las pel\u00edculas a\u00fan no se han estrenado en ning\u00fan sitio, que no las ha visto casi nadie y por tanto,&nbsp; cada uno opina en funci\u00f3n del curr\u00edculum de los implicados, los rumores y los chascarrillos. \u00c9stas han sido las m\u00e1s mencionadas:<\/font><\/div>\n<p><font size=\"2\"><\/p>\n<p><\/font><font face=\"verdana, helvetica, arial\" size=\"2\"><\/p>\n<table border=\"1\" cellpadding=\"1\" cellspacing=\"1\" height=\"340\" width=\"531\">\n<tbody>\n<tr>\n<td><IMG style=\"width: 153px; height: 90px;\" src=\"\/sesioncontinua\/wp-content\/uploads\/sites\/17\" height=\"78\" hspace=\"5\" width=\"120\"><\/td>\n<td width=\"200\"><font face=\"Verdana\" size=\"2\"><b>&#8220;Dreamgirls&#8221; de Bill Condon<\/b><\/font><font face=\"Verdana\" size=\"2\"><b><br \/><\/b><\/font><\/p>\n<div align=\"justify\"><font face=\"Verdana\" size=\"2\">El director de &#8220;Dioses y Monstruos&#8221; y guionista de &#8220;Chicago&#8221; dirige y escribe este musical protagonizado por tres pesos pesados del star-system afroamericano: Beyonc\u00e9 Knowles, Jamie Foxx y Eddie Murphy.<\/font><\/div>\n<\/td>\n<td><IMG style=\"width: 125px; height: 92px;\" src=\"\/sesioncontinua\/wp-content\/uploads\/sites\/17\" height=\"NaN\" hspace=\"5\" width=\"125\"><\/td>\n<\/tr>\n<tr>\n<td><IMG style=\"width: 157px; height: 199px;\" src=\"\/sesioncontinua\/wp-content\/uploads\/sites\/17\" height=\"NaN\" width=\"130\"><\/td>\n<td><b>&#8220;Flags of our Fathers&#8221; de Clint Eastwood<br \/><\/b><\/p>\n<div align=\"justify\"><font size=\"1\"><font size=\"2\">Tras el \u00e9xito de &#8220;Million Dollar Baby&#8221;, Eastwood vuelve a llevar a la pantalla un gui\u00f3n de Paul Haggis, director y autor de la \u00faltima triunfadora de los Oscar &#8220;Crash&#8221;. <\/font><\/font><\/div>\n<div align=\"justify\"><font size=\"1\"><font size=\"2\">Cuenta la vida los 6 h\u00e9roes americanos que izaron la bandera en la batalla de Iwo Jima en la 2\u00aa Guerra Mundial. Unos meses m\u00e1s tarde se estrenar\u00e1 la misma historia desde el punto de vista japon\u00e9s, tambi\u00e9n dirigida por Eastwood.<\/font><\/font><\/div>\n<\/td>\n<td><IMG src=\"\/sesioncontinua\/wp-content\/uploads\/sites\/17\"><\/td>\n<\/tr>\n<tr>\n<td><IMG style=\"width: 126px; height: 162px;\" src=\"\/sesioncontinua\/wp-content\/uploads\/sites\/17\" height=\"162\" hspace=\"20\" width=\"126\"><\/td>\n<td><b><font size=\"1\">&#8220;The Good German&#8221; de Steven Soderbergh<\/font><\/b><\/p>\n<div align=\"justify\"><font size=\"2\">El director de &#8220;Traffic&#8221; y &#8220;Ocean&#8217;s Eleven&#8221; dirige a su amigo George Clooney, Tobey Maguire y Cate Blanchett en esta pel\u00edcula ambientada en el Berl\u00edn post 2\u00aa Guerra Mundial con gui\u00f3n de Paul Attanasio. Rodada en blanco y negro.<\/font><\/p>\n<\/div>\n<\/td>\n<td><IMG src=\"\/sesioncontinua\/wp-content\/uploads\/sites\/17\"><\/p>\n<\/td>\n<\/tr>\n<tr>\n<td><IMG style=\"width: 158px; height: 194px;\" src=\"\/sesioncontinua\/wp-content\/uploads\/sites\/17\" height=\"194\" hspace=\"5\" width=\"158\"><\/td>\n<td><font face=\"Verdana\" size=\"2\"><b>&#8220;Babel&#8221; de Alejandro Gonz\u00e1lez I\u00f1arritu<\/b><br \/><\/font><\/p>\n<div align=\"justify\"><font face=\"Verdana\" size=\"2\">Era la favorita de la mayor\u00eda de la cr\u00edtica en la \u00faltima edici\u00f3n del&nbsp; Festival de Cannes, donde logr\u00f3 el premio al mejor director. Tras &#8220;Amores Perros&#8221; y &#8220;21 gramos&#8221;,&nbsp; I\u00f1arritu dirige a Brad Pitt, Cate Blanchett y Gael Garc\u00eda Bernal en esta pel\u00edcula sobre la comunicaci\u00f3n entre los humanos ambientada en Marruecos, T\u00fanez, M\u00e9xico y Jap\u00f3n.<\/font><\/div>\n<p>            <font face=\"Verdana\" size=\"2\">La podremos ver en Zabaltegi del pr\u00f3ximo Zinemaldi.<br \/><\/font><\/p>\n<\/td>\n<td><b><font size=\"2\"><\/font><\/b><IMG style=\"width: 122px; height: 196px;\" src=\"\/sesioncontinua\/wp-content\/uploads\/sites\/17\" height=\"NaN\" hspace=\"5\" width=\"110\"><\/td>\n<\/tr>\n<tr>\n<td><IMG style=\"width: 153px; height: 192px;\" src=\"\/sesioncontinua\/wp-content\/uploads\/sites\/17\" height=\"192\" hspace=\"10\" width=\"153\"><\/td>\n<td><font face=\"Verdana\" size=\"2\">&#8220;<b>World Trade Center&#8221; de Oliver Stone<\/b><br \/><\/font><\/p>\n<div align=\"justify\"><font face=\"Verdana\" size=\"2\">Pol\u00e9mica pel\u00edcula sobre dos polic\u00edas de Nueva York a los que cay\u00f3 encima una de las Torres Gemelas cuando se encontraban intentando rescatar a las v\u00edctimas del atentado del 11-S. Protagonizada por Nicholas Cage, Michael Pe\u00f1a, Maria Bello y Maggie Gyllenhaal<\/font><\/div>\n<div align=\"justify\"><font size=\"2\">Ya estrenada en los Estados Unidos.<\/font><\/p>\n<\/div>\n<\/td>\n<td><IMG style=\"width: 135px; height: 103px;\" src=\"\/sesioncontinua\/wp-content\/uploads\/sites\/17\" height=\"NaN\" width=\"125\"><\/td>\n<\/tr>\n<tr>\n<td><IMG style=\"width: 166px; height: 246px;\" src=\"\/sesioncontinua\/wp-content\/uploads\/sites\/17\" height=\"225\" hspace=\"5\" width=\"166\"><\/td>\n<td>\n<div align=\"justify\"><font face=\"Verdana\" size=\"2\"><b>&#8220;The Departed&#8221; de Martin Scorsese<\/b><\/font><br \/><font face=\"Verdana\" size=\"2\">Versi\u00f3n norteamericana del film de Hong-Kong &#8220;Juego Sucio&#8221; con un reparto estelar: Leonardo DiCaprio, Matt Damos, Jack Nicholson, Mark Wahlberg,&nbsp; Martin Sheen.<\/font><br \/><font face=\"Verdana\" size=\"2\">Cuenta una historia de sendos infiltrados: un polic\u00eda de Boston en la mafia irlandesa de la ciudad y un miembro de la mafia en la Polic\u00eda. La vuelta de Scorsese al g\u00e9nero en el que es un maestro, aunque esta vez la historia no est\u00e9 ambientada en Nueva York.<\/font><\/div>\n<div align=\"justify\"><font size=\"2\">Las dos pelis anteriores de Scorsese &#8220;Gangs of New York&#8221; y &#8220;Aviator&#8221; estuvieron nominadas para el Oscar a la mejor pel\u00edcula.<\/font><\/div>\n<\/td>\n<td><IMG src=\"\/sesioncontinua\/wp-content\/uploads\/sites\/17\"><\/td>\n<\/tr>\n<tr>\n<td><IMG style=\"width: 146px; height: 210px;\" src=\"\/sesioncontinua\/wp-content\/uploads\/sites\/17\" height=\"210\" hspace=\"15\" width=\"146\"><\/td>\n<td><font size=\"2\"><b>&#8220;All the King&#8217;s Men&#8221; de Steven Zaillian<\/b><br \/>Remake del cl\u00e1sico de 1949 &#8220;El Pol\u00edtico&#8221; con un reparto espectacular: Sean Penn, Jude Law, Kate Winslet,&nbsp; Patricia Clarkson, Anthony Hopkins, James Gandolfini, Mark Ruffalo&#8230;<br \/>Narra la historia de un pol\u00edtico populista del sur de los Estados Unidos en la primera mitad del siglo XX.<br \/>Estreno mundial en el Festival de Toronto.<br \/><\/font><\/p>\n<\/td>\n<td><IMG src=\"\/sesioncontinua\/wp-content\/uploads\/sites\/17\"><\/td>\n<\/tr>\n<tr>\n<td><IMG style=\"width: 170px; height: 106px;\" src=\"\/sesioncontinua\/wp-content\/uploads\/sites\/17\" height=\"NaN\" width=\"125\"><\/td>\n<td><font size=\"2\"><b>&#8220;<\/b><b>The Queen&#8221; de Stephen Frears<\/b><br \/><\/font><\/p>\n<div align=\"justify\"><font size=\"2\">Protagonizada por Helen Mirren en el papel de la reina Isabel II. Un argumento m\u00e1s propio de un telefilm o de un &#8220;Aqu\u00ed hay tomate&#8221;: la crisis producida en la familia real brit\u00e1nica por la muerte de la Princesa Diana en accidente de tr\u00e1fico. Aunque con ese director y ese reparto seguro que es mucho m\u00e1s satisfactoria.<\/font><\/div>\n<div align=\"justify\"><font size=\"2\">Estreno mundial en el Festival de Venecia e inaugurar\u00e1 el de Nueva York.<\/font><\/p>\n<\/div>\n<\/td>\n<td><IMG src=\"\/sesioncontinua\/wp-content\/uploads\/sites\/17\" height=\"105\" width=\"130\"><\/td>\n<\/tr>\n<tr>\n<td><IMG style=\"width: 151px; height: 190px;\" src=\"\/sesioncontinua\/wp-content\/uploads\/sites\/17\" height=\"177\" hspace=\"10\" width=\"120\"><\/td>\n<td><font size=\"2\">&#8220;<b>United 93&#8243; de Paul Greengrass<br \/><\/b><\/font><\/p>\n<div align=\"justify\"><font size=\"2\">La historia de lo ocurrido en el cuarto avi\u00f3n secuestrado en el 11-S. Curiosamente, es la segunda peli sobre este tema con opciones para los Oscars de este a\u00f1o. Aunque los resultados de taquilla en los USA no fueron muy buenos, las cr\u00edticas fueron magn\u00edficas. Excelente recreaci\u00f3n de los hechos que invita a reflexionar.<br \/>Actualmente en cartel en los cines de Gipuzkoa.<br \/><\/font><\/div>\n<\/td>\n<td><IMG style=\"width: 138px; height: 106px;\" src=\"\/sesioncontinua\/wp-content\/uploads\/sites\/17\" height=\"NaN\" width=\"125\"><\/td>\n<\/tr>\n<tr>\n<td><IMG style=\"width: 142px; height: 195px;\" src=\"\/sesioncontinua\/wp-content\/uploads\/sites\/17\" height=\"195\" hspace=\"20\" vspace=\"5\" width=\"138\"><\/td>\n<td>\n<div align=\"justify\"><font size=\"2\"><b>&#8220;Volver&#8221; de Pedro Almod\u00f3var<\/b><\/font><font size=\"3\"><font size=\"2\"><br \/>Aunque hay parte de la cr\u00edtica norteamericana que a\u00fan no la ha visto, su \u00e9xito en Cannes, premio al mejor gui\u00f3n y al conjunto de sus actrices, la sit\u00faa a priori entre la docena de pel\u00edculas con opciones a entrar en el grupo de las elegidas.<br \/>Su distribuidora en Estados Unidos, Sony Classics, parece que esta vez est\u00e1 dispuesta&nbsp; a echar la casa por la ventana.&nbsp; Una menci\u00f3n s\u00f3lo para el Oscar a la mejor pel\u00edcula en lengua extranjera sabr\u00eda a poco.<\/font><\/p>\n<p><\/font><\/div>\n<p><\/td>\n<td><IMG style=\"width: 138px; height: 102px;\" src=\"\/sesioncontinua\/wp-content\/uploads\/sites\/17\" height=\"NaN\" width=\"125\"><\/td>\n<\/tr>\n<tr>\n<td><IMG style=\"width: 150px; height: 188px;\" src=\"\/sesioncontinua\/wp-content\/uploads\/sites\/17\" height=\"188\" hspace=\"15\" width=\"150\"><\/td>\n<td><font size=\"2\"><b>&#8220;A Good Year&#8221; de Ridley Scott<\/b><br \/><\/font><\/p>\n<div align=\"justify\"><font size=\"2\">El director brit\u00e1nico vuelve a colaborar con Russell Crowe tras &#8220;Gladiator&#8221;. Un ingl\u00e9s recibe en herencia un vi\u00f1edo en la Provenza. All\u00ed se encuentra con una&nbsp; norteamericana que dice que es suyo.<br \/>Estreno mundial en el Festival de Toronto.<br \/><\/font><\/div>\n<\/td>\n<td><IMG style=\"width: 138px; height: 101px;\" src=\"\/sesioncontinua\/wp-content\/uploads\/sites\/17\" height=\"NaN\" width=\"125\"><\/td>\n<\/tr>\n<tr>\n<td><IMG style=\"width: 152px; height: 185px;\" src=\"\/sesioncontinua\/wp-content\/uploads\/sites\/17\" height=\"185\" hspace=\"10\" width=\"152\"><\/td>\n<td align=\"justify\">\n<p align=\"justify\"><font size=\"2\"><b>&#8220;Stranger than Fiction&#8221; de Marc Forster<\/b><br \/>El director de &#8220;Monster&#8217;s Ball&#8221; y &#8220;Descubriendo nunca jam\u00e1s&#8221; cuenta la historia de un inspector de hacienda que empieza a escuchar una voz femenina que cuenta todo lo que le ocurre. Protagonizada por Will Ferrell, con Dustin Hoffman, Maggie Gyllenhaal, Emma Thompson y Queen Latifah.<\/font><\/p>\n<p align=\"justify\"><font size=\"2\"><br \/>Estreno mundial en el Festival de Toronto.<\/font><\/p>\n<\/td>\n<td><IMG style=\"width: 141px; height: 205px;\" src=\"\/sesioncontinua\/wp-content\/uploads\/sites\/17\" height=\"NaN\" width=\"125\"><\/td>\n<\/tr>\n<\/tbody>\n<\/table>\n<p><\/font><font size=\"2\"><br \/><\/font><\/p>\n<div align=\"justify\"><font size=\"2\">El a\u00f1o pasado en una encuesta similar, las m\u00e1s mencionadas fueron &#8220;Munich&#8221;, &#8220;Memorias de una Geisha&#8221;, &#8220;Los Productores&#8221; y &#8220;Jarhead&#8221;. De todas \u00e9stas, s\u00f3lo &#8220;Munich&#8221; estuvo entre las nominadas a la mejor pel\u00edcula. Casi nadie mencion\u00f3 &#8220;Brokeback Mountain&#8221;, ni &#8220;Buenas noches y buena suerte&#8221; que se presentaron en Venecia, ni &#8220;Capote&#8221; que lo hizo en Toronto. De todas formas, al final el Oscar lo gan\u00f3 &#8220;Crash&#8221; que para estas alturas de a\u00f1o ya se hab\u00eda estrenado en los USA y casi nadie la consideraba con opciones a premio. De hecho, se estren\u00f3 en el Festival de Toronto de 2004 y su distribuidora en lugar de estrenarla a finales de ese a\u00f1o de cara a los premios de ese a\u00f1o, la guard\u00f3 durante meses porque entend\u00eda que no era una pel\u00edcula oscarizable. Pues menos mal.<\/font><\/div>\n<!-- AddThis Advanced Settings generic via filter on the_content --><!-- AddThis Share Buttons generic via filter on the_content -->","protected":false},"excerpt":{"rendered":"<p>A\u00fan faltan 6 meses para que se entreguen. Hasta el 23 de enero de 2007 no se anunciar\u00e1n las nominaciones. Pero el inicio del Festival de Venecia y sobre todo del de Toronto en unos d\u00edas, marcan el arranque de la temporada de estrenos de cara a los Oscars de este a\u00f1o en los Estados [&hellip;]<!-- AddThis Advanced Settings generic via filter on get_the_excerpt --><!-- AddThis Share Buttons generic via filter on get_the_excerpt --><\/p>\n","protected":false},"author":31,"featured_media":0,"comment_status":"open","ping_status":"closed","sticky":false,"template":"","format":"standard","meta":[],"categories":[2],"tags":[4],"_links":{"self":[{"href":"https:\/\/blogs.diariovasco.com\/sesioncontinua\/wp-json\/wp\/v2\/posts\/59"}],"collection":[{"href":"https:\/\/blogs.diariovasco.com\/sesioncontinua\/wp-json\/wp\/v2\/posts"}],"about":[{"href":"https:\/\/blogs.diariovasco.com\/sesioncontinua\/wp-json\/wp\/v2\/types\/post"}],"author":[{"embeddable":true,"href":"https:\/\/blogs.diariovasco.com\/sesioncontinua\/wp-json\/wp\/v2\/users\/31"}],"replies":[{"embeddable":true,"href":"https:\/\/blogs.diariovasco.com\/sesioncontinua\/wp-json\/wp\/v2\/comments?post=59"}],"version-history":[{"count":0,"href":"https:\/\/blogs.diariovasco.com\/sesioncontinua\/wp-json\/wp\/v2\/posts\/59\/revisions"}],"wp:attachment":[{"href":"https:\/\/blogs.diariovasco.com\/sesioncontinua\/wp-json\/wp\/v2\/media?parent=59"}],"wp:term":[{"taxonomy":"category","embeddable":true,"href":"https:\/\/blogs.diariovasco.com\/sesioncontinua\/wp-json\/wp\/v2\/categories?post=59"},{"taxonomy":"post_tag","embeddable":true,"href":"https:\/\/blogs.diariovasco.com\/sesioncontinua\/wp-json\/wp\/v2\/tags?post=59"}],"curies":[{"name":"wp","href":"https:\/\/api.w.org\/{rel}","templated":true}]}}