{"id":60,"date":"2006-08-30T01:17:32","date_gmt":"2006-08-30T01:17:32","guid":{"rendered":"http:\/\/blogs.diariovasco.com\/sesioncontinua\/?p=60"},"modified":"2006-08-30T01:17:32","modified_gmt":"2006-08-30T01:17:32","slug":"festival_de_cine_en_el_antiguo","status":"publish","type":"post","link":"https:\/\/blogs.diariovasco.com\/sesioncontinua\/2006\/08\/30\/festival_de_cine_en_el_antiguo\/","title":{"rendered":"Festival de Cine en el Antiguo"},"content":{"rendered":"<p><P align=justify><IMG hspace=75 src=\"\/sesioncontinua\/wp-content\/uploads\/sites\/17\"><FONT size=2><\/FONT>&nbsp;<\/P><br \/>\n<P align=justify><FONT size=2>Que no, que no&#8230; que no es que el Antiguo haya decidido organizar otro Festival de Cine alternativo. Sino que algunas de las proyecciones de la pr\u00f3xima edici\u00f3n del Zinemaldi de toda la vida, tras el cierre (\u00bfprovisional?) de los cines Warner, van a tener lugar en los cines de Antiguo Berri.<\/FONT><\/P><br \/>\n<P align=justify><FONT size=2>Me temo que decir que los cines de Antiguo Berri van a sustituir a los Warner es mucho decir, sobre todo por la diferencia de aforos entre ambos. La sala m\u00e1s grande del Antiguo tiene menos de 140 butacas y luego hay 3 salas m\u00e1s con alrededor de 100 butacas. En los cines Warner hab\u00eda dos salas para m\u00e1s de 300 espectadores y otras dos m\u00e1s para m\u00e1s de 250. En circunstancias normales, quiz\u00e1 la capacidad de una sala no sea determinante, pero durante el Festival de Cine en el que muchas de las proyecciones de la Secci\u00f3n Oficial y Zabaltegi se llenan con d\u00edas de antelaci\u00f3n, el tama\u00f1o s\u00ed importa.<\/FONT><\/P><br \/>\n<P align=justify><FONT size=2>Por supuesto que se pueden destinar las salas del Antiguo para pel\u00edculas con menos tir\u00f3n popular, como las de las retrospectivas, pero \u00bfd\u00f3nde se proyectar\u00edan entonces las pelis de la Secci\u00f3n Oficial y Zabaltegi? Adem\u00e1s de las dos salas del Kursaal, en el Pr\u00edncipe hay dos salas grandes y el Principal los \u00faltimos a\u00f1os se ha dedicado casi en exclusiva a los pases de prensa y para algunas pelis se queda peque\u00f1o. \u00a1Qu\u00e9 bien le vendr\u00eda este a\u00f1o al Festival que ya estuvieran terminadas las obras del Victoria Eugenia!<BR><\/FONT><\/P><br \/>\n<P align=justify><FONT size=2>Habr\u00e1 que ver c\u00f3mo lo resuelven en esta edici\u00f3n los responsables del Festival.<\/FONT><\/P><br \/>\n<P align=justify><FONT size=2><\/FONT>&nbsp;<\/P><\/p>\n<!-- AddThis Advanced Settings generic via filter on the_content --><!-- AddThis Share Buttons generic via filter on the_content -->","protected":false},"excerpt":{"rendered":"<p>&nbsp; Que no, que no&#8230; que no es que el Antiguo haya decidido organizar otro Festival de Cine alternativo. Sino que algunas de las proyecciones de la pr\u00f3xima edici\u00f3n del Zinemaldi de toda la vida, tras el cierre (\u00bfprovisional?) de los cines Warner, van a tener lugar en los cines de Antiguo Berri. Me temo [&hellip;]<!-- AddThis Advanced Settings generic via filter on get_the_excerpt --><!-- AddThis Share Buttons generic via filter on get_the_excerpt --><\/p>\n","protected":false},"author":31,"featured_media":0,"comment_status":"open","ping_status":"closed","sticky":false,"template":"","format":"standard","meta":[],"categories":[2],"tags":[4],"_links":{"self":[{"href":"https:\/\/blogs.diariovasco.com\/sesioncontinua\/wp-json\/wp\/v2\/posts\/60"}],"collection":[{"href":"https:\/\/blogs.diariovasco.com\/sesioncontinua\/wp-json\/wp\/v2\/posts"}],"about":[{"href":"https:\/\/blogs.diariovasco.com\/sesioncontinua\/wp-json\/wp\/v2\/types\/post"}],"author":[{"embeddable":true,"href":"https:\/\/blogs.diariovasco.com\/sesioncontinua\/wp-json\/wp\/v2\/users\/31"}],"replies":[{"embeddable":true,"href":"https:\/\/blogs.diariovasco.com\/sesioncontinua\/wp-json\/wp\/v2\/comments?post=60"}],"version-history":[{"count":0,"href":"https:\/\/blogs.diariovasco.com\/sesioncontinua\/wp-json\/wp\/v2\/posts\/60\/revisions"}],"wp:attachment":[{"href":"https:\/\/blogs.diariovasco.com\/sesioncontinua\/wp-json\/wp\/v2\/media?parent=60"}],"wp:term":[{"taxonomy":"category","embeddable":true,"href":"https:\/\/blogs.diariovasco.com\/sesioncontinua\/wp-json\/wp\/v2\/categories?post=60"},{"taxonomy":"post_tag","embeddable":true,"href":"https:\/\/blogs.diariovasco.com\/sesioncontinua\/wp-json\/wp\/v2\/tags?post=60"}],"curies":[{"name":"wp","href":"https:\/\/api.w.org\/{rel}","templated":true}]}}