{"id":61,"date":"2006-09-02T13:02:22","date_gmt":"2006-09-02T13:02:22","guid":{"rendered":"http:\/\/blogs.diariovasco.com\/sesioncontinua\/?p=61"},"modified":"2006-09-02T13:02:22","modified_gmt":"2006-09-02T13:02:22","slug":"ique_raro_habla_alatriste","status":"publish","type":"post","link":"https:\/\/blogs.diariovasco.com\/sesioncontinua\/2006\/09\/02\/ique_raro_habla_alatriste\/","title":{"rendered":"\u00a1Qu\u00e9 raro habla Alatriste!"},"content":{"rendered":"<p><IMG hspace=100 src=\"\/sesioncontinua\/wp-content\/uploads\/sites\/17\" align=middle><BR><BR><br \/>\n<DIV align=justify><FONT face=Verdana size=2>Por fin ha llegado. Tras una gran campa\u00f1a publicitaria, llega a las pantallas la pel\u00edcula m\u00e1s cara del cine espa\u00f1ol (tras tanto insistir en este hecho, parece que algunos quieren convertirlo en un atractivo m\u00e1s del film), ya est\u00e1 aqu\u00ed &#8220;Alatriste&#8221;.<\/FONT><\/DIV><br \/>\n<FONT face=Verdana size=2><br \/>\n<DIV align=justify><BR>Antes de nada, os digo que s\u00f3lo he leido el primero de los libros de la serie (si no me anim\u00e9 a seguir con el resto, es porque con uno tuve suficiente dosis de P\u00e9rez-Reverte). As\u00ed que no voy a decir eso tan socorrido de que me gustaron m\u00e1s los libros, o viceversa.<\/DIV><br \/>\n<DIV align=justify><BR>Le peli <B>me gust\u00f3<\/B>. La segu\u00ed con inter\u00e9s, en ning\u00fan momento me aburri\u00f3, casi todo est\u00e1 muy pensado y estudiado y hay escenas brillantemente resueltas. Adem\u00e1s, la <B>ambientaci\u00f3n<\/B> de la \u00e9poca es <B>excelente<\/B> (por fin me creo las escenas rodadas en exteriores en una peli espa\u00f1ola de \u00e9poca) , la <B>fotograf\u00eda<\/B> inspirada en los cuadros de Vel\u00e1zquez <B>soberbia<\/B>, la <B>m\u00fasica<\/B> de Roque Ba\u00f1os <B>espl\u00e9ndida<\/B>. Se merece un buen pu\u00f1ado de Goyas. Aunque con algunos peros importantes.<\/DIV><br \/>\n<DIV align=justify><BR><IMG height=188 src=\"\/sesioncontinua\/wp-content\/uploads\/sites\/17\" width=300 vspace=5><IMG style=\"WIDTH: 300px; HEIGHT: 188px\" height=NaN src=\"\/sesioncontinua\/wp-content\/uploads\/sites\/17\" width=300 vspace=5><BR><\/DIV><br \/>\n<DIV align=justify>&nbsp;<\/DIV><br \/>\n<DIV align=justify>Por un lado, al fusionar <B>5 novelas<\/B> (insisto en que s\u00f3lo he leido la primera) en <B>una sola pel\u00edcula<\/B>, el gui\u00f3n se queda <B>sin hilo conductor<\/B> que haga avanzar la historia y que una todas las subtramas. A menudo, &#8220;Alatriste&#8221; se dispersa y se convierte en una sucesi\u00f3n de episodios cortos muy bien rodados, pero que pierden fuerza en el conjunto del film. Puede funcionar como retrato de la Espa\u00f1a del &#8220;Siglo de Oro&#8221;, pero le falta impulso dram\u00e1tico y narrativo.<\/DIV><br \/>\n<DIV align=justify><BR>Al final me qued\u00f3 una duda, <B>\u00bfcu\u00e1l es el argumento de &#8220;Alatriste&#8221;? <\/B>Pasan muchas cosas, pero \u00bfcu\u00e1l es el n\u00facleo de la peli? Hay un par de historias de amor, hay escenas de guerra, de lucha, hay traiciones, el robo de un barco, muertes, una trama para matar al pr\u00edncipe de Gales, la Inquisici\u00f3n, las galeras, aparece Quevedo, Felipe IV, el Conde Duque de Olivares, una representaci\u00f3n teatral, cuadros de Vel\u00e1zquez, Flandes, Madrid, C\u00e1diz, El Escorial, tabernas, palacios&#8230; \u00bfpero qu\u00e9 es lo que me quiere contar?<BR><BR><IMG height=94 src=\"\/sesioncontinua\/wp-content\/uploads\/sites\/17\" width=150><IMG height=94 src=\"\/sesioncontinua\/wp-content\/uploads\/sites\/17\" width=150><IMG height=94 src=\"\/sesioncontinua\/wp-content\/uploads\/sites\/17\" width=150><IMG height=94 src=\"\/sesioncontinua\/wp-content\/uploads\/sites\/17\" width=150><\/DIV><br \/>\n<\/FONT><br \/>\n<DIV align=justify><FONT face=Verdana size=2><IMG height=94 src=\"\/sesioncontinua\/wp-content\/uploads\/sites\/17\" width=150><IMG height=94 src=\"\/sesioncontinua\/wp-content\/uploads\/sites\/17\" width=150><IMG height=94 src=\"\/sesioncontinua\/wp-content\/uploads\/sites\/17\" width=150><IMG height=94 src=\"\/sesioncontinua\/wp-content\/uploads\/sites\/17\" width=150><BR><BR>Por otro, <B>la voz y el acento<\/B> de Viggo Mortensen. Su interpretaci\u00f3n es buena y eso que me parece que el gui\u00f3n le da poco sobre lo que apoyarse. Pero cada vez que Alatriste abr\u00eda la boca se me hac\u00eda raro. De acuerdo con que el actor tiene una voz muy particular, pero unido a los esfuerzos por disimular su acento argentino, se les hac\u00eda raro a mis o\u00eddos. Quiz\u00e1 si los de Maquillaje, le hubieran puesto una cicatriz a la altura de la garganta habr\u00eda tenido menos problemas con este aspecto (al menos habr\u00eda una justificaci\u00f3n), pero su forma de hablar es muy distinta a la del resto de los personajes y por momentos, me chirr\u00eda.<BR><BR><IMG height=265 hspace=100 src=\"\/sesioncontinua\/wp-content\/uploads\/sites\/17\" width=400><BR><\/DIV><br \/>\n<\/FONT>&nbsp; <FONT face=Verdana size=2><BR><\/FONT><br \/>\n<DIV align=justify><FONT face=Verdana size=2>Y para terminar, echo de menos un poco <B>m\u00e1s de \u00e9pica<\/B>, un poco <B>m\u00e1s de espectacularidad<\/B>. No en las escenas de batallas (a pesar de la presencia de Viggo Mortensen, esto no es &#8220;El Se\u00f1or de los Anillos&#8221; y las batallas son muy realistas), sino en las escenas cotidianas. D\u00edaz-Yanes se luce en gran parte de las escenas \u00edntimas con una puesta en escena brillante, pero cuando saca las c\u00e1maras a los exteriores, agradecer\u00eda unos planos generales que me dijeran c\u00f3mo eran las calles y c\u00f3mo viv\u00eda la gente normal del Madrid del XVII, para situar a los personajes en su contexto. Pero claro, para hacer esto de forma cre\u00edble hac\u00edan falta unos cuantos millones de euros m\u00e1s a\u00fan.<BR><BR>En resumen, una peli que peca de <B>exceso de ambici\u00f3n<\/B> (o de falta de presupuesto) y a la que salva el talento de gran parte del equipo art\u00edstico y t\u00e9cnico.<BR><BR><\/FONT><\/DIV><\/p>\n<!-- AddThis Advanced Settings generic via filter on the_content --><!-- AddThis Share Buttons generic via filter on the_content -->","protected":false},"excerpt":{"rendered":"<p>Por fin ha llegado. Tras una gran campa\u00f1a publicitaria, llega a las pantallas la pel\u00edcula m\u00e1s cara del cine espa\u00f1ol (tras tanto insistir en este hecho, parece que algunos quieren convertirlo en un atractivo m\u00e1s del film), ya est\u00e1 aqu\u00ed &#8220;Alatriste&#8221;. Antes de nada, os digo que s\u00f3lo he leido el primero de los libros [&hellip;]<!-- AddThis Advanced Settings generic via filter on get_the_excerpt --><!-- AddThis Share Buttons generic via filter on get_the_excerpt --><\/p>\n","protected":false},"author":31,"featured_media":0,"comment_status":"open","ping_status":"closed","sticky":false,"template":"","format":"standard","meta":[],"categories":[2],"tags":[4],"_links":{"self":[{"href":"https:\/\/blogs.diariovasco.com\/sesioncontinua\/wp-json\/wp\/v2\/posts\/61"}],"collection":[{"href":"https:\/\/blogs.diariovasco.com\/sesioncontinua\/wp-json\/wp\/v2\/posts"}],"about":[{"href":"https:\/\/blogs.diariovasco.com\/sesioncontinua\/wp-json\/wp\/v2\/types\/post"}],"author":[{"embeddable":true,"href":"https:\/\/blogs.diariovasco.com\/sesioncontinua\/wp-json\/wp\/v2\/users\/31"}],"replies":[{"embeddable":true,"href":"https:\/\/blogs.diariovasco.com\/sesioncontinua\/wp-json\/wp\/v2\/comments?post=61"}],"version-history":[{"count":0,"href":"https:\/\/blogs.diariovasco.com\/sesioncontinua\/wp-json\/wp\/v2\/posts\/61\/revisions"}],"wp:attachment":[{"href":"https:\/\/blogs.diariovasco.com\/sesioncontinua\/wp-json\/wp\/v2\/media?parent=61"}],"wp:term":[{"taxonomy":"category","embeddable":true,"href":"https:\/\/blogs.diariovasco.com\/sesioncontinua\/wp-json\/wp\/v2\/categories?post=61"},{"taxonomy":"post_tag","embeddable":true,"href":"https:\/\/blogs.diariovasco.com\/sesioncontinua\/wp-json\/wp\/v2\/tags?post=61"}],"curies":[{"name":"wp","href":"https:\/\/api.w.org\/{rel}","templated":true}]}}