{"id":62,"date":"2006-09-06T00:13:21","date_gmt":"2006-09-06T00:13:21","guid":{"rendered":"http:\/\/blogs.diariovasco.com\/sesioncontinua\/?p=62"},"modified":"2006-09-06T00:13:21","modified_gmt":"2006-09-06T00:13:21","slug":"cosas_de_la_critica_sesuda","status":"publish","type":"post","link":"https:\/\/blogs.diariovasco.com\/sesioncontinua\/2006\/09\/06\/cosas_de_la_critica_sesuda\/","title":{"rendered":"Cosas de la cr\u00edtica sesuda"},"content":{"rendered":"<p><DIV align=justify><FONT size=2><IMG height=180 hspace=20 src=\"\/sesioncontinua\/wp-content\/uploads\/sites\/17\" width=272 align=left vspace=10><IMG height=180 hspace=20 src=\"\/sesioncontinua\/wp-content\/uploads\/sites\/17\" width=268 vspace=10><\/FONT><\/DIV><br \/>\n<DIV align=justify><FONT size=2><A href=\"http:\/\/canales.diariovasco.com\/ocio\/cine\/festival-cine-donostia-san-sebastian-fipresci.php\"><B>&#8220;Volver&#8221; ha ganado el Gran Premio Fipresci a la mejor pel\u00edcula del a\u00f1o<\/B>,<\/A> de acuerdo con la votaci\u00f3n de m\u00e1s 350 miembros de esta asociaci\u00f3n internacional de cr\u00edticos de cine, que la han destacado entre todas las presentadas en los festivales de cine m\u00e1s importantes del mundo entre agosto de 2005 y julio de 2006. Es el <B>segundo premio para Almod\u00f3var<\/B> ya que &#8220;Todo sobre mi madre&#8221; lo gan\u00f3 en la primera edici\u00f3n en 1999.<BR>&nbsp;<\/FONT><BR><FONT size=2>Me alegro de este premio para &#8220;Volver&#8221; (la peli me gusta mucho), pero ego\u00edstamente habr\u00eda preferido que premiaran otra y as\u00ed ten\u00edamos oportunidad de verla en la programaci\u00f3n del Festival. Porque a estas alturas, el que no la ha visto en Donosti me temo que es porque no quiere.<BR>&nbsp;<BR>El premio lo recoger\u00e1 Agust\u00edn Almod\u00f3var, el productor de la pel\u00edcula, en la inauguraci\u00f3n del pr\u00f3ximo Zinemaldi. Su hermano Pedro esos d\u00edas andar\u00e1 muy ocupado promocionando la pel\u00edcula por los Estados Unidos.<BR><\/FONT><BR><FONT size=2>Lo que me llama la atenci\u00f3n es que &#8220;Volver&#8221; que gan\u00f3 el premio al mejor gui\u00f3n y sus actrices el de interpretaci\u00f3n femenina en el \u00faltimo Festival de Cannes, <B>no gan\u00f3 el premio Fipresci de Cannes<\/B>. Seg\u00fan el jurado compuesto por 11 cr\u00edticos, lo mejor de Cannes fue &#8220;Climates&#8221; del turco Nuri Bilge Ceylan. Pero no es la primera vez qu<\/FONT><FONT size=2>e pasa algo parecido: <B>en los 8 a\u00f1os<\/B> en los que se ha entregado este premio, s\u00f3lo <B>en dos ocasiones<\/B> la <\/FONT><FONT size=2>peli q<\/FONT><FONT size=2>ue gan\u00f3 el Premio Fipresci a la mejor del a\u00f1o, gan\u00f3 el Fipresci del festival en el que se present\u00f3. As\u00ed:<BR><BR><\/DIV><br \/>\n<\/FONT><br \/>\n<DIV align=justify><br \/>\n<UL><br \/>\n    <LI><FONT size=2>En el 2005 el Gran Premio Fipresci fue para <B>&#8220;Hierro 3&#8221; <\/B>de Kim Ki Duk que s\u00ed gan\u00f3 el Premio Fipresci de Venecia de 2004.<\/FONT><br \/>\n    <LI><FONT size=2>En el 2004 el Gran Premio Fipresci fue para <B>&#8220;Notre Musique&#8221; <\/B>de Godard que se present\u00f3 fuera de concurso en Cannes de ese a\u00f1o. El premio Fipresci de Cannes fue para la ganadora de la Palma de Oro, &#8220;Fahrenheit 9\/11&#8221;. <BR><\/FONT><br \/>\n    <LI><FONT size=2>En 2003 <B>&#8220;Lejano&#8221;<\/B> de Nuri Bilge Ceylan que concurs\u00f3 tambi\u00e9n en Cannes, logr\u00f3 el Gran Premio Fipresci, pero el Fipresci de Cannes lo gan\u00f3 &#8220;Father and Son&#8221; de Alexander Sokurov.<\/FONT><br \/>\n    <LI><FONT size=2>En 2002, otra peli presentada en Cannes gan\u00f3 el Gran Premio Fipresci, <B>&#8220;El hombre sin pasado&#8221;<\/B> de Aki Kaurismaki, aunque el Fipresci de Cannes fuera para &#8220;Intervenci\u00f3n Divina&#8221; de Elia Suleiman.<\/FONT><br \/>\n    <LI><FONT size=2>En 2001 vuelve a haber coincidencia y tambi\u00e9n con una peli presentada en Venecia: la iran\u00ed <B>&#8220;El c\u00edrculo&#8221;<\/B> gan\u00f3&nbsp; tanto el Gran Premio Fipresci a la mejor pel\u00edcula del a\u00f1o, como el Premio de Venecia 2000.<\/FONT><br \/>\n    <LI><FONT size=2>En 2000 la mejor pel\u00edcula del a\u00f1o seg\u00fan la Fipresci fue <B>&#8220;Magnolia&#8221;<\/B> de Paul Thomas Anderson que gan\u00f3 el Oso de Oro en Berl\u00edn, pero el Fipresci del festival fue para &#8220;La Chambre des magiciens&#8221; de Claude Miller.<\/FONT><br \/>\n    <LI><FONT size=2>En 1999 el Gran Premio Fipresci fue para <B>&#8220;Todo sobre mi madre&#8221;<\/B> por la que Almod\u00f3var gan\u00f3 el premio al mejor director de Cannes, pero el premio Fipresci de Cannes fue para &#8220;Peau Neuve&#8221; de Emilie Deleuze.<BR><\/FONT><\/LI><br \/>\n<\/UL><br \/>\n<\/DIV><br \/>\n<P><FONT size=2><IMG height=132 src=\"\/sesioncontinua\/wp-content\/uploads\/sites\/17\" width=198><IMG height=132 src=\"\/sesioncontinua\/wp-content\/uploads\/sites\/17\" width=212><IMG height=132 src=\"\/sesioncontinua\/wp-content\/uploads\/sites\/17\" width=198><\/FONT><\/P><br \/>\n<P><FONT size=2><IMG height=138 src=\"\/sesioncontinua\/wp-content\/uploads\/sites\/17\" width=204><IMG height=138 src=\"\/sesioncontinua\/wp-content\/uploads\/sites\/17\" width=199><IMG height=138 src=\"\/sesioncontinua\/wp-content\/uploads\/sites\/17\/Magnolia.JPG\" width=204><BR><\/FONT><BR><FONT size=2>Entiendo que votan personas distintas, por lo que no tienen por qu\u00e9 coincidir las ganadoras, pero tanta diferencia entre lo que eligen unos cr\u00edticos y otros es un poco extra\u00f1o. Pero hay m\u00e1s cosas raras de estos sesudos cr\u00edticos: la ganadora del premio Fipresci de la pasada edici\u00f3n del&nbsp; Zinemadi fue &#8220;Tideland&#8221; de Terry Gilliam y eso s\u00ed que fue raro, raro, raro&#8230; <BR><\/FONT><\/P><\/p>\n<!-- AddThis Advanced Settings generic via filter on the_content --><!-- AddThis Share Buttons generic via filter on the_content -->","protected":false},"excerpt":{"rendered":"<p>&#8220;Volver&#8221; ha ganado el Gran Premio Fipresci a la mejor pel\u00edcula del a\u00f1o, de acuerdo con la votaci\u00f3n de m\u00e1s 350 miembros de esta asociaci\u00f3n internacional de cr\u00edticos de cine, que la han destacado entre todas las presentadas en los festivales de cine m\u00e1s importantes del mundo entre agosto de 2005 y julio de 2006. [&hellip;]<!-- AddThis Advanced Settings generic via filter on get_the_excerpt --><!-- AddThis Share Buttons generic via filter on get_the_excerpt --><\/p>\n","protected":false},"author":31,"featured_media":0,"comment_status":"open","ping_status":"closed","sticky":false,"template":"","format":"standard","meta":[],"categories":[2],"tags":[4],"_links":{"self":[{"href":"https:\/\/blogs.diariovasco.com\/sesioncontinua\/wp-json\/wp\/v2\/posts\/62"}],"collection":[{"href":"https:\/\/blogs.diariovasco.com\/sesioncontinua\/wp-json\/wp\/v2\/posts"}],"about":[{"href":"https:\/\/blogs.diariovasco.com\/sesioncontinua\/wp-json\/wp\/v2\/types\/post"}],"author":[{"embeddable":true,"href":"https:\/\/blogs.diariovasco.com\/sesioncontinua\/wp-json\/wp\/v2\/users\/31"}],"replies":[{"embeddable":true,"href":"https:\/\/blogs.diariovasco.com\/sesioncontinua\/wp-json\/wp\/v2\/comments?post=62"}],"version-history":[{"count":0,"href":"https:\/\/blogs.diariovasco.com\/sesioncontinua\/wp-json\/wp\/v2\/posts\/62\/revisions"}],"wp:attachment":[{"href":"https:\/\/blogs.diariovasco.com\/sesioncontinua\/wp-json\/wp\/v2\/media?parent=62"}],"wp:term":[{"taxonomy":"category","embeddable":true,"href":"https:\/\/blogs.diariovasco.com\/sesioncontinua\/wp-json\/wp\/v2\/categories?post=62"},{"taxonomy":"post_tag","embeddable":true,"href":"https:\/\/blogs.diariovasco.com\/sesioncontinua\/wp-json\/wp\/v2\/tags?post=62"}],"curies":[{"name":"wp","href":"https:\/\/api.w.org\/{rel}","templated":true}]}}