{"id":64,"date":"2006-09-13T19:34:50","date_gmt":"2006-09-13T19:34:50","guid":{"rendered":"http:\/\/blogs.diariovasco.com\/sesioncontinua\/?p=64"},"modified":"2006-09-13T19:34:50","modified_gmt":"2006-09-13T19:34:50","slug":"fotos_de_cine_el_espiritu_de_la_concha","status":"publish","type":"post","link":"https:\/\/blogs.diariovasco.com\/sesioncontinua\/2006\/09\/13\/fotos_de_cine_el_espiritu_de_la_concha\/","title":{"rendered":"Fotos de cine. El esp\u00edritu de La Concha"},"content":{"rendered":"<p><IMG height=342 hspace=25 src=\"\/sesioncontinua\/wp-content\/uploads\/sites\/17\" width=500><BR><BR><br \/>\n<DIV align=justify><FONT size=2>Hace unos d\u00edas <A href=\"http:\/\/canales.diariovasco.com\/ocio\/cine\/festival-cine-donostia-san-sebastian-exposicion.php\">se inaugur\u00f3 en la Fnac la exposici\u00f3n <B>&#8220;El esp\u00edritu de La Concha&#8221;<\/B><\/A>, en la que se puede ver una selecci\u00f3n de las mejores im\u00e1genes del Zinemaldi <B>desde 1954 hasta 1998<\/B>. Son <B>40 fotograf\u00edas<\/B> que recogen algunas de las visitas m\u00e1s destacadas del Festival de Cine a lo largo de esos a\u00f1os. Limit\u00e1ndome a las estrellas mundiales, ah\u00ed est\u00e1n Bette Davis, Alfred Hitchcock, Audrey Hepburn, Elizabeth Taylor, Kirk Douglas, Orson Welles,&nbsp;Sydney&nbsp; Poitier, Gina Lollobrigida, Deborah Kerr, Lana Turner, Lauren Bacall, Al Pacino, Johnny Depp&#8230; <\/FONT><\/DIV><br \/>\n<DIV align=justify><FONT size=2><\/FONT>&nbsp;<\/DIV><br \/>\n<DIV align=justify><FONT size=2>Una lista impresionante, y eso que <STRONG>son todos los que est\u00e1n, pero no est\u00e1n todos los que son,<\/STRONG> faltan algunos nombres ilustres que anduvieron por aqu\u00ed.&nbsp;Pero resumir 44 a\u00f1os de historia festivalera en 40 fotograf\u00edas es una misi\u00f3n casi tan imposible como las que protagoniza(ba) Tom Cruise.<BR><BR>A pesar de que la mayor\u00eda de ellas ya est\u00e1n recogidas en el libro &#8220;50 a\u00f1os de rodaje&#8221; de Diego Gal\u00e1n publicado con motivo de la 50 edici\u00f3n y de que muchas las pudimos ver en la exposici\u00f3n que organiz\u00f3 el propio Zinemaldi para conmemorar este mismo aniversario,&nbsp;sigue siendo un placer volver a verlas.<BR><BR>Al salir de la exposici\u00f3n me preguntaba si alguna de las visitas previstas para este a\u00f1o tendr\u00eda sitio en una exposici\u00f3n similar que se hiciera de aqu\u00ed a unos a\u00f1os. Y la verdad es que o hay sorpresas agradables o va a ser complicado. En una edici\u00f3n en la que se presentan en la Secci\u00f3n Oficial y Zabaltegi pel\u00edculas protagonizadas por Meryl Streep, Ed Harris, John Travolta, Brad Pitt,&nbsp;Julianne Moore, Michael Caine, Cate Blanchett, Salma Hayek, Gael Garc\u00eda Bernal o Laura Dern tener que conformarme con los anunciados Steve Buscemi, Clive Owen, Nathalie Baye, Diane Kruger, Kate Beckinsale, Adam Sandler, Oliver Stone, Alfonso Cuar\u00f3n, Alejandro Gonz\u00e1lez-I\u00f1arritu&nbsp;o el televisivo David Hasselhoff&nbsp; famoso por sus aventuras al volante del met\u00e1lico K.I.T.T. o al lado de la neum\u00e1tica Pamela Anderson me sabe a poco.<BR><BR><\/DIV><br \/>\n<\/FONT><\/p>\n<!-- AddThis Advanced Settings generic via filter on the_content --><!-- AddThis Share Buttons generic via filter on the_content -->","protected":false},"excerpt":{"rendered":"<p>Hace unos d\u00edas se inaugur\u00f3 en la Fnac la exposici\u00f3n &#8220;El esp\u00edritu de La Concha&#8221;, en la que se puede ver una selecci\u00f3n de las mejores im\u00e1genes del Zinemaldi desde 1954 hasta 1998. Son 40 fotograf\u00edas que recogen algunas de las visitas m\u00e1s destacadas del Festival de Cine a lo largo de esos a\u00f1os. Limit\u00e1ndome [&hellip;]<!-- AddThis Advanced Settings generic via filter on get_the_excerpt --><!-- AddThis Share Buttons generic via filter on get_the_excerpt --><\/p>\n","protected":false},"author":31,"featured_media":0,"comment_status":"open","ping_status":"closed","sticky":false,"template":"","format":"standard","meta":[],"categories":[2],"tags":[4],"_links":{"self":[{"href":"https:\/\/blogs.diariovasco.com\/sesioncontinua\/wp-json\/wp\/v2\/posts\/64"}],"collection":[{"href":"https:\/\/blogs.diariovasco.com\/sesioncontinua\/wp-json\/wp\/v2\/posts"}],"about":[{"href":"https:\/\/blogs.diariovasco.com\/sesioncontinua\/wp-json\/wp\/v2\/types\/post"}],"author":[{"embeddable":true,"href":"https:\/\/blogs.diariovasco.com\/sesioncontinua\/wp-json\/wp\/v2\/users\/31"}],"replies":[{"embeddable":true,"href":"https:\/\/blogs.diariovasco.com\/sesioncontinua\/wp-json\/wp\/v2\/comments?post=64"}],"version-history":[{"count":0,"href":"https:\/\/blogs.diariovasco.com\/sesioncontinua\/wp-json\/wp\/v2\/posts\/64\/revisions"}],"wp:attachment":[{"href":"https:\/\/blogs.diariovasco.com\/sesioncontinua\/wp-json\/wp\/v2\/media?parent=64"}],"wp:term":[{"taxonomy":"category","embeddable":true,"href":"https:\/\/blogs.diariovasco.com\/sesioncontinua\/wp-json\/wp\/v2\/categories?post=64"},{"taxonomy":"post_tag","embeddable":true,"href":"https:\/\/blogs.diariovasco.com\/sesioncontinua\/wp-json\/wp\/v2\/tags?post=64"}],"curies":[{"name":"wp","href":"https:\/\/api.w.org\/{rel}","templated":true}]}}