{"id":66,"date":"2006-09-15T23:55:28","date_gmt":"2006-09-15T23:55:28","guid":{"rendered":"http:\/\/blogs.diariovasco.com\/sesioncontinua\/?p=66"},"modified":"2006-09-15T23:55:28","modified_gmt":"2006-09-15T23:55:28","slug":"la_tercera_es_salvador","status":"publish","type":"post","link":"https:\/\/blogs.diariovasco.com\/sesioncontinua\/2006\/09\/15\/la_tercera_es_salvador\/","title":{"rendered":"La tercera es &#8220;Salvador&#8221;"},"content":{"rendered":"<p><IMG src=\"\/sesioncontinua\/wp-content\/uploads\/sites\/17\" height=\"173\" hspace=\"10\" vspace=\"10\" width=\"260\"><IMG src=\"\/sesioncontinua\/wp-content\/uploads\/sites\/17\" height=\"173\" hspace=\"10\" vspace=\"10\" width=\"260\"><\/p>\n<div align=\"justify\"><font size=\"2\">La Academia de las Artes y las Ciencias Cinematogr\u00e1ficas de Espa\u00f1a (la que todos los a\u00f1os logra aburrirnos con la ceremonia de entrega de los Goyas) ha dado a conocer <a href=\"http:\/\/www.diariovasco.com\/pg060915\/actualidad\/cultura\/200609\/15\/peliculas-oscar.html\" rel=\"external nofollow\"><b>las tres pel\u00edculas preseleccionadas<\/b> para representar a Espa\u00f1a<\/a> en la categor\u00eda de mejor Pel\u00edcula de habla no inglesa en la pr\u00f3xima edici\u00f3n de los <b>Oscars <\/b>que se&nbsp; entregar\u00e1n el 25 de febrero de 2007.<\/p>\n<p>Independientemente de sus calidades cinematogr\u00e1ficas, lo de <b><a href=\"http:\/\/diariovasco.hoycinema.com\/Volver-2006.htm\" rel=\"external nofollow\">&#8220;Volver&#8221;<\/a><\/b> y <b><a href=\"http:\/\/diariovasco.hoycinema.com\/Alatriste-2006.htm\" rel=\"external nofollow\">&#8220;Alatriste&#8221;<\/a><\/b> estaba cantado, pero hab\u00eda dudas con la tercera. Algunos se inclinaban por <a href=\"http:\/\/diariovasco.hoycinema.com\/AzulOscuroCasiNegro-2006.htm\" rel=\"external nofollow\">&#8220;Azuloscurocasinegro&#8221;<\/a> (no habr\u00eda estado mal), otros por <a href=\"http:\/\/diariovasco.hoycinema.com\/franco-catorce-pesetas-2006.htm\" rel=\"external nofollow\">&#8220;Un franco, 14 pesetas&#8221;<\/a> (menos mal que no), tambi\u00e9n podr\u00eda haber sido <a href=\"http:\/\/diariovasco.hoycinema.com\/noche-los-girasoles-2005.htm\" rel=\"external nofollow\">&#8220;La noche de los girasoles&#8221;<\/a>, pero finalmente <b><a href=\"http:\/\/diariovasco.hoycinema.com\/Salvador-2006.htm\" rel=\"external nofollow\">&#8220;Salvador&#8221;<\/a><\/b> ha sido la elegida, que casualmente ha llegado a las salas comerciales el mismo d\u00eda del anuncio, aunque se estren\u00f3 el mes de mayo en el pasado Festival de Cannes.<\/p>\n<p>&#8220;Salvador&#8221; es una buena pel\u00edcula, de <b>excelente factura t\u00e9cnica<\/b>, <b>muy buenas actuaciones <\/b>(especialmente Daniel Br\u00fchl y Leonor Watling), con una <b>gran carga emotiva<\/b> dado el dramatismo de los hechos reales que cuenta y con una <b>impactante puesta en escena<\/b>. A m\u00ed me sobr\u00f3 alguno de los cap\u00edtulos y me falt\u00f3 alg\u00fan otro (no especifico m\u00e1s que no quiero destripar la peli a nadie) y hay algunas reacciones de los personajes que a lo mejor fueron as\u00ed en la realidad, pero en la peli no me las creo. Y es que en el cine no importa que algo sea verdad, sino que sea veros\u00edmil. A veces nos creemos a hombres voladores o a dinosaurios depredadores, pero no podemos con una simple frase dicha por uno de los protagonistas.<\/p>\n<p>Todos sabemos que algo muy extra\u00f1o deber\u00eda volver a pasar en la Academia para que finalmente <b>&#8220;Volver&#8221;<\/b> y Almod\u00f3var no fueran los representantes espa\u00f1oles de cara a los Oscars. De hecho de momento es la <b>gran favorita<\/b> para llevarse el Oscar. Pero esto de las tres pel\u00edculas preseleccionadas es un as que se sac\u00f3 de la manga la Academia para promocionar m\u00e1s pel\u00edculas espa\u00f1olas. Y si sirve para que alguien se anime a ver buen cine espa\u00f1ol, no est\u00e1 mal.<\/p>\n<p>La elegida se&nbsp;dar\u00e1&nbsp;a conocer&nbsp;el d\u00eda 28 de septiembre y las nominaciones a los Oscars se har\u00e1n p\u00fablicas el 23 de enero de 2007.<\/p>\n<p><\/font><\/div>\n<!-- AddThis Advanced Settings generic via filter on the_content --><!-- AddThis Share Buttons generic via filter on the_content -->","protected":false},"excerpt":{"rendered":"<p>La Academia de las Artes y las Ciencias Cinematogr\u00e1ficas de Espa\u00f1a (la que todos los a\u00f1os logra aburrirnos con la ceremonia de entrega de los Goyas) ha dado a conocer las tres pel\u00edculas preseleccionadas para representar a Espa\u00f1a en la categor\u00eda de mejor Pel\u00edcula de habla no inglesa en la pr\u00f3xima edici\u00f3n de los Oscars [&hellip;]<!-- AddThis Advanced Settings generic via filter on get_the_excerpt --><!-- AddThis Share Buttons generic via filter on get_the_excerpt --><\/p>\n","protected":false},"author":31,"featured_media":0,"comment_status":"open","ping_status":"closed","sticky":false,"template":"","format":"standard","meta":[],"categories":[2],"tags":[4],"_links":{"self":[{"href":"https:\/\/blogs.diariovasco.com\/sesioncontinua\/wp-json\/wp\/v2\/posts\/66"}],"collection":[{"href":"https:\/\/blogs.diariovasco.com\/sesioncontinua\/wp-json\/wp\/v2\/posts"}],"about":[{"href":"https:\/\/blogs.diariovasco.com\/sesioncontinua\/wp-json\/wp\/v2\/types\/post"}],"author":[{"embeddable":true,"href":"https:\/\/blogs.diariovasco.com\/sesioncontinua\/wp-json\/wp\/v2\/users\/31"}],"replies":[{"embeddable":true,"href":"https:\/\/blogs.diariovasco.com\/sesioncontinua\/wp-json\/wp\/v2\/comments?post=66"}],"version-history":[{"count":0,"href":"https:\/\/blogs.diariovasco.com\/sesioncontinua\/wp-json\/wp\/v2\/posts\/66\/revisions"}],"wp:attachment":[{"href":"https:\/\/blogs.diariovasco.com\/sesioncontinua\/wp-json\/wp\/v2\/media?parent=66"}],"wp:term":[{"taxonomy":"category","embeddable":true,"href":"https:\/\/blogs.diariovasco.com\/sesioncontinua\/wp-json\/wp\/v2\/categories?post=66"},{"taxonomy":"post_tag","embeddable":true,"href":"https:\/\/blogs.diariovasco.com\/sesioncontinua\/wp-json\/wp\/v2\/tags?post=66"}],"curies":[{"name":"wp","href":"https:\/\/api.w.org\/{rel}","templated":true}]}}