{"id":67,"date":"2006-09-19T00:05:36","date_gmt":"2006-09-19T00:05:36","guid":{"rendered":"http:\/\/blogs.diariovasco.com\/sesioncontinua\/?p=67"},"modified":"2006-09-19T00:05:36","modified_gmt":"2006-09-19T00:05:36","slug":"entradas_agotadas_aun_hay_esperanza","status":"publish","type":"post","link":"https:\/\/blogs.diariovasco.com\/sesioncontinua\/2006\/09\/19\/entradas_agotadas_aun_hay_esperanza\/","title":{"rendered":"Entradas agotadas. A\u00fan hay esperanza"},"content":{"rendered":"<p><P align=justify><FONT size=2><\/FONT>&nbsp;<IMG height=92 src=\"\/sesioncontinua\/wp-content\/uploads\/sites\/17\" width=552 align=middle><\/P><br \/>\n<P align=justify><FONT size=2>Nuevamente a los donostiarras en <B>septiembre<\/B> nos ha dado por la <B>cinefilia<\/B>. El <B>resto del&nbsp;a\u00f1o<\/B> si hay suerte las pelis en <B>versi\u00f3n original<\/B>&nbsp;se proyectan en <B>minisalas<\/B> y rara vez duran&nbsp;m\u00e1s de dos semanas en cartel, casi todo el cine que <B>no<\/B> nos viene de <B>Hollywood <\/B>es una cosa ex\u00f3tica que <B>no nos atrevemos a probar<\/B>, los \u00faltimos a\u00f1os la bajada de espectadores ha provocado&nbsp;el <B>cierre&nbsp;de&nbsp;m\u00e1s de 15 salas<\/B>&#8230; pero con ocasi\u00f3n del <B>Festival de Cine,<\/B> nos da una extra\u00f1a enfermedad y estamos dispuestos a tragarnos <B>horas de cola<\/B> para sacar entradas y&nbsp;otras tantas <B>horas de cola<\/B> para entrar a la sala a ver una pel\u00edcula brasile\u00f1a, argentina, islandesa, china o francesa&nbsp;sobre la que no tenemos ninguna referencia y que me encantar\u00eda saber si ir\u00edamos a ver si se estrenase en salas comerciales.<\/FONT><\/P><br \/>\n<P align=justify><FONT size=2>El hecho es que una vez m\u00e1s, en menos de 24 horas se han vendido todas las entradas de venta anticipada de gran n\u00famero de&nbsp;sesiones del Zinemaldi. <B>\u00bfD\u00f3nde se esconde esa curiosidad e inquietud cin\u00e9fila durante los otros 355 d\u00edas del a\u00f1o?<\/B> Porque no nos enga\u00f1emos, fuera del Festival es mucho m\u00e1s sencillo y c\u00f3modo poder ver la peli que uno quiere. Si est\u00e1 en cartel, claro.<BR><\/FONT><\/P><br \/>\n<P align=justify><FONT size=2>En algunos casos es l\u00f3gico que se agoten las entradas: unas pocas pel\u00edculas como entre otras <\/FONT><FONT size=2><B>&#8220;Babel&#8221;, &#8220;Miss Little Sunshine&#8221;, &#8220;El camino de San Diego&#8221;, &#8220;Children of men&#8221;, &#8220;Paris je t&#8217;aime&#8221; <\/B>o <B>&#8220;The Tiger&#8217;s Tail&#8221;<\/B> <\/FONT><FONT size=2>vienen <B>precedidas por el \u00e9xito<\/B> en su presentaci\u00f3n en otros festivales o son de actores o directores reconocidos. Con otras como <B>&#8220;Bosque de sombras&#8221;, &#8220;N\u00f6madak TX&#8221; o &#8220;Kutsidazu bidea, Ixabel&#8221;<\/B> nos da por <B>lo local<\/B> y tambi\u00e9n se agotan las entradas de algunos pases.<\/FONT><\/P><br \/>\n<P align=justify><FONT size=2>Pero tambi\u00e9n nos ponemos de acuerdo un mont\u00f3n de gente para comprar entradas para <B>&#8220;Fairplay&#8221;, &#8220;Cashback&#8221;, &#8220;Proibido proibir&#8221; o &#8220;Ji quan bu ning&#8221; <\/B>(\u00a1\u00a1una china!!), sobre las que&nbsp;apenas tenemos referencias y nos fiamos del comentario del folleto y nuestro <B>instinto cin\u00e9filo<\/B> para decidir que queremos verlas y tambi\u00e9n agotamos todas las localidades puestas a la venta.<\/FONT><\/P><br \/>\n<P align=justify><FONT size=2>Tras darle unas cuantas vueltas al programa y a los horarios, yo ya hice<B> mi planificaci\u00f3n para este Zinemaldi<\/B>. Es complicado encajar m\u00e1s de 50 pelis en 10 d\u00edas, ya que adem\u00e1s hay que dormir (a ser posible no en las salas),&nbsp;comer (esto s\u00ed que no en las salas) y cumplir con el resto de necesidades y obligaciones humanas (dif\u00edcil hacerlo en las salas).<\/FONT><\/P><br \/>\n<P align=justify><FONT size=2>Os invito a que desde ahora mismo, si encontr\u00e1is un hueco y os apetece, <B>os pas\u00e9is por este blog<\/B> y podamos <B>comentar<\/B> lo que vemos, lo que nos gusta, lo que echamos de menos&nbsp;y en general lo que nos parece todo lo que rodea al Festival.<\/FONT><\/P><br \/>\n<P align=justify><FONT size=2>\u00a1Ah! A los que se hayan quedado a falta de alguna entrada, les queda una \u00faltima esperanza: el mismo d\u00eda de la sesi\u00f3n por la ma\u00f1ana se ponen a la venta&nbsp;unas pocas localidades.<\/FONT><\/P><\/p>\n<!-- AddThis Advanced Settings generic via filter on the_content --><!-- AddThis Share Buttons generic via filter on the_content -->","protected":false},"excerpt":{"rendered":"<p>&nbsp; Nuevamente a los donostiarras en septiembre nos ha dado por la cinefilia. El resto del&nbsp;a\u00f1o si hay suerte las pelis en versi\u00f3n original&nbsp;se proyectan en minisalas y rara vez duran&nbsp;m\u00e1s de dos semanas en cartel, casi todo el cine que no nos viene de Hollywood es una cosa ex\u00f3tica que no nos atrevemos a [&hellip;]<!-- AddThis Advanced Settings generic via filter on get_the_excerpt --><!-- AddThis Share Buttons generic via filter on get_the_excerpt --><\/p>\n","protected":false},"author":31,"featured_media":0,"comment_status":"open","ping_status":"closed","sticky":false,"template":"","format":"standard","meta":[],"categories":[2],"tags":[4],"_links":{"self":[{"href":"https:\/\/blogs.diariovasco.com\/sesioncontinua\/wp-json\/wp\/v2\/posts\/67"}],"collection":[{"href":"https:\/\/blogs.diariovasco.com\/sesioncontinua\/wp-json\/wp\/v2\/posts"}],"about":[{"href":"https:\/\/blogs.diariovasco.com\/sesioncontinua\/wp-json\/wp\/v2\/types\/post"}],"author":[{"embeddable":true,"href":"https:\/\/blogs.diariovasco.com\/sesioncontinua\/wp-json\/wp\/v2\/users\/31"}],"replies":[{"embeddable":true,"href":"https:\/\/blogs.diariovasco.com\/sesioncontinua\/wp-json\/wp\/v2\/comments?post=67"}],"version-history":[{"count":0,"href":"https:\/\/blogs.diariovasco.com\/sesioncontinua\/wp-json\/wp\/v2\/posts\/67\/revisions"}],"wp:attachment":[{"href":"https:\/\/blogs.diariovasco.com\/sesioncontinua\/wp-json\/wp\/v2\/media?parent=67"}],"wp:term":[{"taxonomy":"category","embeddable":true,"href":"https:\/\/blogs.diariovasco.com\/sesioncontinua\/wp-json\/wp\/v2\/categories?post=67"},{"taxonomy":"post_tag","embeddable":true,"href":"https:\/\/blogs.diariovasco.com\/sesioncontinua\/wp-json\/wp\/v2\/tags?post=67"}],"curies":[{"name":"wp","href":"https:\/\/api.w.org\/{rel}","templated":true}]}}