{"id":68,"date":"2006-09-21T14:54:53","date_gmt":"2006-09-21T14:54:53","guid":{"rendered":"http:\/\/blogs.diariovasco.com\/sesioncontinua\/?p=68"},"modified":"2006-09-21T14:54:53","modified_gmt":"2006-09-21T14:54:53","slug":"festival_06_1o_entrega","status":"publish","type":"post","link":"https:\/\/blogs.diariovasco.com\/sesioncontinua\/2006\/09\/21\/festival_06_1o_entrega\/","title":{"rendered":"Festi&#039;06. 1\u00aa entrega: Mal arranque"},"content":{"rendered":"<p><IMG height=92 src=\"\/sesioncontinua\/wp-content\/uploads\/sites\/17\" width=552 vspace=10><BR><br \/>\n<DIV align=justify><FONT size=2>Ya est\u00e1 aqu\u00ed. Ya lleg\u00f3. No me refiero al &#8220;hurac\u00e1n&#8221; meteorol\u00f3gico previsto, que esperemos que no se lleve por delante los dos carteles gigantes que cubren ambos cubos del Kursaal, sino el Zinemaldi. Y esta ma\u00f1ana hemos podido ver la pel\u00edcula de inauguraci\u00f3n, <B>&#8220;Ghosts&#8221;<\/B> del hasta ahora documentalista brit\u00e1nico Nick Broomfield.<BR><BR><\/FONT><\/DIV><br \/>\n<DIV align=justify><FONT size=2>En una edici\u00f3n en la que el Festival dedica un ciclo a la emigraci\u00f3n y con los informativos habl\u00e1ndonos continuamente de lo que est\u00e1 ocurriendo los \u00faltimos meses en las Canarias o en las costas andaluzas es innegable que por su tem\u00e1tica, la dura vida de una inmigrante ilegal china en Gran Breta\u00f1a, &#8220;Ghosts&#8221; pod\u00eda haber sido una adecuada elecci\u00f3n para la inauguraci\u00f3n de este edici\u00f3n.<BR><\/FONT><\/DIV><br \/>\n<FONT size=2><IMG height=172 hspace=10 src=\"\/sesioncontinua\/wp-content\/uploads\/sites\/17\" width=251 vspace=10><IMG height=172 hspace=10 src=\"\/sesioncontinua\/wp-content\/uploads\/sites\/17\" width=251 vspace=10><BR><\/FONT><br \/>\n<DIV align=justify><FONT size=2>El problema son sus <B>escasos m\u00e9ritos cinematogr\u00e1ficos<\/B>: todo lo que ocurre es demasiado previsible y t\u00f3pico, el gui\u00f3n de una simpleza y&nbsp; obviedad casi ofensiva (ese momento cebolletas), los personajes esquem\u00e1ticos y todo aderezado con unos innecesarios toques de sentimentalismo de telefilm y simbolog\u00eda de tercera (ese momento &#8220;over the rainbow&#8221;).<BR><BR>Las <B>buenas intenciones<\/B> de &#8220;Ghosts&#8221; son evidentes, pero no logra provocar la rabia, la indignaci\u00f3n, la emoci\u00f3n o la concienciaci\u00f3n ante la tragedia que cuenta. Despu\u00e9s de verla, me da la impresi\u00f3n de que no s\u00e9 m\u00e1s sobre la inmigraci\u00f3n ilegal que antes de verla.<BR><BR><\/FONT><\/DIV><br \/>\n<DIV align=justify><FONT size=2>Adem\u00e1s, al final tienen el &#8220;feo&#8221; detalle de pedirnos dinero para&nbsp; ayudar a los afectados por la desgracia que cuenta la pel\u00edcula. En mi caso, desde luego si lo hago, no va a ser por la pel\u00edcula.<\/FONT><BR><\/DIV><br \/>\n<FONT size=2><BR><\/FONT><br \/>\n<DIV align=justify><FONT size=2>Espero quitarme el mal sabor de boca con &#8220;Babel&#8221; la nueva colaboraci\u00f3n entre Guillermo Arriaga y Alejandro Gonz\u00e1lez I\u00f1\u00e1rritu que ya triunf\u00f3 en Cannes y que inaugura Zabaltegi.<\/FONT><BR><\/DIV><br \/>\n<FONT size=2><br \/>\n<P><BR>Nos leemos.<\/P><br \/>\n<P><A href=\"http:\/\/www.diariovasco.com\/pg060921\/actualidad\/cultura\/200609\/21\/festival-cine-donostia-zinemaldia.html\">M\u00e1s informaci\u00f3n sobre el Zinemaldi.<\/A><BR><\/FONT><BR><\/P><\/p>\n<!-- AddThis Advanced Settings generic via filter on the_content --><!-- AddThis Share Buttons generic via filter on the_content -->","protected":false},"excerpt":{"rendered":"<p>Ya est\u00e1 aqu\u00ed. Ya lleg\u00f3. No me refiero al &#8220;hurac\u00e1n&#8221; meteorol\u00f3gico previsto, que esperemos que no se lleve por delante los dos carteles gigantes que cubren ambos cubos del Kursaal, sino el Zinemaldi. Y esta ma\u00f1ana hemos podido ver la pel\u00edcula de inauguraci\u00f3n, &#8220;Ghosts&#8221; del hasta ahora documentalista brit\u00e1nico Nick Broomfield. En una edici\u00f3n en [&hellip;]<!-- AddThis Advanced Settings generic via filter on get_the_excerpt --><!-- AddThis Share Buttons generic via filter on get_the_excerpt --><\/p>\n","protected":false},"author":31,"featured_media":0,"comment_status":"open","ping_status":"closed","sticky":false,"template":"","format":"standard","meta":[],"categories":[2],"tags":[4],"_links":{"self":[{"href":"https:\/\/blogs.diariovasco.com\/sesioncontinua\/wp-json\/wp\/v2\/posts\/68"}],"collection":[{"href":"https:\/\/blogs.diariovasco.com\/sesioncontinua\/wp-json\/wp\/v2\/posts"}],"about":[{"href":"https:\/\/blogs.diariovasco.com\/sesioncontinua\/wp-json\/wp\/v2\/types\/post"}],"author":[{"embeddable":true,"href":"https:\/\/blogs.diariovasco.com\/sesioncontinua\/wp-json\/wp\/v2\/users\/31"}],"replies":[{"embeddable":true,"href":"https:\/\/blogs.diariovasco.com\/sesioncontinua\/wp-json\/wp\/v2\/comments?post=68"}],"version-history":[{"count":0,"href":"https:\/\/blogs.diariovasco.com\/sesioncontinua\/wp-json\/wp\/v2\/posts\/68\/revisions"}],"wp:attachment":[{"href":"https:\/\/blogs.diariovasco.com\/sesioncontinua\/wp-json\/wp\/v2\/media?parent=68"}],"wp:term":[{"taxonomy":"category","embeddable":true,"href":"https:\/\/blogs.diariovasco.com\/sesioncontinua\/wp-json\/wp\/v2\/categories?post=68"},{"taxonomy":"post_tag","embeddable":true,"href":"https:\/\/blogs.diariovasco.com\/sesioncontinua\/wp-json\/wp\/v2\/tags?post=68"}],"curies":[{"name":"wp","href":"https:\/\/api.w.org\/{rel}","templated":true}]}}