{"id":74,"date":"2006-09-26T23:52:20","date_gmt":"2006-09-26T23:52:20","guid":{"rendered":"http:\/\/blogs.diariovasco.com\/sesioncontinua\/?p=74"},"modified":"2006-09-26T23:52:20","modified_gmt":"2006-09-26T23:52:20","slug":"festi_06_6o_sube_el_nivel_de_la_seccion","status":"publish","type":"post","link":"https:\/\/blogs.diariovasco.com\/sesioncontinua\/2006\/09\/26\/festi_06_6o_sube_el_nivel_de_la_seccion\/","title":{"rendered":"Festi&#039;06, 6\u00aa. Sube el nivel de la Secci\u00f3n Oficial"},"content":{"rendered":"<p><DIV align=justify><FONT size=2>Ya s\u00e9 que David Hasselhoff anda por Donosti y confieso que en mi infancia era un gran fan de &#8220;El coche fant\u00e1stico&#8221; (de todas formas, \u00bfno nos ca\u00eda mejor K.I.T.T. que Michael Knight?), pero a pesar de eso soy uno de esos &#8220;bichos raros&#8221; que prefiere dedicarse a ver pelis en el Festival, as\u00ed que os cuento.<BR><BR>Los \u00faltimos a\u00f1os el Festival tiene la sana costumbre de adelantar la presentaci\u00f3n para la prensa de una de las pelis de la Secci\u00f3n Oficial, la&nbsp; que tiene el pase en el Kursaal a las 9:00, a la v\u00edspera por la tarde permitiendo a los acreditados unos minutos m\u00e1s de sue\u00f1o. Ayer 10 minutos antes de la hora prevista para el inicio de esta proyecci\u00f3n exclusiva para la prensa en el Principal de <B>&#8220;Delirious&#8221;<\/B>, ya no dejaban entrar a la sala porque no hab\u00eda ni un asiento libre. Recuerdo que esto pas\u00f3 el a\u00f1o pasado con &#8220;Matchpoint&#8221;, pero no me esperaba ese poder de convocatoria por parte de Tom Dicillo. Como habr\u00e9is deducido yo soy uno de los que se qued\u00f3 con las ganas, as\u00ed que hoy ha tocado madrug\u00f3n y sesi\u00f3n de las 9:00 para poder verla. (Si no me tocaba ir a ver otra a las 9:30 as\u00ed que la diferencia tampoco es tan grande).<BR><BR><\/FONT><\/DIV><br \/>\n<DIV align=justify><FONT size=2>Y a pesar de la hora, he echado unas risas. &#8220;Delirious&#8221; es una comedia&nbsp; muy divertida protagonizada por Steve Buscemi y Michael Pitt (\u00bfConcha para alguno de los dos?) que da mucha ca\u00f1a a los paparazzi y al mundillo de la fama. Es de esas pelis que uno no se espera en un Festival de Cine, pero que sin embargo, se agradece una cosa ligerita para poder reirse uno a gusto, sin m\u00e1s complicaciones.<BR><IMG height=154 hspace=10 src=\"\/sesioncontinua\/wp-content\/uploads\/sites\/17\" width=225 vspace=10><IMG height=154 hspace=10 src=\"\/sesioncontinua\/wp-content\/uploads\/sites\/17\" width=225 vspace=10><BR><B>&#8220;Lo que s\u00e9 de Lola&#8221; <\/B>es precisamente lo contrario. La pel\u00edcula de Javier Rebollo interpretada por Micha\u00ebl Abiteboul, Lola Due\u00f1as y Carmen (Aida) Machi, los tres magn\u00edficos, es de \u00e9sas que com\u00fanmente se dice &#8220;de festival&#8221;: ritmo cadencioso d\u00e1ndole su tiempo a cada plano, casi ausencia de di\u00e1logo, personajes anodinos, historia intimista&#8230; Ha sido recibida con bastante frialdad, pero esta \u00f3pera prima con toques, salvando las distancias, de &#8220;Taxi Driver&#8221;, de &#8220;Whisky&#8221; y de &#8220;Hable con ella&#8221;, a m\u00ed me ha parecido de lo mejorcito que hemos visto hasta ahora en la Secci\u00f3n Oficial.<\/FONT><\/DIV><br \/>\n<DIV align=justify>&nbsp;<\/DIV><br \/>\n<DIV align=justify><FONT size=2>Y aunque&nbsp;ya no queden pases pendientes en el Zinemaldi, os recomiendo una para cuando se estrene comercialmente: <STRONG>&#8220;M\u00e1s all\u00e1 del espejo<\/STRONG>&#8220;, el documental sobre&nbsp;enfermedades mentales de Joaqu\u00edn Jord\u00e1. Me ha parecido una de las grandes pel\u00edculas de esta edici\u00f3n, la historia de superaci\u00f3n personal que cuenta me contagi\u00f3 un &#8220;buen rollito&#8221; que creo que todav\u00eda me dura.<\/FONT><\/DIV><\/p>\n<!-- AddThis Advanced Settings generic via filter on the_content --><!-- AddThis Share Buttons generic via filter on the_content -->","protected":false},"excerpt":{"rendered":"<p>Ya s\u00e9 que David Hasselhoff anda por Donosti y confieso que en mi infancia era un gran fan de &#8220;El coche fant\u00e1stico&#8221; (de todas formas, \u00bfno nos ca\u00eda mejor K.I.T.T. que Michael Knight?), pero a pesar de eso soy uno de esos &#8220;bichos raros&#8221; que prefiere dedicarse a ver pelis en el Festival, as\u00ed que [&hellip;]<!-- AddThis Advanced Settings generic via filter on get_the_excerpt --><!-- AddThis Share Buttons generic via filter on get_the_excerpt --><\/p>\n","protected":false},"author":31,"featured_media":0,"comment_status":"open","ping_status":"closed","sticky":false,"template":"","format":"standard","meta":[],"categories":[2],"tags":[4],"_links":{"self":[{"href":"https:\/\/blogs.diariovasco.com\/sesioncontinua\/wp-json\/wp\/v2\/posts\/74"}],"collection":[{"href":"https:\/\/blogs.diariovasco.com\/sesioncontinua\/wp-json\/wp\/v2\/posts"}],"about":[{"href":"https:\/\/blogs.diariovasco.com\/sesioncontinua\/wp-json\/wp\/v2\/types\/post"}],"author":[{"embeddable":true,"href":"https:\/\/blogs.diariovasco.com\/sesioncontinua\/wp-json\/wp\/v2\/users\/31"}],"replies":[{"embeddable":true,"href":"https:\/\/blogs.diariovasco.com\/sesioncontinua\/wp-json\/wp\/v2\/comments?post=74"}],"version-history":[{"count":0,"href":"https:\/\/blogs.diariovasco.com\/sesioncontinua\/wp-json\/wp\/v2\/posts\/74\/revisions"}],"wp:attachment":[{"href":"https:\/\/blogs.diariovasco.com\/sesioncontinua\/wp-json\/wp\/v2\/media?parent=74"}],"wp:term":[{"taxonomy":"category","embeddable":true,"href":"https:\/\/blogs.diariovasco.com\/sesioncontinua\/wp-json\/wp\/v2\/categories?post=74"},{"taxonomy":"post_tag","embeddable":true,"href":"https:\/\/blogs.diariovasco.com\/sesioncontinua\/wp-json\/wp\/v2\/tags?post=74"}],"curies":[{"name":"wp","href":"https:\/\/api.w.org\/{rel}","templated":true}]}}