{"id":76,"date":"2006-09-29T02:58:13","date_gmt":"2006-09-29T02:58:13","guid":{"rendered":"http:\/\/blogs.diariovasco.com\/sesioncontinua\/?p=76"},"modified":"2006-09-29T02:58:13","modified_gmt":"2006-09-29T02:58:13","slug":"festi_06_8o_isabel_coixet_advierte","status":"publish","type":"post","link":"https:\/\/blogs.diariovasco.com\/sesioncontinua\/2006\/09\/29\/festi_06_8o_isabel_coixet_advierte\/","title":{"rendered":"Festi&#039;06, 8\u00aa. Isabel Coixet advierte"},"content":{"rendered":"<p><P align=justify><FONT size=2>Jueves 28 de septiembre. 24:00. Presentaci\u00f3n en Zabaltegi &#8211; Perlas de otros Festivales de <STRONG>&#8220;Paris, je t&#8217;aime&#8221;<\/STRONG>. <STRONG>Isabel Coixet<\/STRONG> miembro del jurado de la Secci\u00f3n Oficial y una de las codirectoras del film se encarga de hacer la presentaci\u00f3n. Cuenta el fracaso de su \u00f3pera prima &#8220;Demasiado viejo para morir joven&#8221; hace m\u00e1s de 15 en Zabaltegi, anima a los j\u00f3venes cineastas a buscar su segunda oportunidad y pide que votemos por su pel\u00edcula para el Premio del P\u00fablico para que por fin&nbsp;se pueda ir con un buen sabor de boca del Zinemaldi, ya que parece que por su labor como jurado no se lo va a llevar.<\/FONT><\/P><br \/>\n<P align=justify><FONT size=2>Advierte que&nbsp;el s\u00e1bado en la lectura del <STRONG>palmar\u00e9s<\/STRONG> puede haber <STRONG>pitos y silbidos<\/STRONG> y habla de lo complicado que es ser jurado y que&nbsp;una pel\u00edcula sea premiada, porque lo importante en este caso no es que guste, sino que <STRONG>no disguste<\/STRONG> a ning\u00fan miembro del mismo.<\/FONT><\/P><br \/>\n<P align=justify><FONT size=2>En ediciones anteriores a estas alturas de Festival, el mensaje que sol\u00edan transmitir el Jurado era de buen entendimiento, que parec\u00eda que iban a llegar a un acuerdo r\u00e1pido y todo ese &#8220;buen rollito&#8221; y luego ocurr\u00edan las sorpresas de casi siempre. \u00bfQu\u00e9 ocurrir\u00e1 este s\u00e1bado?<\/FONT><\/P><\/p>\n<!-- AddThis Advanced Settings generic via filter on the_content --><!-- AddThis Share Buttons generic via filter on the_content -->","protected":false},"excerpt":{"rendered":"<p>Jueves 28 de septiembre. 24:00. Presentaci\u00f3n en Zabaltegi &#8211; Perlas de otros Festivales de &#8220;Paris, je t&#8217;aime&#8221;. Isabel Coixet miembro del jurado de la Secci\u00f3n Oficial y una de las codirectoras del film se encarga de hacer la presentaci\u00f3n. Cuenta el fracaso de su \u00f3pera prima &#8220;Demasiado viejo para morir joven&#8221; hace m\u00e1s de 15 [&hellip;]<!-- AddThis Advanced Settings generic via filter on get_the_excerpt --><!-- AddThis Share Buttons generic via filter on get_the_excerpt --><\/p>\n","protected":false},"author":31,"featured_media":0,"comment_status":"open","ping_status":"closed","sticky":false,"template":"","format":"standard","meta":[],"categories":[2],"tags":[4],"_links":{"self":[{"href":"https:\/\/blogs.diariovasco.com\/sesioncontinua\/wp-json\/wp\/v2\/posts\/76"}],"collection":[{"href":"https:\/\/blogs.diariovasco.com\/sesioncontinua\/wp-json\/wp\/v2\/posts"}],"about":[{"href":"https:\/\/blogs.diariovasco.com\/sesioncontinua\/wp-json\/wp\/v2\/types\/post"}],"author":[{"embeddable":true,"href":"https:\/\/blogs.diariovasco.com\/sesioncontinua\/wp-json\/wp\/v2\/users\/31"}],"replies":[{"embeddable":true,"href":"https:\/\/blogs.diariovasco.com\/sesioncontinua\/wp-json\/wp\/v2\/comments?post=76"}],"version-history":[{"count":0,"href":"https:\/\/blogs.diariovasco.com\/sesioncontinua\/wp-json\/wp\/v2\/posts\/76\/revisions"}],"wp:attachment":[{"href":"https:\/\/blogs.diariovasco.com\/sesioncontinua\/wp-json\/wp\/v2\/media?parent=76"}],"wp:term":[{"taxonomy":"category","embeddable":true,"href":"https:\/\/blogs.diariovasco.com\/sesioncontinua\/wp-json\/wp\/v2\/categories?post=76"},{"taxonomy":"post_tag","embeddable":true,"href":"https:\/\/blogs.diariovasco.com\/sesioncontinua\/wp-json\/wp\/v2\/tags?post=76"}],"curies":[{"name":"wp","href":"https:\/\/api.w.org\/{rel}","templated":true}]}}