{"id":78,"date":"2006-10-01T19:18:52","date_gmt":"2006-10-01T19:18:52","guid":{"rendered":"http:\/\/blogs.diariovasco.com\/sesioncontinua\/?p=78"},"modified":"2006-10-01T19:18:52","modified_gmt":"2006-10-01T19:18:52","slug":"festi_06_9o_sobre_el_palmares","status":"publish","type":"post","link":"https:\/\/blogs.diariovasco.com\/sesioncontinua\/2006\/10\/01\/festi_06_9o_sobre_el_palmares\/","title":{"rendered":"Festi&#039;06, 9\u00aa. Sobre el Palmar\u00e9s"},"content":{"rendered":"<p><DIV align=justify><FONT size=2>Supongo que a estas alturas todos los interesados en el asunto hemos tenido m\u00e1s que sobrada informaci\u00f3n sobre <A href=\"http:\/\/diariovasco.hoycinema.com\/especial\/sansebastianfestival\/palmares.asp\">la decisi\u00f3n del Jurado<\/A> de este Zinemaldi. A casi nadie parece gustarle el palmar\u00e9s de la Secci\u00f3n Oficial. Y como os imaginar\u00e9is si hab\u00e9is le\u00eddo el art\u00edculo anterior del blog, a m\u00ed tampoco.<\/FONT><BR><FONT size=2><BR>No se quejar\u00e1 Bahman Ghobadi de c\u00f3mo le tratamos en Donostia. Cada vez que viene al Zinemaldi, Concha de Oro al bolsillo. Este a\u00f1o no ha sido como con &#8220;Las tortugas tambi\u00e9n vuelan&#8221; que arras\u00f3 entre p\u00fablico, cr\u00edtica y jurado, pero aunque sea ex-aequo la <B>Concha de Oro<\/B> para <B>&#8220;Half<\/B><\/FONT><FONT size=2><B> Moon&#8221;<\/B> es todo un \u00e9xito. Adem\u00e1s se llev\u00f3 el premio a la&nbsp; mejor <B>foto<\/B><\/FONT><FONT size=2><B>graf\u00eda<\/B>, yo habr\u00eda preferido la coreana <STRONG>&#8220;The Old Garden&#8221;<\/STRONG>, y el de la <B>FIPRESCI <\/B>(Federaci\u00f3n Internacional de Cr\u00edticos Cinematogr\u00e1ficos).<BR><BR><IMG height=240 hspace=100 src=\"\/sesioncontinua\/wp-content\/uploads\/sites\/17\" width=350 align=middle vspace=10><BR>La otra <B>Concha de Oro<\/B> para <B>&#8220;Mon fils \u00e0 moi&#8221;<\/B> de Martial Fougeron me parece un premio excesivo. De hecho en la Quiniela DV de cr\u00edticos de diarios estatales ocupaba la pen\u00faltima posici\u00f3n (en la m\u00eda particular se queda a mitad de tabla). \u00bfHabr\u00e1 influido el hecho de que la francesa Jeanne Moreau presidiera el Jurado? La Concha de Plata para <B>Nathalie Baye<\/B> no est\u00e1 mal, tampoco ten\u00eda una gran competencia, pero desde luego no es una de las grandes actuaciones de la Baye.<BR><BR>Me alegro de la Concha de Plata al mejor actor para <B>Juan Diego<\/B> y eso que me parece que en <STRONG>&#8220;Vete de m\u00ed&#8221;<\/STRONG> est\u00e1 &#8220;pasado y pesado&#8221; y la peli no me gust\u00f3 casi nada. Me explico: es uno de los grandes actores espa\u00f1oles de los \u00faltimos 30 a\u00f1os y cuando le controlan esos tics y gestitos a los que tiene tendencia consigue estar soberbio, aunque generalmente no se lleve premios. As\u00ed que como los malos \u00e1rbitros aplico la ley de la compensaci\u00f3n&nbsp;<IMG src=\"\/sesioncontinua\/wp-content\/uploads\/sites\/17\">. Este a\u00f1o le toca desquitarse: en primavera ya gan\u00f3 la Biznaga de plata en el Festival de Cine Espa\u00f1ol de M\u00e1laga. Siempre se ha dicho que en Espa\u00f1a hay mejores actrices que actores, pero es el tercer actor espa\u00f1ol que gana el&nbsp; premio&nbsp; en las \u00faltimas cuatro ediciones del Zinemaldi.<BR><BR><IMG height=150 hspace=50 src=\"\/sesioncontinua\/wp-content\/uploads\/sites\/17\" width=219 vspace=10><IMG height=150 hspace=10 src=\"\/sesioncontinua\/wp-content\/uploads\/sites\/17\" width=131 vspace=10><BR><BR><\/FONT><FONT size=2>Tras ganarlo hace 4 a\u00f1os con la excelente &#8220;Historias M\u00ednimas&#8221;, Carlos Sor\u00edn vuelve a llevarse el <B>Premio Especial del Jurado<\/B> con <B>&#8220;El camino de San Diego&#8221;<\/B>. Me parece otro de los premios incomprensibles del palmar\u00e9s. Es una pel\u00edcula agradable y simp\u00e1tica, pero a m\u00ed terminaron por cansarme la serie de gags, sucedidos y an\u00e9cdotas del viaje del admirador de Maradona. Quiz\u00e1 el hecho de que el Jurado haya premiado pel\u00edculas que no disgustaran a ninguno de sus miembros (Coixet dixit) la ha favorecido, ya que es una pel\u00edcula &#8220;que busca hacerse querer&#8221;. El a\u00f1o pasado gan\u00f3 otra pel\u00edcula argentina, &#8220;Iluminados por el fuego&#8221;. <BR><\/FONT><FONT size=2><BR>Y ahora cap\u00edtulo <B>Tom DiCillo<\/B>. En mi opini\u00f3n <STRONG>&#8220;Delirious&#8221;<\/STRONG> no tiene ni el mejor gui\u00f3n, ni la mejor labor de direcci\u00f3n de las pel\u00edculas de la Secci\u00f3n Oficial. Pero me parece incongruente que si el jurado opina que se merece ambos premios, la peli no se lleve alg\u00fan galard\u00f3n m\u00e1s importante. Ya s\u00e9 que como m\u00e1ximo se pueden dar dos premios a la misma pel\u00edcula, pero la l\u00f3gica dice que se podr\u00eda &#8220;sacrificar&#8221; un premio&nbsp; menor para otorgar uno de mayor importancia, pero eso de tener los mejores ingredientes y ser el mejor cocinero y no hacer uno de los mejores platos no me cuadra.&nbsp; \u00bfSer\u00e1n casualidad dos premios para DiCillo, director de fotograf\u00eda de algunas pelis de Jim Jarmusch, esposo de uno de los miembros del jurado?<BR><BR>Tampoco coincido con el premio de <B>Nuevos Realizadores<\/B> para la francesa <B>&#8220;Fairplay&#8221;<\/B>. El final me parece excelente, pero el planteamiento me result\u00f3 forzado y poco cre\u00edble y la banda sonora de una obviedad casi insultante. Eso s\u00ed, me da la impresi\u00f3n de que tendremos que vigilar a su director, Lionel Bailliu, porque promete. Mi favorita en esta secci\u00f3n era <B>&#8220;Emma&#8217;s Gluck&#8221;<\/B> que le queda el consuelo de haber quedado segunda en el Premio de la Juventud y el premio de haber logrado distribuci\u00f3n en todo el Estado.<BR><BR><IMG height=150 hspace=30 src=\"\/sesioncontinua\/wp-content\/uploads\/sites\/17\" width=219 vspace=10><IMG height=150 hspace=10 src=\"\/sesioncontinua\/wp-content\/uploads\/sites\/17\" width=225 vspace=10><BR><BR>Y el premio de mejores Nuevos Guionistas para mis &#8220;amigos&#8221; de <B>&#8220;Singapore Dreaming&#8221;<\/B> me alegra especialmente, a pesar de lo blandito que es el ep\u00edlogo de la peli.<BR><BR>Sin premios se han quedado unas cuantas pel\u00edculas que me habr\u00eda encantado que se los llevaran, pero lo importante es disfrutarlas en la butaca y los premios al menos para m\u00ed, son una guinda.<BR><\/FONT><\/DIV><\/p>\n<!-- AddThis Advanced Settings generic via filter on the_content --><!-- AddThis Share Buttons generic via filter on the_content -->","protected":false},"excerpt":{"rendered":"<p>Supongo que a estas alturas todos los interesados en el asunto hemos tenido m\u00e1s que sobrada informaci\u00f3n sobre la decisi\u00f3n del Jurado de este Zinemaldi. A casi nadie parece gustarle el palmar\u00e9s de la Secci\u00f3n Oficial. Y como os imaginar\u00e9is si hab\u00e9is le\u00eddo el art\u00edculo anterior del blog, a m\u00ed tampoco.No se quejar\u00e1 Bahman Ghobadi [&hellip;]<!-- AddThis Advanced Settings generic via filter on get_the_excerpt --><!-- AddThis Share Buttons generic via filter on get_the_excerpt --><\/p>\n","protected":false},"author":31,"featured_media":0,"comment_status":"open","ping_status":"closed","sticky":false,"template":"","format":"standard","meta":[],"categories":[2],"tags":[4],"_links":{"self":[{"href":"https:\/\/blogs.diariovasco.com\/sesioncontinua\/wp-json\/wp\/v2\/posts\/78"}],"collection":[{"href":"https:\/\/blogs.diariovasco.com\/sesioncontinua\/wp-json\/wp\/v2\/posts"}],"about":[{"href":"https:\/\/blogs.diariovasco.com\/sesioncontinua\/wp-json\/wp\/v2\/types\/post"}],"author":[{"embeddable":true,"href":"https:\/\/blogs.diariovasco.com\/sesioncontinua\/wp-json\/wp\/v2\/users\/31"}],"replies":[{"embeddable":true,"href":"https:\/\/blogs.diariovasco.com\/sesioncontinua\/wp-json\/wp\/v2\/comments?post=78"}],"version-history":[{"count":0,"href":"https:\/\/blogs.diariovasco.com\/sesioncontinua\/wp-json\/wp\/v2\/posts\/78\/revisions"}],"wp:attachment":[{"href":"https:\/\/blogs.diariovasco.com\/sesioncontinua\/wp-json\/wp\/v2\/media?parent=78"}],"wp:term":[{"taxonomy":"category","embeddable":true,"href":"https:\/\/blogs.diariovasco.com\/sesioncontinua\/wp-json\/wp\/v2\/categories?post=78"},{"taxonomy":"post_tag","embeddable":true,"href":"https:\/\/blogs.diariovasco.com\/sesioncontinua\/wp-json\/wp\/v2\/tags?post=78"}],"curies":[{"name":"wp","href":"https:\/\/api.w.org\/{rel}","templated":true}]}}