{"id":82,"date":"2006-10-06T01:13:25","date_gmt":"2006-10-06T01:13:25","guid":{"rendered":"http:\/\/blogs.diariovasco.com\/sesioncontinua\/?p=82"},"modified":"2006-10-06T01:13:25","modified_gmt":"2006-10-06T01:13:25","slug":"el_perfume_kubrick_se_equivocaba","status":"publish","type":"post","link":"https:\/\/blogs.diariovasco.com\/sesioncontinua\/2006\/10\/06\/el_perfume_kubrick_se_equivocaba\/","title":{"rendered":"El Perfume. Kubrick se equivocaba"},"content":{"rendered":"<p><IMG height=255 src=\"\/sesioncontinua\/wp-content\/uploads\/sites\/17\" width=551><BR><BR><br \/>\n<DIV align=justify><FONT face=Verdana size=2>El genial director neoyorquino dijo que era <B>&#8220;infilmable&#8221;<\/B>. Posteriormente ni Ridley Scott, ni Martin Scorsese, ni Tim Burton, ni Milos Forman consiguieron llevarla a la gran pantalla. Y ha llegado <B>Tom Tykwer<\/B>, un director alem\u00e1n famoso por su cine lleno de moderneces como &#8220;Corre Lola corre&#8221; o &#8220;La princesa y el guerrero&#8221;, y ha sido capaz de hacer una brillante <B>adaptaci\u00f3n<\/B> de la novela de Patrick S\u00fcskind, <B>&#8220;El Perfume&#8221;<\/B>, llena de momentos m\u00e1gicos, im\u00e1genes bell\u00edsimas e instantes turbadores, sugerentes y necesariamente desagradables.<BR><BR>No soy capaz de decir si es una adaptaci\u00f3n fiel al libro o no. Han pasado cerca de veinte a\u00f1os desde que lo le\u00ed y mi memoria no es tan privilegiada (eso de que veinte a\u00f1os no es nada, en este caso no aplica). Lo que s\u00ed me parece es que es una<B> excelente adaptaci\u00f3n<\/B>, ya que he sentido, en gran parte, las mismas sensaciones que cuando le\u00ed el libro.<BR><BR><\/FONT><\/DIV><br \/>\n<DIV align=justify><FONT face=Verdana size=2>Sin embargo, en tiempos en los que ya no se lleva el Odorama, \u00bfc\u00f3mo hacer percibir al espectador los olores descritos en el libro s\u00f3lo por medios cinematogr\u00e1ficos? \u00bfc\u00f3mo conseguir que entendamos a un protagonista&nbsp; con un olfato prodigioso que a veces lo hace sentirse privilegiado y otras lo atormenta? Pues Tom Tykwer lo logra a base de fotograf\u00eda, montaje, interpretaci\u00f3n, direcci\u00f3n art\u00edstica, vestuario, sonido, m\u00fasica&#8230; lo dicho, <B>recursos puramente y tradicionalmente cinematogr\u00e1ficos<\/B>. Nada de efectos especiales, ni de tarjetitas numeradas para oler. La suciedad de un mercado de pescado en la Francia del XVIII, <\/FONT><FONT face=Verdana size=2>las esencias del taller de un creador de perfumes, <\/FONT><FONT face=Verdana size=2>los campos de lavanda en la Provenza, diez mil rosas, la piel de las mujeres, el m\u00e1s sublime perfume creado por el hombre&#8230; todo huele en esta pel\u00edcula.<BR><BR>Pero <B>&#8220;El Perfume:&nbsp;historia de un asesino&#8221;<\/B> es tambi\u00e9n la historia de un ser inocente, v\u00edctima de una obsesi\u00f3n enfermiza, un h\u00e9roe rom\u00e1ntico y tr\u00e1gico que no se parar\u00e1 ante nada para conseguir su objetivo, el perfume <B>perfecto<\/B>, s\u00edmbolo de ese <B>momento insuperable<\/B> que pudo disfrutar y el destino no se lo permiti\u00f3. Uno siente a la vez ternura, terror, admiraci\u00f3n, horror, repulsa y pena por este personaje incapaz de encajar en una sociedad en la que no tiene sitio.<BR><BR><\/FONT><\/DIV><br \/>\n<DIV align=justify><FONT face=Verdana size=2>Y adem\u00e1s, la historia de este &#8220;encantador de masas&#8221; tiene una lectura que est\u00e1 terriblemente de actualidad.<\/FONT><BR><\/DIV><br \/>\n<FONT face=Verdana size=2><BR><IMG height=168 src=\"\/sesioncontinua\/wp-content\/uploads\/sites\/17\" width=552 vspace=10><BR><\/FONT><br \/>\n<DIV align=justify><FONT size=2>Fecha de estreno prevista en Donosti: 24 de noviembre.<\/FONT><BR><\/DIV><\/p>\n<!-- AddThis Advanced Settings generic via filter on the_content --><!-- AddThis Share Buttons generic via filter on the_content -->","protected":false},"excerpt":{"rendered":"<p>El genial director neoyorquino dijo que era &#8220;infilmable&#8221;. Posteriormente ni Ridley Scott, ni Martin Scorsese, ni Tim Burton, ni Milos Forman consiguieron llevarla a la gran pantalla. Y ha llegado Tom Tykwer, un director alem\u00e1n famoso por su cine lleno de moderneces como &#8220;Corre Lola corre&#8221; o &#8220;La princesa y el guerrero&#8221;, y ha sido [&hellip;]<!-- AddThis Advanced Settings generic via filter on get_the_excerpt --><!-- AddThis Share Buttons generic via filter on get_the_excerpt --><\/p>\n","protected":false},"author":31,"featured_media":0,"comment_status":"open","ping_status":"closed","sticky":false,"template":"","format":"standard","meta":[],"categories":[2],"tags":[4],"_links":{"self":[{"href":"https:\/\/blogs.diariovasco.com\/sesioncontinua\/wp-json\/wp\/v2\/posts\/82"}],"collection":[{"href":"https:\/\/blogs.diariovasco.com\/sesioncontinua\/wp-json\/wp\/v2\/posts"}],"about":[{"href":"https:\/\/blogs.diariovasco.com\/sesioncontinua\/wp-json\/wp\/v2\/types\/post"}],"author":[{"embeddable":true,"href":"https:\/\/blogs.diariovasco.com\/sesioncontinua\/wp-json\/wp\/v2\/users\/31"}],"replies":[{"embeddable":true,"href":"https:\/\/blogs.diariovasco.com\/sesioncontinua\/wp-json\/wp\/v2\/comments?post=82"}],"version-history":[{"count":0,"href":"https:\/\/blogs.diariovasco.com\/sesioncontinua\/wp-json\/wp\/v2\/posts\/82\/revisions"}],"wp:attachment":[{"href":"https:\/\/blogs.diariovasco.com\/sesioncontinua\/wp-json\/wp\/v2\/media?parent=82"}],"wp:term":[{"taxonomy":"category","embeddable":true,"href":"https:\/\/blogs.diariovasco.com\/sesioncontinua\/wp-json\/wp\/v2\/categories?post=82"},{"taxonomy":"post_tag","embeddable":true,"href":"https:\/\/blogs.diariovasco.com\/sesioncontinua\/wp-json\/wp\/v2\/tags?post=82"}],"curies":[{"name":"wp","href":"https:\/\/api.w.org\/{rel}","templated":true}]}}