{"id":84,"date":"2006-10-15T01:02:57","date_gmt":"2006-10-15T01:02:57","guid":{"rendered":"http:\/\/blogs.diariovasco.com\/sesioncontinua\/?p=84"},"modified":"2006-10-15T01:02:57","modified_gmt":"2006-10-15T01:02:57","slug":"mis_problemas_con_el_fauno","status":"publish","type":"post","link":"https:\/\/blogs.diariovasco.com\/sesioncontinua\/2006\/10\/15\/mis_problemas_con_el_fauno\/","title":{"rendered":"Mis problemas con el fauno"},"content":{"rendered":"<p><DIV align=justify><IMG height=391 hspace=10 src=\"\/sesioncontinua\/wp-content\/uploads\/sites\/17\" width=275 align=left vspace=8><FONT size=2><FONT face=Verdana>La cr\u00edtica ha dicho&nbsp; &#8220;genial&#8221;, &#8220;inquietante, extraordinaria&#8221;, &#8220;fascinante y cruel&#8221;, &#8220;deber\u00eda ganar el Oscar&#8221;, &#8220;imaginativa e inquietante\u00b7, &#8220;deber\u00eda haber ganado la Palma de Oro de Cannes&#8221;, &#8220;Hollywood deber\u00eda hacer m\u00e1s pel\u00edculas as\u00ed&#8221;, &#8220;imaginer\u00eda deslumbrante&#8221;, &#8220;es un prodigio&#8221;&#8230; Casi, casi hay unanimidad entre <A href=\"http:\/\/www.diariovasco.com\/prensa\/20061013\/cultura\/princesa-decidio_20061013.html\">la cr\u00edtica guipuzcoana<\/A>, estatal e internacional en poner por las nubes a <B>&#8220;El laberinto del Fauno&#8221;<\/B> la nueva pel\u00edcula del mexicano Guillermo del Toro, que concurs\u00f3 en Cannes e inaugur\u00f3 Sitges. <BR><BR>Pero a m\u00ed, no me parece para tanto. No me aburr\u00ed ni un segundo, pero este cuento sobre una ni\u00f1a que se va a vivir al campo con su madre y su malvado padrastro militar franquista en la Espa\u00f1a de 1944 y&nbsp; el mundo imaginario que se inventa para tratar de escapar de una vida que odia no me entusiasm\u00f3. <\/FONT><\/FONT><\/DIV><br \/>\n<DIV align=justify><FONT size=2><FONT face=Verdana><BR>\u00a1Y mira que ten\u00eda ganas de que me encantara esta peli! Porque&nbsp;aunque no sea un fan loco del g\u00e9nero fant\u00e1stico de esos de abono de todas las sesiones de la Semana de Cine Fant\u00e1stico del Principal, me encantan <STRONG>&#8220;Criaturas Celestiales&#8221;<\/STRONG> o la trilog\u00eda de <STRONG>&#8220;El Se\u00f1or de los Anillos&#8221;<\/STRONG> de Peter Jackson, <STRONG>&#8220;Eduardo Manostijeras&#8221;<\/STRONG>, <STRONG>&#8220;Pesadilla antes de Navidad<\/STRONG>&#8220;, <STRONG>&#8220;Big Fish&#8221;<\/STRONG> o <STRONG>&#8220;La Novia Cad\u00e1ver&#8221;<\/STRONG> de Tim Burton o <STRONG>&#8220;El viaje de Chihiro&#8221;<\/STRONG> o <STRONG>&#8220;El Castillo Ambulante&#8221;<\/STRONG> de Miyazaki&nbsp;y si hace falta remontarse a otra peli con ni\u00f1os, padrastros malvados y toques fant\u00e1sticos <STRONG>&#8220;La noche del cazador&#8221;<\/STRONG> de Charles Laughton. \u00c9stas si me fascinaron.<BR><BR><\/FONT><\/FONT><FONT face=Verdana size=2>Ese supuestamente &#8220;fascinante mundo imaginario&#8221; de &#8220;El laberinto del Fauno&#8221; se reduce a poco m\u00e1s que un fauno de extra\u00f1os ademanes y poco carisma, un asqueroso sapo gigante come insectos,&nbsp;un viejo deforme con ojos en las manos, unas haditas que revoletean por ah\u00ed como las de &#8220;La Bella Durmiente&#8221; de Disney&nbsp;y a una ra\u00edz de mandr\u00e1gora que bebe leche regidos todos por unas normas tan simples como el <STRONG>mecanismo de un videojuego<\/STRONG> de esos de pasar pantallitas: si superas esta prueba te dar\u00e9 las pistas para que puedas continuar con tu b\u00fasqueda y pasar a la siguiente prueba. M\u00e1s que un mundo, son <STRONG>cuatro personajes, buena dosis de&nbsp;talento visual<\/STRONG>&nbsp;y poco m\u00e1s. Pero el problema no es de cantidad, sino de calidad. Y no me extiendo m\u00e1s que no es cuesti\u00f3n de chafar la peli al que no la haya visto.<\/FONT><BR><FONT size=2><FONT face=Verdana><IMG height=173 src=\"\/sesioncontinua\/wp-content\/uploads\/sites\/17\" width=265 vspace=10><IMG height=173 src=\"\/sesioncontinua\/wp-content\/uploads\/sites\/17\" width=254 vspace=10><BR><\/DIV><br \/>\n<\/FONT><\/FONT><br \/>\n<DIV align=justify><FONT size=2><FONT face=Verdana>El <STRONG>mundo real<\/STRONG> es una casa perdida en el bosque en la Espa\u00f1a de 1944&nbsp;acosada por los maquis en la que vive el malvado y violento capit\u00e1n, su nueva familia y el resto de los componentes del destacamento. Todo bastante <STRONG>previsible y t\u00f3pico<\/STRONG>. Pero, en este aspecto, s\u00ed que me llega el <STRONG>horror<\/STRONG> que pretende transmitir Guillermo del Toro.<BR><BR>Las interpretaciones me parecieron justitas. Ariadna Gil est\u00e1 mal (como casi siempre \u00faltimamente), Sergi L\u00f3pez tampoco me lo creo (es aplicable el mismo comentario que en el caso anterior) y&nbsp;la ni\u00f1a protagonista tampoco me pareci\u00f3 nada del otro del mundo. S\u00f3lo Maribel Verd\u00fa a pesar de su acento norte\u00f1o intermitente y Alex Angulo me parecen estar a un buen nivel.<BR><BR>A&nbsp;lo mejor es que estaba en un mal d\u00eda, son cosas que a veces pasan, \u00bfy deber\u00eda volverla a ver? A lo mejor es que al leer tanto y tan bueno sobre la peli, \u00bfcoloqu\u00e9 el list\u00f3n demasiado alto (algo que siempre trato de evitar)? Porque hoy por hoy, y no es por ir contracorriente, pero <STRONG>&#8220;El laberinto del Fauno&#8221;<\/STRONG> me gusta y me entretiene, pero no me fascina.<BR><BR><IMG height=115 src=\"\/sesioncontinua\/wp-content\/uploads\/sites\/17\" width=175 vspace=10><IMG height=115 src=\"\/sesioncontinua\/wp-content\/uploads\/sites\/17\" width=177 vspace=10><IMG height=115 src=\"\/sesioncontinua\/wp-content\/uploads\/sites\/17\" width=177 vspace=10><BR><\/FONT><\/FONT><\/DIV><br \/>\n<BR><BR><\/p>\n<!-- AddThis Advanced Settings generic via filter on the_content --><!-- AddThis Share Buttons generic via filter on the_content -->","protected":false},"excerpt":{"rendered":"<p>La cr\u00edtica ha dicho&nbsp; &#8220;genial&#8221;, &#8220;inquietante, extraordinaria&#8221;, &#8220;fascinante y cruel&#8221;, &#8220;deber\u00eda ganar el Oscar&#8221;, &#8220;imaginativa e inquietante\u00b7, &#8220;deber\u00eda haber ganado la Palma de Oro de Cannes&#8221;, &#8220;Hollywood deber\u00eda hacer m\u00e1s pel\u00edculas as\u00ed&#8221;, &#8220;imaginer\u00eda deslumbrante&#8221;, &#8220;es un prodigio&#8221;&#8230; Casi, casi hay unanimidad entre la cr\u00edtica guipuzcoana, estatal e internacional en poner por las nubes a &#8220;El [&hellip;]<!-- AddThis Advanced Settings generic via filter on get_the_excerpt --><!-- AddThis Share Buttons generic via filter on get_the_excerpt --><\/p>\n","protected":false},"author":31,"featured_media":0,"comment_status":"open","ping_status":"closed","sticky":false,"template":"","format":"standard","meta":[],"categories":[2],"tags":[4],"_links":{"self":[{"href":"https:\/\/blogs.diariovasco.com\/sesioncontinua\/wp-json\/wp\/v2\/posts\/84"}],"collection":[{"href":"https:\/\/blogs.diariovasco.com\/sesioncontinua\/wp-json\/wp\/v2\/posts"}],"about":[{"href":"https:\/\/blogs.diariovasco.com\/sesioncontinua\/wp-json\/wp\/v2\/types\/post"}],"author":[{"embeddable":true,"href":"https:\/\/blogs.diariovasco.com\/sesioncontinua\/wp-json\/wp\/v2\/users\/31"}],"replies":[{"embeddable":true,"href":"https:\/\/blogs.diariovasco.com\/sesioncontinua\/wp-json\/wp\/v2\/comments?post=84"}],"version-history":[{"count":0,"href":"https:\/\/blogs.diariovasco.com\/sesioncontinua\/wp-json\/wp\/v2\/posts\/84\/revisions"}],"wp:attachment":[{"href":"https:\/\/blogs.diariovasco.com\/sesioncontinua\/wp-json\/wp\/v2\/media?parent=84"}],"wp:term":[{"taxonomy":"category","embeddable":true,"href":"https:\/\/blogs.diariovasco.com\/sesioncontinua\/wp-json\/wp\/v2\/categories?post=84"},{"taxonomy":"post_tag","embeddable":true,"href":"https:\/\/blogs.diariovasco.com\/sesioncontinua\/wp-json\/wp\/v2\/tags?post=84"}],"curies":[{"name":"wp","href":"https:\/\/api.w.org\/{rel}","templated":true}]}}