{"id":86,"date":"2006-10-23T01:02:14","date_gmt":"2006-10-23T01:02:14","guid":{"rendered":"http:\/\/blogs.diariovasco.com\/sesioncontinua\/?p=86"},"modified":"2006-10-23T01:02:14","modified_gmt":"2006-10-23T01:02:14","slug":"de_palma_sigue_la_mala_racha","status":"publish","type":"post","link":"https:\/\/blogs.diariovasco.com\/sesioncontinua\/2006\/10\/23\/de_palma_sigue_la_mala_racha\/","title":{"rendered":"De Palma: sigue la mala racha"},"content":{"rendered":"<div align=\"justify\"><font size=\"2\"><IMG src=\"\/sesioncontinua\/wp-content\/uploads\/sites\/17\" align=\"middle\" height=\"179\" vspace=\"10\" width=\"550\"><br \/>Lo de la mala racha no va por la Real. Ni por el Bruesa que para eso ya est\u00e1 el <a href=\"http:\/\/blogs.diariovasco.com\/zonapress\">&#8220;Zona Press&#8221;<\/a>. Ni lo de Schumacher en la F\u00f3rmula 1. Que esto es &#8220;Sesi\u00f3n Continua&#8221;, un blog de cine. Os cuento.<\/p>\n<p>Cines Pr\u00edncipe. Viernes de estreno. Primera sesi\u00f3n. Sala casi llena para ver la \u00faltima de Brian de Palma, <b>&#8220;La Dalia Negra&#8221;<\/b>. Adaptaci\u00f3n de una novela negra de James Ellroy, el mismo de &#8220;L.A. Confidential&#8221;. Y a las dos horas, menuda decepci\u00f3n.<\/p>\n<p><\/font><\/div>\n<div align=\"justify\"><font size=\"2\">De Palma nunca ha sido uno de mis directores favoritos. Demasiado a menudo, me ha parecido que en lugar de ponerse al servicio de la historia, su objetivo era demostrarnos qu\u00e9 &#8220;cosas&#8221; sab\u00eda hacer con la c\u00e1mara o c\u00f3mo era capaz de homenajear a Hitchcock. Pero en los 70 y 80 dirigi\u00f3 unas cuantas buenas pelis casi seguidas, entre ellas <b>&#8220;Carrie&#8221;<\/b>, <b>&#8220;Vestida para matar&#8221;<\/b>, <b>&#8220;El Precio del Poder&#8221;<\/b>, <b>&#8220;Los Intocables de Elliot Ness&#8221;<\/b> o <b>&#8220;Corazones de hierro&#8221;<\/b>. Entr\u00f3 en los 90 con dos desastres como <b>&#8220;La hoguera de las vanidades&#8221;<\/b> y <b>&#8220;En nombre de Ca\u00edn&#8221;<\/b>, pero con <b>&#8220;Atrapado por su pasado&#8221;<\/b> y en menor medida <b>&#8220;Misi\u00f3n Imposible&#8221;<\/b> parec\u00eda recobrar la forma. Sin embargo, los \u00faltimos 10 a\u00f1os me parece que no levanta cabeza: tanto <b>&#8220;Snake Eyes&#8221;<\/b>, como <b>&#8220;Misi\u00f3n a Marte&#8221; <\/b>y <b>&#8220;Femme Fatale&#8221;<\/b> me parecieron decepcionantes. Y con <b>&#8220;La dalia negra&#8221;<\/b> la mala racha dura ya cuatro pel\u00edculas.<\/p>\n<p>Pero al menos en la mayor\u00eda de sus pelis, aunque algunas no me gustaran, reconoc\u00eda un estilo, una forma personal de narrar. En <b>&#8220;La Dalia Negra&#8221;<\/b>, ni siquiera eso. Quitando su auto-homenaje en la escena de la escalera (no cuento que m\u00e1s pasa que no es cuesti\u00f3n de destriparla) que recuerda remotamente a la de <b>&#8220;Los Intocables&#8221;<\/b>, que ya era una copia &#8211; homenaje a <b>&#8220;El acorazado Potemkin&#8221;<\/b>, el resto es plano, plano, plano. Sin personalidad.<\/p>\n<p>El gui\u00f3n se enreda de manera innecesaria y da la impresi\u00f3n de que una historia no tan complicada y bastante lineal se convierte en un l\u00edo sin sentido. Y mejor no hablar del desastroso final.<\/p>\n<p>Sobre las interpretaciones, siendo ben\u00e9volo (que a veces hasta puedo serlo), dir\u00eda que el cuarteto protagonista ha estado mucho mejor en otras ocasiones. No es cuesti\u00f3n de exigir demasiado a Josh Harnett o a Aaron Eckhart, pero es una pena lo desaprovechadas que est\u00e1n Scarlett Johansson y Hilary Swank. Y me creo lo que dicen las revistas del coraz\u00f3n acerca de la relaci\u00f3n entre Josh Harnett y Scarlett Johansson,&nbsp;pero en pantalla ni saltan chispas&nbsp;y ni se ve el menor atisbo de qu\u00edmica entre ellos. <\/p>\n<p>Sin lugar a dudas, lo mejor es la ambientaci\u00f3n de ese Los Angeles de los 40. As\u00ed que si te gusta el &#8220;cine de vestidos de \u00e9poca&#8221;, a lo mejor no est\u00e1s de acuerdo con mi opini\u00f3n.<br \/><\/font><\/div>\n<p><\/p>\n<!-- AddThis Advanced Settings generic via filter on the_content --><!-- AddThis Share Buttons generic via filter on the_content -->","protected":false},"excerpt":{"rendered":"<p>Lo de la mala racha no va por la Real. Ni por el Bruesa que para eso ya est\u00e1 el &#8220;Zona Press&#8221;. Ni lo de Schumacher en la F\u00f3rmula 1. Que esto es &#8220;Sesi\u00f3n Continua&#8221;, un blog de cine. Os cuento. Cines Pr\u00edncipe. Viernes de estreno. Primera sesi\u00f3n. Sala casi llena para ver la \u00faltima [&hellip;]<!-- AddThis Advanced Settings generic via filter on get_the_excerpt --><!-- AddThis Share Buttons generic via filter on get_the_excerpt --><\/p>\n","protected":false},"author":31,"featured_media":0,"comment_status":"open","ping_status":"closed","sticky":false,"template":"","format":"standard","meta":[],"categories":[2],"tags":[4],"_links":{"self":[{"href":"https:\/\/blogs.diariovasco.com\/sesioncontinua\/wp-json\/wp\/v2\/posts\/86"}],"collection":[{"href":"https:\/\/blogs.diariovasco.com\/sesioncontinua\/wp-json\/wp\/v2\/posts"}],"about":[{"href":"https:\/\/blogs.diariovasco.com\/sesioncontinua\/wp-json\/wp\/v2\/types\/post"}],"author":[{"embeddable":true,"href":"https:\/\/blogs.diariovasco.com\/sesioncontinua\/wp-json\/wp\/v2\/users\/31"}],"replies":[{"embeddable":true,"href":"https:\/\/blogs.diariovasco.com\/sesioncontinua\/wp-json\/wp\/v2\/comments?post=86"}],"version-history":[{"count":0,"href":"https:\/\/blogs.diariovasco.com\/sesioncontinua\/wp-json\/wp\/v2\/posts\/86\/revisions"}],"wp:attachment":[{"href":"https:\/\/blogs.diariovasco.com\/sesioncontinua\/wp-json\/wp\/v2\/media?parent=86"}],"wp:term":[{"taxonomy":"category","embeddable":true,"href":"https:\/\/blogs.diariovasco.com\/sesioncontinua\/wp-json\/wp\/v2\/categories?post=86"},{"taxonomy":"post_tag","embeddable":true,"href":"https:\/\/blogs.diariovasco.com\/sesioncontinua\/wp-json\/wp\/v2\/tags?post=86"}],"curies":[{"name":"wp","href":"https:\/\/api.w.org\/{rel}","templated":true}]}}