{"id":87,"date":"2006-10-24T00:59:56","date_gmt":"2006-10-24T00:59:56","guid":{"rendered":"http:\/\/blogs.diariovasco.com\/sesioncontinua\/?p=87"},"modified":"2006-10-24T00:59:56","modified_gmt":"2006-10-24T00:59:56","slug":"a_vueltas_con_isabel_ii","status":"publish","type":"post","link":"https:\/\/blogs.diariovasco.com\/sesioncontinua\/2006\/10\/24\/a_vueltas_con_isabel_ii\/","title":{"rendered":"A vueltas con Isabel II"},"content":{"rendered":"<p><IMG height=250 src=\"\/sesioncontinua\/wp-content\/uploads\/sites\/17\" width=172><IMG height=250 src=\"\/sesioncontinua\/wp-content\/uploads\/sites\/17\" width=201><IMG height=250 src=\"\/sesioncontinua\/wp-content\/uploads\/sites\/17\" width=169><BR><BR><br \/>\n<DIV align=justify><FONT size=2>Parece que se ha convertido en el nuevo icono de la movida cultural londinense. Menuda se ha armado en el Reino Unido con el retrato del estadounidense George Condo que se exhibe en la Tate Modern. Parece que esa mezcla de Isabel II, Popeye y mu\u00f1eca repollo ha ofendido a gran n\u00famero de brit\u00e1nicos. Aunque el pintor dice que se ha&nbsp; inspirado en Vel\u00e1zquez. Ya veis, Isabel II convertida en toda una menina. Y vosotros dir\u00e9is que qu\u00e9 hago yo hablando de un cuadro de Isabel II en un blog de cine. Pero es que me acabo de acordar de que a\u00fan no hab\u00eda comentado nada sobre la raz\u00f3n por la cual el mes pasado su graciosa majestad se convirti\u00f3 en una figura de referencia de los ambientes culturales de Londres: la pel\u00edcula <B>&#8220;The Queen&#8221;<\/B> de Stephen Frears protagonizada por Helen Mirren.<BR><BR>Los Tomates, Salsas Rosas o Dolces Vitas matar\u00edan por la exclusiva. El \u00a1Hola! pagar\u00eda una millonada porque no se publicara. Pero \u00bfos imagin\u00e1is que alguien revelara las conversaciones, tensiones y enfados que tuvieron lugar entre la familia real brit\u00e1nica y un reci\u00e9n elegido Tony Blair durante la semana que pas\u00f3 desde la muerte de Lady Di hasta su funeral?<BR><BR>En un principio, parece un argumento t\u00edpico para un telefilm de mucho lujo y poco talento, para emitir en cualquier cadena privada estatal una noche de fin de semana tras su correspondiente&nbsp;machacona campa\u00f1a publicitaria. Pero no, &#8220;<STRONG>The Queen&#8221;<\/STRONG> es puro cine. Y del muy bueno.<BR><BR>Pero tampoco deber\u00eda ser tan sorprendente. Dirige Stephen Frears, el de <B>&#8220;Mi peque\u00f1a lavander\u00eda&#8221;<\/B>, <B>&#8220;Las amistades peligrosas&#8221;,<\/B> <B>&#8220;Los timadores&#8221;<\/B>, <B>&#8220;Liam&#8221; <\/B>o <B>&#8220;Negocios Ocultos&#8221;<\/B>. La protagoniza Helen Mirren que gan\u00f3 la Copa Volpi en Venecia&#8217;06. La peli, adem\u00e1s&nbsp;se llev\u00f3 el premio al mejor gui\u00f3n y de la FIPRESCI de la \u00faltima edici\u00f3n de La Biennale.<BR><IMG height=117 src=\"\/sesioncontinua\/wp-content\/uploads\/sites\/17\" width=175 vspace=10><IMG height=117 src=\"\/sesioncontinua\/wp-content\/uploads\/sites\/17\" width=176 vspace=10><IMG height=117 src=\"\/sesioncontinua\/wp-content\/uploads\/sites\/17\" width=175 vspace=10><BR>Helen Mirren est\u00e1 PERFECTA como Isabel II (no hace falta dar m\u00e1s detalles, es la perfecci\u00f3n) y es ya la favorita para la pr\u00f3xima edici\u00f3n de los Oscars. Stephen Frears dirige con chispa y buen gusto, sin aspavientos, ni excesos, dejando que los int\u00e9rpretes puedan lucirse (tambi\u00e9n est\u00e1 excelente Michael Sheen encarnando a Tony Blair y a muy buen nivel el resto del reparto) y aprovecha h\u00e1bilmente las im\u00e1genes de archivo reales de lo ocurrido aquella semana para dar m\u00e1s dramatismo y realismo a la narraci\u00f3n.&nbsp; <BR><BR>Y el gui\u00f3n de Peter Morgan es excelente. No sabemos qu\u00e9 es lo que ocurri\u00f3 esos d\u00edas en realidad, pero lo que escribe Peter Morgan es completamente cre\u00edble. Sin embargo, el gran m\u00e9rito de este gui\u00f3n es que consigue ir m\u00e1s all\u00e1, no se queda en el mero reflejo de los hechos, huye del morbo cotilla&nbsp;y se convierte en una aguda e ingeniosa reflexi\u00f3n acerca de la monarqu\u00eda, las diferencias de clase, el respeto a la tradici\u00f3n, la alta pol\u00edtica, el populismo, el servicio al pueblo y las obligaciones del cargo en la actualidad. Casi, casi consigue que abandones tu txoko donostiarra y que te pongas en la posici\u00f3n de la reina Isabel II y de Tony Blair.<BR><BR>As\u00ed que venced prejuicios y os animo (hab\u00eda escrito invito pero no es cuesti\u00f3n de dejarme un past\u00f3n pagando la entrada a todos los que os pas\u00e1is por el blog, que a 6 euros la entrada es un dinero) a disfrutarla a partir del d\u00eda 10 de noviembre cuando se estrene en los cines de por aqu\u00ed.<\/FONT><\/DIV><\/p>\n<!-- AddThis Advanced Settings generic via filter on the_content --><!-- AddThis Share Buttons generic via filter on the_content -->","protected":false},"excerpt":{"rendered":"<p>Parece que se ha convertido en el nuevo icono de la movida cultural londinense. Menuda se ha armado en el Reino Unido con el retrato del estadounidense George Condo que se exhibe en la Tate Modern. Parece que esa mezcla de Isabel II, Popeye y mu\u00f1eca repollo ha ofendido a gran n\u00famero de brit\u00e1nicos. Aunque [&hellip;]<!-- AddThis Advanced Settings generic via filter on get_the_excerpt --><!-- AddThis Share Buttons generic via filter on get_the_excerpt --><\/p>\n","protected":false},"author":31,"featured_media":0,"comment_status":"open","ping_status":"closed","sticky":false,"template":"","format":"standard","meta":[],"categories":[2],"tags":[4],"_links":{"self":[{"href":"https:\/\/blogs.diariovasco.com\/sesioncontinua\/wp-json\/wp\/v2\/posts\/87"}],"collection":[{"href":"https:\/\/blogs.diariovasco.com\/sesioncontinua\/wp-json\/wp\/v2\/posts"}],"about":[{"href":"https:\/\/blogs.diariovasco.com\/sesioncontinua\/wp-json\/wp\/v2\/types\/post"}],"author":[{"embeddable":true,"href":"https:\/\/blogs.diariovasco.com\/sesioncontinua\/wp-json\/wp\/v2\/users\/31"}],"replies":[{"embeddable":true,"href":"https:\/\/blogs.diariovasco.com\/sesioncontinua\/wp-json\/wp\/v2\/comments?post=87"}],"version-history":[{"count":0,"href":"https:\/\/blogs.diariovasco.com\/sesioncontinua\/wp-json\/wp\/v2\/posts\/87\/revisions"}],"wp:attachment":[{"href":"https:\/\/blogs.diariovasco.com\/sesioncontinua\/wp-json\/wp\/v2\/media?parent=87"}],"wp:term":[{"taxonomy":"category","embeddable":true,"href":"https:\/\/blogs.diariovasco.com\/sesioncontinua\/wp-json\/wp\/v2\/categories?post=87"},{"taxonomy":"post_tag","embeddable":true,"href":"https:\/\/blogs.diariovasco.com\/sesioncontinua\/wp-json\/wp\/v2\/tags?post=87"}],"curies":[{"name":"wp","href":"https:\/\/api.w.org\/{rel}","templated":true}]}}