{"id":89,"date":"2006-10-29T14:17:54","date_gmt":"2006-10-29T14:17:54","guid":{"rendered":"http:\/\/blogs.diariovasco.com\/sesioncontinua\/?p=89"},"modified":"2006-10-29T14:17:54","modified_gmt":"2006-10-29T14:17:54","slug":"la_fiesta_del_terror","status":"publish","type":"post","link":"https:\/\/blogs.diariovasco.com\/sesioncontinua\/2006\/10\/29\/la_fiesta_del_terror\/","title":{"rendered":"La fiesta del terror"},"content":{"rendered":"<p><IMG src=\"\/sesioncontinua\/wp-content\/uploads\/sites\/17\" height=\"138\" width=\"550\"><\/p>\n<div align=\"justify\"><font size=\"2\">Los ni\u00f1os de &#8220;El pueblo de los malditos&#8221; ya nos miran desde el balc\u00f3n del Principal. Nos vigilan desde las alturas y nos traen a la memoria lo que sentimos la primera vez que vimos esa pel\u00edcula y por qu\u00e9 nos dan un poco de &#8220;yuyu&#8221; los ni\u00f1os rubitos, de ojos claritos y formalitos, tan angelicales ellos.<\/p>\n<p>Este s\u00e1bado arranc\u00f3 la <a href=\"http:\/\/www.sansebastianhorrorfestival.com\/index-es.php\" rel=\"external nofollow\">XVII Semana de Cine Fant\u00e1stico y de Terror<\/a>, que \u00e9ste es su nombre oficial. En ella hay por supuesto pel\u00edculas, exposiciones, teatro de calle, pero lo caracter\u00edstico de esta Semana es el ambientazo de las proyecciones del Principal. Una <b>fiesta total<\/b> en la que se ovaciona la presentaci\u00f3n de las pelis y los invitados, se jalean los momentos favoritos de la proyecci\u00f3n, se grita para toda la sala el comentario (el nivel de inspiraci\u00f3n del mismo es muy variable) que nos ha inspirado lo que acabamos de ver en la pantalla, se reclama la presencia del &#8220;profeta&#8221; Rebor, se bebe lo que se tercie&#8230; Un espect\u00e1culo de cine &#8220;interactivo&#8221; para espectadores con cuerpo de fiesta.<\/p>\n<p>La pel\u00edcula elegida para la inauguraci\u00f3n fue <b>&#8220;Severance&#8221;<\/b> del brit\u00e1nico Chris Smith, la pel\u00edcula casi ideal para el arranque de los festejos: terror, humor socarr\u00f3n, muertes de topo tipo, chicas guapas&#8230; un divertido cocktail muy del gusto del p\u00fablico de la Semana.<\/p>\n<p>Y tambi\u00e9n hubo <b>cortos<\/b>. Ah\u00ed es nada ver &#8220;Moongirl&#8221; lo \u00faltimo de Henry Selick director de &#8220;Pesadilla antes de Navidad&#8221; (\u00bfalguien tendr\u00e1 el detalle de estrenar por aqu\u00ed la versi\u00f3n en 3-D que acaba de llegar a los cines USA?) o la espl\u00e9ndida &#8220;Guide Dog&#8221; del genio de la animaci\u00f3n Bill Plympton.<\/p>\n<p>Para terminar la noche se pudieron ver tres cap\u00edtulos de la serie de televisi\u00f3n <b>&#8220;The Masters of Horror&#8221;<\/b>, que vienen a demostrar, por si a alguien le quedaba alguna duda, que actualmente en la televisi\u00f3n norteamericana los autores gozan de mayor libertad para crear y contar sus historias que en el cine de los grandes estudios de Hollywood. A Joe Dante con &#8220;El ej\u00e9rcito de los muertos&#8221; le da por la cr\u00edtica pol\u00edtica feroz, al prol\u00edfico Takashi Miike con &#8220;Huella&#8221; por algunas de las im\u00e1genes m\u00e1s turbadoras y tambi\u00e9n desagradables del a\u00f1o (tanto que en los Estados Unidos y en Gran Breta\u00f1a no han llegado a emitirla) y a John McNaughton con &#8220;El cuento de Haeckel&#8221; que desde &#8220;Henry, retrato de un asesino&#8221; no acaba de levantar cabeza, por una historia de zombis y erotismo en tiempos de la Guerra Civil norteamericana en una nueva vuelta a la historia de Frankenstein.<\/p>\n<p>\u00a1Qu\u00e9 siga la fiesta! \u00a1Qu\u00e9 no decaiga!<br \/><\/font><\/div>\n<!-- AddThis Advanced Settings generic via filter on the_content --><!-- AddThis Share Buttons generic via filter on the_content -->","protected":false},"excerpt":{"rendered":"<p>Los ni\u00f1os de &#8220;El pueblo de los malditos&#8221; ya nos miran desde el balc\u00f3n del Principal. Nos vigilan desde las alturas y nos traen a la memoria lo que sentimos la primera vez que vimos esa pel\u00edcula y por qu\u00e9 nos dan un poco de &#8220;yuyu&#8221; los ni\u00f1os rubitos, de ojos claritos y formalitos, tan [&hellip;]<!-- AddThis Advanced Settings generic via filter on get_the_excerpt --><!-- AddThis Share Buttons generic via filter on get_the_excerpt --><\/p>\n","protected":false},"author":31,"featured_media":0,"comment_status":"open","ping_status":"closed","sticky":false,"template":"","format":"standard","meta":[],"categories":[2],"tags":[4],"_links":{"self":[{"href":"https:\/\/blogs.diariovasco.com\/sesioncontinua\/wp-json\/wp\/v2\/posts\/89"}],"collection":[{"href":"https:\/\/blogs.diariovasco.com\/sesioncontinua\/wp-json\/wp\/v2\/posts"}],"about":[{"href":"https:\/\/blogs.diariovasco.com\/sesioncontinua\/wp-json\/wp\/v2\/types\/post"}],"author":[{"embeddable":true,"href":"https:\/\/blogs.diariovasco.com\/sesioncontinua\/wp-json\/wp\/v2\/users\/31"}],"replies":[{"embeddable":true,"href":"https:\/\/blogs.diariovasco.com\/sesioncontinua\/wp-json\/wp\/v2\/comments?post=89"}],"version-history":[{"count":0,"href":"https:\/\/blogs.diariovasco.com\/sesioncontinua\/wp-json\/wp\/v2\/posts\/89\/revisions"}],"wp:attachment":[{"href":"https:\/\/blogs.diariovasco.com\/sesioncontinua\/wp-json\/wp\/v2\/media?parent=89"}],"wp:term":[{"taxonomy":"category","embeddable":true,"href":"https:\/\/blogs.diariovasco.com\/sesioncontinua\/wp-json\/wp\/v2\/categories?post=89"},{"taxonomy":"post_tag","embeddable":true,"href":"https:\/\/blogs.diariovasco.com\/sesioncontinua\/wp-json\/wp\/v2\/tags?post=89"}],"curies":[{"name":"wp","href":"https:\/\/api.w.org\/{rel}","templated":true}]}}