{"id":90,"date":"2006-11-05T14:44:48","date_gmt":"2006-11-05T14:44:48","guid":{"rendered":"http:\/\/blogs.diariovasco.com\/sesioncontinua\/?p=90"},"modified":"2006-11-05T14:44:48","modified_gmt":"2006-11-05T14:44:48","slug":"mi_semana_fantastica","status":"publish","type":"post","link":"https:\/\/blogs.diariovasco.com\/sesioncontinua\/2006\/11\/05\/mi_semana_fantastica\/","title":{"rendered":"Mi Semana Fant\u00e1stica"},"content":{"rendered":"<p><IMG src=\"\/sesioncontinua\/wp-content\/uploads\/sites\/17\" height=\"138\" vspace=\"10\" width=\"550\"><\/p>\n<div align=\"justify\"><font size=\"2\">Ya estoy aqu\u00ed. Y no para hacer promoci\u00f3n de El Corte Ingl\u00e9s. Que esto sigue siendo Sesi\u00f3n Continua, un blog de cine que he tenido un pel\u00edn abandonado esta \u00faltima semana, pero entre el trabajo matutino y las tres sesiones diarias de la Semana, no ten\u00eda tiempo para casi nada m\u00e1s. <\/p>\n<p>Ahora que ya ha acabado os cuento algunas cosillas, pero antes dos salvedades:<br \/>&#8211; No soy un fan del g\u00e9nero de terror (soy tan cobarde que no me gusta pasar miedo) por lo que no he seguido de manera exhaustiva la Secci\u00f3n Oficial de Largos (de los 24 t\u00edtulos que lo conformaban he visto 11 y de los 16 a concurso, 6) y me he dedicado m\u00e1s a ver la retrospectiva de Cronenberg y los cl\u00e1sicos recuperados.<br \/>&#8211; Por motivos personales no pude ver la peli m\u00e1s esperada de la Semana, la de la clausura, la coreana &#8220;The Host&#8221;, pero tras o\u00edr lo que cuentan los que la vieron, qu\u00e9 ganas tengo de que se estrene comercialmente para hacerlo.<\/p>\n<p>Pues lo dicho, \u00e9stas son algunas de las cosas que m\u00e1s me han llamado la atenci\u00f3n:<\/p>\n<p><b>1. La fachada del Principal:&nbsp;<\/b> los angelicales ni\u00f1os rubios de &#8220;El pueblo de los malditos&#8221; que la decoraban han sido la imagen de esta edici\u00f3n y no s\u00e9 los cientos de fotos que les han hecho las gentes que paseaban por la Parte Vieja.<\/p>\n<p><b>2. Las pelis de Cronenberg: <\/b>Me ha sorprendido lo bien que soportan el paso del tiempo las pelis de los 80 del director canadiense. Con todo lo que han mejorado los efectos especiales los \u00faltimos a\u00f1os y dados los temas que tratan pensaba que &#8220;Videodrome&#8221;, &#8220;La mosca&#8221;, &#8220;La zona muerta&#8221; o &#8220;Inseparables&#8221; no habr\u00edan aguantado tan bien el paso de los a\u00f1os.<\/p>\n<p><b>3. Renaissance: <\/b>gan\u00f3. y por lo que yo vi de forma muy merecida, el premio al mejor largo. Animaci\u00f3n digital en un estricto blanco y negro (es decir casi s\u00f3lo blanco y negro, sin apenas grises), todo un espect\u00e1culo visual, un alarde de movimientos de c\u00e1mara, encuadres imposibles y planificaci\u00f3n. A lo mejor en alg\u00fan momento hubo cosas que no acab\u00e9 de entender bien, pero quiz\u00e1 fuera mi problema porque todav\u00eda estaba alucinado por lo que acababa de ver en la secuencia anterior.<\/p>\n<p><IMG src=\"\/sesioncontinua\/wp-content\/uploads\/sites\/17\" height=\"223\" vspace=\"10\" width=\"550\"><\/p>\n<p><b>4. Deserciones, mareos y ambulancia: <\/b>De todo esto hubo en la proyecci\u00f3n del Pr\u00edncipe de la premiada en Sitges y en Luxemburgo y prohibida en su pa\u00eds de origen Alemania &#8220;Grimm Love&#8221;. Y es que los caballeros tenemos que tener mucha capacidad de encaje para aguantar ciertos momentos del final de la pel\u00edcula. Y menos mal que lo m\u00e1s duro no se ve expl\u00edcitamente en la pantalla. De todas formas, la prohibici\u00f3n en Alemania no es por la dureza de las im\u00e1genes, sino por petici\u00f3n del can\u00edbal en cuyo delito est\u00e1 basada la pel\u00edcula.<\/p>\n<p><b>5. Promociones de Calle 13.<\/b> El canal de televisi\u00f3n especializado en el g\u00e9nero fant\u00e1stico y de terror es uno de los patrocinadores de la Semana y sus anuncios promocionales preced\u00edan la proyecci\u00f3n de algunas de las pelis. Mi favorito: el del peso y el ruido de la motosierra. Muy ocurrente.<\/p>\n<p><b>6. Los cortos<\/b>: El nivel del concurso internacional me ha parecido alto con joyas como &#8220;Delivery&#8221;, &#8220;Still Life&#8221;, &#8220;Ujbaz Izbeneki has lost his soul&#8221; o &#8220;The Mechanicals&#8221;. El nivel de los cortos espa\u00f1oles bastante m\u00e1s bajo. \u00a1Ah! Y no me hac\u00eda falta ver tres veces el premiado en Sitges &#8220;For(r)est in the Des(s)sert&#8221; del amaratarra Luiso Berdejo.<\/p>\n<p><b>7. Entradas a 6 euros:<\/b> Teniendo en cuenta que est\u00e1 organizada por el Patronato Municipal de Cultura del Ayuntamiento de Donostia se me hace extra\u00f1o que las entradas sueltas fueran al mismo precio o incluso m\u00e1s caras que en un cine comercial. De acuerdo en que hab\u00eda abonos a precios m\u00e1s econ\u00f3micos, sesiones dobles y triples, pero tambi\u00e9n hay localidades del Principal de 6 euros de precio desde las que no hay una visi\u00f3n completa de la pantalla y en ning\u00fan sitio lo advert\u00eda y adem\u00e1s, hubo alguna proyecci\u00f3n en DVD.<\/p>\n<p>Y peligro, peligro&#8230; el a\u00f1o que viene la Semana se nos hace mayor de edad. 18 a\u00f1itos&#8230;<br \/><\/font><\/div>\n<!-- AddThis Advanced Settings generic via filter on the_content --><!-- AddThis Share Buttons generic via filter on the_content -->","protected":false},"excerpt":{"rendered":"<p>Ya estoy aqu\u00ed. Y no para hacer promoci\u00f3n de El Corte Ingl\u00e9s. Que esto sigue siendo Sesi\u00f3n Continua, un blog de cine que he tenido un pel\u00edn abandonado esta \u00faltima semana, pero entre el trabajo matutino y las tres sesiones diarias de la Semana, no ten\u00eda tiempo para casi nada m\u00e1s. Ahora que ya ha [&hellip;]<!-- AddThis Advanced Settings generic via filter on get_the_excerpt --><!-- AddThis Share Buttons generic via filter on get_the_excerpt --><\/p>\n","protected":false},"author":31,"featured_media":0,"comment_status":"open","ping_status":"closed","sticky":false,"template":"","format":"standard","meta":[],"categories":[2],"tags":[4],"_links":{"self":[{"href":"https:\/\/blogs.diariovasco.com\/sesioncontinua\/wp-json\/wp\/v2\/posts\/90"}],"collection":[{"href":"https:\/\/blogs.diariovasco.com\/sesioncontinua\/wp-json\/wp\/v2\/posts"}],"about":[{"href":"https:\/\/blogs.diariovasco.com\/sesioncontinua\/wp-json\/wp\/v2\/types\/post"}],"author":[{"embeddable":true,"href":"https:\/\/blogs.diariovasco.com\/sesioncontinua\/wp-json\/wp\/v2\/users\/31"}],"replies":[{"embeddable":true,"href":"https:\/\/blogs.diariovasco.com\/sesioncontinua\/wp-json\/wp\/v2\/comments?post=90"}],"version-history":[{"count":0,"href":"https:\/\/blogs.diariovasco.com\/sesioncontinua\/wp-json\/wp\/v2\/posts\/90\/revisions"}],"wp:attachment":[{"href":"https:\/\/blogs.diariovasco.com\/sesioncontinua\/wp-json\/wp\/v2\/media?parent=90"}],"wp:term":[{"taxonomy":"category","embeddable":true,"href":"https:\/\/blogs.diariovasco.com\/sesioncontinua\/wp-json\/wp\/v2\/categories?post=90"},{"taxonomy":"post_tag","embeddable":true,"href":"https:\/\/blogs.diariovasco.com\/sesioncontinua\/wp-json\/wp\/v2\/tags?post=90"}],"curies":[{"name":"wp","href":"https:\/\/api.w.org\/{rel}","templated":true}]}}