{"id":91,"date":"2006-11-09T00:39:50","date_gmt":"2006-11-09T00:39:50","guid":{"rendered":"http:\/\/blogs.diariovasco.com\/sesioncontinua\/?p=91"},"modified":"2006-11-09T00:39:50","modified_gmt":"2006-11-09T00:39:50","slug":"politica_en_la_cartelera","status":"publish","type":"post","link":"https:\/\/blogs.diariovasco.com\/sesioncontinua\/2006\/11\/09\/politica_en_la_cartelera\/","title":{"rendered":"Pol\u00edtica en la cartelera"},"content":{"rendered":"<p><DIV align=justify><FONT size=2>El imperio ha votado. Como todos los primeros martes despu\u00e9s del primer lunes de noviembre de los a\u00f1os pares les ha tocado depositar la papeleta. Y esta vez le han hecho una faena al Bush, as\u00ed que mejor. &#8220;Casualmente&#8221;, para celebrar la circunstancia a la cartelera de &#8220;esta colonia&#8221; han llegado varias pel\u00edculas sobre temas o con trasfondos pol\u00edticos.<\/FONT><BR><\/DIV><br \/>\n<FONT size=2><BR><\/FONT><br \/>\n<DIV align=justify><FONT size=2>Para empezar <B>&#8220;GAL&#8221;<\/B> de Miguel Courtois sobre la investigaci\u00f3n period\u00edstica que destap\u00f3 el caso GAL. En la publicidad la anuncian con el subt\u00edtulo de &#8220;la historia real que sacudi\u00f3 el pa\u00eds&#8221;. Y seguramente es lo que intentaron hacer, pero ciertamente tiene m\u00e9rito hacer algo tan <B>incre\u00edble<\/B> bas\u00e1ndose en hechos reales. He le\u00eddo por ah\u00ed que la acusaban de manipuladora. A m\u00ed me parece que es imposible que a algo tan poco cre\u00edble, se le pueda calificar de esa manera. <BR><BR>Supongo que para evitarse problemas con la justicia decidieron cambiar los nombres de los personajes, pero si uno pretende contar la verdad como afirman sus responsables, chirr\u00eda que personajes perfectamente&nbsp; reconocibles no se llamen como todos sabemos que deber\u00edan hacerlo.<BR><IMG height=117 src=\"\/sesioncontinua\/wp-content\/uploads\/sites\/17\" width=175 vspace=10><IMG height=117 src=\"\/sesioncontinua\/wp-content\/uploads\/sites\/17\" width=175 vspace=10><IMG height=117 src=\"\/sesioncontinua\/wp-content\/uploads\/sites\/17\" width=175 vspace=10><BR><BR>De todas formas, no es \u00e9ste el \u00fanico problema: esos periodistas tan her\u00f3icos, \u00edntegros, fieles, inteligentes y desinteresados, ese director de peri\u00f3dico san ped&#8230; (perd\u00f3n) Pablo (J. Ram\u00edrez), ese gui\u00f3n lleno de licencias argumentales y de agujeros que parecen socavones, esas interpretaciones tan poco naturales destacando ese Ariza (Amedo) interpretado por Jordi Moll\u00e1 que hace cre\u00edble a Torrente, esa historia de amor que no pega ni con cola, ese presidente del gobierno interpretado por un actor franc\u00e9s y &#8220;por consiguiente&#8221; <IMG src=\"\/sesioncontinua\/wp-content\/uploads\/sites\/17\"> &#8220;sutilmente&#8221; doblado por un imitador de Felipe Gonz\u00e1lez, esa descuidada ambientaci\u00f3n de la Donosti de los 80, ese final pretendidamente inquietante&#8230; conforman un <B>desprop\u00f3sito <\/B>que para m\u00ed es la peor pel\u00edcula que he visto en muchos meses. En lugar de pagar los espectadores por verla, entiendo que El Mundo deber\u00eda pagar a los exhibidores por colarles este largu\u00edsimo anuncio del peri\u00f3dico. Por cierto, los se\u00f1ores de Mundo Ficci\u00f3n anuncian que su siguiente pel\u00edcula podr\u00eda ser sobre los atentados del 11-M supongo que con trama del \u00e1cido b\u00f3rico incluida.<BR><BR>Y de este descarado intento completamente fallido de hacer un &#8220;Todos los hombres del presidente&#8221; a la espa\u00f1ola, paso a <B>&#8220;Todos los hombres del rey&#8221;<\/B> que es como se titula (respetando el original en ingl\u00e9s) el remake de &#8220;El Pol\u00edtico&#8221; de Robert Rossen de 1949 que ha dirigido Stevan Zaillian el de &#8220;En busca de Bobby Fischer&#8221; y guionista de &#8220;La lista de Schindler&#8221;, &#8220;Hannibal&#8221; o &#8220;Gangs of New York&#8221;. Hay algo que no entiendo de los directores de cine: \u00bfpor qu\u00e9 se empe\u00f1an en pon\u00e9rselo tan dif\u00edcil a ellos mismos? Ya que las comparaciones con el original son inevitables, \u00bfpor qu\u00e9 elegir una gran pel\u00edcula como la de Rossen para versionar? El director dice que no hab\u00eda visto la de 1949 y que quer\u00eda hacer una <B>adaptaci\u00f3n del libro<\/B>, no un remake de la peli.<BR><IMG height=218 src=\"\/sesioncontinua\/wp-content\/uploads\/sites\/17\" width=550 vspace=10><BR>La historia del auge y la ca\u00edda de un pol\u00edtico populista que llega a gobernador de Louisiana cayendo por el camino en la tentaci\u00f3n de la corrupci\u00f3n, no est\u00e1 a la altura de lo que uno pod\u00eda esperar por un <B>reparto<\/B> encabezado por Sean Penn, Jude Law, Kate Winslet, Anthony Hopkins, Patricia Clarkson, Mark Ruffalo, James Gandolfini y Kathy Baker. S\u00f3lo <B>Penn y Law<\/B> tienen minutos y personajes como para lucirse y<B> ninguno<\/B> de los dos <B>lo hace<\/B>. Penn ni al principio transmite el carisma que deber\u00eda, ni al final es lo suficientemente amenazante. Se dedica a poner un rictus extra\u00f1o en la cara y una postura rara durante toda la pel\u00edcula y ya est\u00e1. El <B>gui\u00f3n<\/B> peca de <B>exceso de ambici\u00f3n<\/B>, plantea varias subtramas sin acabar de decidirse por ninguna, por lo que acaba dispers\u00e1ndose y el resultado es una <B>pel\u00edcula deslavazada<\/B> en la que da la impresi\u00f3n de que gran parte de lo rodado se hubiera quedado fuera en la sala de montaje. Una pel\u00edcula realizada a lo grande, con medios, pero a la que le falta garra. Espero que a estas alturas Zaillian haya podido disfrutar de &#8220;El Pol\u00edtico&#8221; y haya sacado sus conclusiones.<BR><BR>Y como no hay dos sin tres, Al Gore y su <B>&#8220;La verdad inc\u00f3moda&#8221;<\/B>. El que fuera vicepresidente de los Estados Unidos con Clinton, &#8220;perdi\u00f3&#8221; las elecciones presidenciales ante George W. Bush hace 6 a\u00f1os como consecuencia del esc\u00e1ndalo del recuento de las papeletas en el estado de Florida donde gobernaba el hermano Jebb Bush (una peli sobre este tema tambi\u00e9n promete). Tras este &#8220;fracaso&#8221; Al Gore decidi\u00f3 volver al activismo ecologista y concretamente, en contra del <B>calentamiento global<\/B>. Este <B>documental<\/B> dirigido por Davis Guggenheim es una explicaci\u00f3n <B>clara y muy did\u00e1ctica<\/B> del punto de vista de Gore sobre la emisi\u00f3n de los gases de efecto invernadero, el <B>cambio clim\u00e1tico<\/B> y la posible evoluci\u00f3n de la Tierra de aqu\u00ed a unos a\u00f1os. Es similar a asistir a una clase o a una charla sobre el tema, con un profesor de post\u00edn y&nbsp;unos medios espectaculares, para acabar uno concienciado de que tiene que poner su granito de arena.<BR><IMG height=234 src=\"\/sesioncontinua\/wp-content\/uploads\/sites\/17\" width=550 vspace=10><BR>Y tambi\u00e9n est\u00e1 en cartel (no s\u00e9 por cu\u00e1nto tiempo) <B>&#8220;La Ciudad Perdida&#8221;<\/B> el d\u00e9but de <B>Andy Garcia<\/B> (con la i sin acentuar como lo escribe el interesado) como director de un largo de ficci\u00f3n protagonizado por \u00e9l mismo e In\u00e9s Sastre sobre la historia de una familia cubana acomodada en la \u00e9poca inmediatamente anterior y posterior a la revoluci\u00f3n castrista. No me enrollo. Simplemente os comento que cuando le\u00ed por primera vez algo acerca de este proyecto no me interes\u00f3 nada (refugiado cubano en Miami haciendo un panfleto anticastrista), el trailer me hizo temerme lo peor, pero el resultado final va incluso m\u00e1s all\u00e1. La <B>direcci\u00f3n<\/B> es <B>torpe<\/B>, las <B>interpretaciones p\u00e9simas<\/B>, la historia de culebr\u00f3n barato, le falta presupuesto y Garcia no sabe qu\u00e9 hacer con una bastante interesante&nbsp; selecci\u00f3n musical. Junto a &#8220;GAL&#8221; la pasamos a la lista de lo peor del a\u00f1o.<BR><\/FONT><BR><\/DIV><\/p>\n<!-- AddThis Advanced Settings generic via filter on the_content --><!-- AddThis Share Buttons generic via filter on the_content -->","protected":false},"excerpt":{"rendered":"<p>El imperio ha votado. Como todos los primeros martes despu\u00e9s del primer lunes de noviembre de los a\u00f1os pares les ha tocado depositar la papeleta. Y esta vez le han hecho una faena al Bush, as\u00ed que mejor. &#8220;Casualmente&#8221;, para celebrar la circunstancia a la cartelera de &#8220;esta colonia&#8221; han llegado varias pel\u00edculas sobre temas [&hellip;]<!-- AddThis Advanced Settings generic via filter on get_the_excerpt --><!-- AddThis Share Buttons generic via filter on get_the_excerpt --><\/p>\n","protected":false},"author":31,"featured_media":0,"comment_status":"open","ping_status":"closed","sticky":false,"template":"","format":"standard","meta":[],"categories":[2],"tags":[4],"_links":{"self":[{"href":"https:\/\/blogs.diariovasco.com\/sesioncontinua\/wp-json\/wp\/v2\/posts\/91"}],"collection":[{"href":"https:\/\/blogs.diariovasco.com\/sesioncontinua\/wp-json\/wp\/v2\/posts"}],"about":[{"href":"https:\/\/blogs.diariovasco.com\/sesioncontinua\/wp-json\/wp\/v2\/types\/post"}],"author":[{"embeddable":true,"href":"https:\/\/blogs.diariovasco.com\/sesioncontinua\/wp-json\/wp\/v2\/users\/31"}],"replies":[{"embeddable":true,"href":"https:\/\/blogs.diariovasco.com\/sesioncontinua\/wp-json\/wp\/v2\/comments?post=91"}],"version-history":[{"count":0,"href":"https:\/\/blogs.diariovasco.com\/sesioncontinua\/wp-json\/wp\/v2\/posts\/91\/revisions"}],"wp:attachment":[{"href":"https:\/\/blogs.diariovasco.com\/sesioncontinua\/wp-json\/wp\/v2\/media?parent=91"}],"wp:term":[{"taxonomy":"category","embeddable":true,"href":"https:\/\/blogs.diariovasco.com\/sesioncontinua\/wp-json\/wp\/v2\/categories?post=91"},{"taxonomy":"post_tag","embeddable":true,"href":"https:\/\/blogs.diariovasco.com\/sesioncontinua\/wp-json\/wp\/v2\/tags?post=91"}],"curies":[{"name":"wp","href":"https:\/\/api.w.org\/{rel}","templated":true}]}}