{"id":93,"date":"2006-11-14T23:43:08","date_gmt":"2006-11-14T23:43:08","guid":{"rendered":"http:\/\/blogs.diariovasco.com\/sesioncontinua\/?p=93"},"modified":"2006-11-14T23:43:08","modified_gmt":"2006-11-14T23:43:08","slug":"la_de_clint_de_regalo_de_reyes","status":"publish","type":"post","link":"https:\/\/blogs.diariovasco.com\/sesioncontinua\/2006\/11\/14\/la_de_clint_de_regalo_de_reyes\/","title":{"rendered":"La de Clint, de regalo de Reyes"},"content":{"rendered":"<div align=\"justify\"><font size=\"2\"><IMG src=\"\/sesioncontinua\/wp-content\/uploads\/sites\/17\" align=\"left\" height=\"309\" hspace=\"15\" vspace=\"10\" width=\"225\"><br \/>Efectivamente. Estaba previsto que se estrenara en el Estado el viernes 17 de noviembre. Pero tras hacer (y pagar) gran parte de la campa\u00f1a publicitaria, a \u00faltima hora, los se\u00f1ores de Warner Espa\u00f1a han decidido que nos tocar\u00e1 esperar hasta la v\u00edspera del d\u00eda de Reyes para poder ver <b>&#8220;Banderas de nuestros padres&#8221;,<\/b> la nueva de <b>Clint Eastwood <\/b>sobre la batalla de Iwo Jima en la Segunda Guerra Mundial.<\/p>\n<p>En los Estados Unidos se estren\u00f3 el d\u00eda 20 de octubre. De acuerdo, las <b>buenas cr\u00edticas no<\/b> han sido tan <b>un\u00e1nimes<\/b> como con &#8220;Mystic River&#8221; o &#8220;Million Dollar Baby&#8221;, pero la mayor\u00eda han sido positivas. Tampoco vamos a pedir al bueno de Clint a sus 76 a\u00f1os que nos haga obras maestras sin parar.<\/p>\n<p>Los resultados de <b>taquilla<\/b> han sido <b>decepcionantes<\/b>. O los premios de fin de a\u00f1o cambian el panorama o su recaudaci\u00f3n en los Estados Unidos no llegar\u00e1 ni a la mitad de la de sus dos \u00faltimas pel\u00edculas. Pero teniendo en cuenta las cifras en las que se suele mover Clint, no se puede considerar que sea un desastre. Tampoco en Francia, ni en Italia ha logrado el \u00e9xito esperado.<\/p>\n<p>\u00bfPero a qu\u00e9 viene el cambio de fecha de estreno en Espa\u00f1a a estas alturas? \u00bfAcercar la fecha a la del anuncio de las nominaciones para los Oscars ahora que parecen m\u00e1s improbables que hace dos meses? Todas las publicaciones especializadas est\u00e1n llenas de <b>art\u00edculos<\/b> acerca de la pel\u00edcula, ya ha habido <b>pases de prensa<\/b>, el <a href=\"http:\/\/www.apple.com\/trailers\/dreamworks\/flagsofourfathers\/\" rel=\"external nofollow\"><b>trailer<\/b><\/a> nos lo sabemos de memoria&#8230; y ahora toca esperar mes y medio m\u00e1s para poder verla.<b> <\/p>\n<p>Mes y medio<\/b> m\u00e1s en el que los <b>piratas <\/b>podr\u00e1n hacer de las suyas, para que quien quiera pueda baj\u00e1rsela gratuita e ilegalmente por internet o compr\u00e1rsela en el top manta. Seguramente a los se\u00f1ores de Warner les preocupe la pirater\u00eda, en <a href=\"http:\/\/www.warnerbros.es\/web\/main\/movies\/movies.jsp?frompage=wb_homepage_es\" rel=\"external nofollow\">su p\u00e1gina web<\/a> aparece Pel\u00e9 lanzando un mensaje en contra de la misma (que no s\u00e9 yo qu\u00e9 tiene que ver este se\u00f1or con el cine, pero ah\u00ed est\u00e1), aunque la verdad es que no lo parece.<\/p>\n<p>Curiosamente, en esa p\u00e1gina web siguen anunciando el estreno para el 17 de noviembre. \u00bfNos habr\u00e1n enga\u00f1ado a todos? Me temo que no. \u00bfY cu\u00e1ndo podremos ver <b>&#8220;Letters from Iwo Jima&#8221;<\/b>, la versi\u00f3n de la misma batalla pero desde el punto de vista japon\u00e9s que tambi\u00e9n ha dirigido Eastwood?<br \/><IMG src=\"\/sesioncontinua\/wp-content\/uploads\/sites\/17\" height=\"222\" vspace=\"10\" width=\"550\"><br \/>Post &#8211; data (16 de noviembre): Warner Bros. ha anunciado que adelanta el estreno de &#8220;Letters from Iwo Jima&#8221; en los Estados Unidos del 9 de febrero de 2007 al 20 de diciembre de 2006 por lo que entrar\u00eda en la lista de oscarizables del 2006, lo que se considera que perjudica claramente las posibilidades de nominaciones u Oscars de &#8220;Banderas de nuestros padres&#8221;. As\u00ed que cuando se estrene por aqu\u00ed \u00e9sta, en Estados Unidos ya habr\u00e1n visto ambas.<br \/><\/font><\/div>\n<p><\/p>\n<!-- AddThis Advanced Settings generic via filter on the_content --><!-- AddThis Share Buttons generic via filter on the_content -->","protected":false},"excerpt":{"rendered":"<p>Efectivamente. Estaba previsto que se estrenara en el Estado el viernes 17 de noviembre. Pero tras hacer (y pagar) gran parte de la campa\u00f1a publicitaria, a \u00faltima hora, los se\u00f1ores de Warner Espa\u00f1a han decidido que nos tocar\u00e1 esperar hasta la v\u00edspera del d\u00eda de Reyes para poder ver &#8220;Banderas de nuestros padres&#8221;, la nueva [&hellip;]<!-- AddThis Advanced Settings generic via filter on get_the_excerpt --><!-- AddThis Share Buttons generic via filter on get_the_excerpt --><\/p>\n","protected":false},"author":31,"featured_media":0,"comment_status":"open","ping_status":"closed","sticky":false,"template":"","format":"standard","meta":[],"categories":[2],"tags":[4],"_links":{"self":[{"href":"https:\/\/blogs.diariovasco.com\/sesioncontinua\/wp-json\/wp\/v2\/posts\/93"}],"collection":[{"href":"https:\/\/blogs.diariovasco.com\/sesioncontinua\/wp-json\/wp\/v2\/posts"}],"about":[{"href":"https:\/\/blogs.diariovasco.com\/sesioncontinua\/wp-json\/wp\/v2\/types\/post"}],"author":[{"embeddable":true,"href":"https:\/\/blogs.diariovasco.com\/sesioncontinua\/wp-json\/wp\/v2\/users\/31"}],"replies":[{"embeddable":true,"href":"https:\/\/blogs.diariovasco.com\/sesioncontinua\/wp-json\/wp\/v2\/comments?post=93"}],"version-history":[{"count":0,"href":"https:\/\/blogs.diariovasco.com\/sesioncontinua\/wp-json\/wp\/v2\/posts\/93\/revisions"}],"wp:attachment":[{"href":"https:\/\/blogs.diariovasco.com\/sesioncontinua\/wp-json\/wp\/v2\/media?parent=93"}],"wp:term":[{"taxonomy":"category","embeddable":true,"href":"https:\/\/blogs.diariovasco.com\/sesioncontinua\/wp-json\/wp\/v2\/categories?post=93"},{"taxonomy":"post_tag","embeddable":true,"href":"https:\/\/blogs.diariovasco.com\/sesioncontinua\/wp-json\/wp\/v2\/tags?post=93"}],"curies":[{"name":"wp","href":"https:\/\/api.w.org\/{rel}","templated":true}]}}