{"id":97,"date":"2006-12-02T01:32:01","date_gmt":"2006-12-02T01:32:01","guid":{"rendered":"http:\/\/blogs.diariovasco.com\/sesioncontinua\/?p=97"},"modified":"2006-12-02T01:32:01","modified_gmt":"2006-12-02T01:32:01","slug":"cerrado_por_vacaciones_1","status":"publish","type":"post","link":"https:\/\/blogs.diariovasco.com\/sesioncontinua\/2006\/12\/02\/cerrado_por_vacaciones_1\/","title":{"rendered":"Cerrado por vacaciones"},"content":{"rendered":"<p><DIV align=justify><FONT size=2>O mejor deber\u00eda decir, cerrado por viaje. Estoy seguro de que no tendr\u00e9 problemas en encontrar sitios con acceso en internet, pero me temo que no voy a tener tiempo de pasarme por el blog durante algo m\u00e1s de un par de semanas y adem\u00e1s me costar\u00e1 mantenerme informado sobre nuestra actualidad cinematogr\u00e1fica. Podr\u00e9 ver cosas como&#8230;<BR><IMG height=123 src=\"\/sesioncontinua\/wp-content\/uploads\/sites\/17\" width=239 vspace=10><IMG height=123 src=\"\/sesioncontinua\/wp-content\/uploads\/sites\/17\" width=288 vspace=10><BR><BR>Aunque me temo que estar\u00e9 m\u00e1s centrado en&#8230;<BR><BR><IMG height=260 src=\"\/sesioncontinua\/wp-content\/uploads\/sites\/17\" width=550><BR><BR><\/FONT><\/DIV><br \/>\n<FONT size=2>&#8220;Sesi\u00f3n Continua&#8221; estar\u00e1 cerrado hasta&#8230;<BR><BR><IMG height=168 hspace=100 src=\"\/sesioncontinua\/wp-content\/uploads\/sites\/17\" width=350><BR><\/FONT><\/p>\n<!-- AddThis Advanced Settings generic via filter on the_content --><!-- AddThis Share Buttons generic via filter on the_content -->","protected":false},"excerpt":{"rendered":"<p>O mejor deber\u00eda decir, cerrado por viaje. Estoy seguro de que no tendr\u00e9 problemas en encontrar sitios con acceso en internet, pero me temo que no voy a tener tiempo de pasarme por el blog durante algo m\u00e1s de un par de semanas y adem\u00e1s me costar\u00e1 mantenerme informado sobre nuestra actualidad cinematogr\u00e1fica. Podr\u00e9 ver [&hellip;]<!-- AddThis Advanced Settings generic via filter on get_the_excerpt --><!-- AddThis Share Buttons generic via filter on get_the_excerpt --><\/p>\n","protected":false},"author":31,"featured_media":0,"comment_status":"open","ping_status":"closed","sticky":false,"template":"","format":"standard","meta":[],"categories":[2],"tags":[4],"_links":{"self":[{"href":"https:\/\/blogs.diariovasco.com\/sesioncontinua\/wp-json\/wp\/v2\/posts\/97"}],"collection":[{"href":"https:\/\/blogs.diariovasco.com\/sesioncontinua\/wp-json\/wp\/v2\/posts"}],"about":[{"href":"https:\/\/blogs.diariovasco.com\/sesioncontinua\/wp-json\/wp\/v2\/types\/post"}],"author":[{"embeddable":true,"href":"https:\/\/blogs.diariovasco.com\/sesioncontinua\/wp-json\/wp\/v2\/users\/31"}],"replies":[{"embeddable":true,"href":"https:\/\/blogs.diariovasco.com\/sesioncontinua\/wp-json\/wp\/v2\/comments?post=97"}],"version-history":[{"count":0,"href":"https:\/\/blogs.diariovasco.com\/sesioncontinua\/wp-json\/wp\/v2\/posts\/97\/revisions"}],"wp:attachment":[{"href":"https:\/\/blogs.diariovasco.com\/sesioncontinua\/wp-json\/wp\/v2\/media?parent=97"}],"wp:term":[{"taxonomy":"category","embeddable":true,"href":"https:\/\/blogs.diariovasco.com\/sesioncontinua\/wp-json\/wp\/v2\/categories?post=97"},{"taxonomy":"post_tag","embeddable":true,"href":"https:\/\/blogs.diariovasco.com\/sesioncontinua\/wp-json\/wp\/v2\/tags?post=97"}],"curies":[{"name":"wp","href":"https:\/\/api.w.org\/{rel}","templated":true}]}}