{"id":99,"date":"2006-12-24T13:27:21","date_gmt":"2006-12-24T13:27:21","guid":{"rendered":"http:\/\/blogs.diariovasco.com\/sesioncontinua\/?p=99"},"modified":"2006-12-24T13:27:21","modified_gmt":"2006-12-24T13:27:21","slug":"de_vuelta_actualizandome_de_premios","status":"publish","type":"post","link":"https:\/\/blogs.diariovasco.com\/sesioncontinua\/2006\/12\/24\/de_vuelta_actualizandome_de_premios\/","title":{"rendered":"De vuelta. Actualiz\u00e1ndome. De premios"},"content":{"rendered":"<p><DIV align=justify><FONT size=2><FONT face=Verdana>A pesar de que parec\u00eda que Air France estaba empe\u00f1ada en que no pudiera volver a Donosti (es incre\u00edble los abusos a los que someten impunemente las compa\u00f1\u00edas a\u00e9reas a sus clientes), tras un par de vuelos cancelados, una maleta perdida y cabreos varios consegu\u00ed llegar a casita. <\/FONT><\/FONT><BR><\/DIV><br \/>\n<FONT size=2><FONT face=Verdana><BR><IMG height=170 src=\"\/sesioncontinua\/wp-content\/uploads\/sites\/17\" width=241 vspace=10><IMG height=170 src=\"\/sesioncontinua\/wp-content\/uploads\/sites\/17\" width=306 vspace=10><BR><BR><\/FONT><\/FONT><br \/>\n<DIV align=justify><FONT size=2><FONT face=Verdana>Lo reconozco. Es cierto. No lo pude aguantar y en mi periplo por tierras de indios me escap\u00e9 a ver uno de los \u00faltimos \u00e9xitos de Bollywood. 3 horas de musical hablado y cantado en hindi y sin subt\u00edtulos, con protagonistas a cada cual m\u00e1s guapo, una historia de amor m\u00e1s dulce que una mermelada de turr\u00f3n y un estilo de narraci\u00f3n de lo m\u00e1s obvio y manipulador, en las que me lo pas\u00e9 en grande. La peli no val\u00eda gran cosa, pero verla rodeado de indios que mientras daban de comer a los ni\u00f1os, aplaud\u00edan cuando los protagonistas se besaban o lograban lo que se propon\u00edan fue una experiencia de lo m\u00e1s pintoresca. Todo muy kitsch.<BR><BR>Pero estas tres semanas que he estado desconectado de nuestra actualidad cinematogr\u00e1fica, ha habido gran cantidad de noticias, sobre todo de premios y unos pocos estrenos interesantes. As\u00ed que me toca actualizarme y de paso, lo comentamos. <\/FONT><\/FONT><BR><\/DIV><br \/>\n<BR><br \/>\n<DIV align=justify><FONT size=2><FONT face=Verdana>Para empezar, se entregaron los <B><A href=\"http:\/\/www.diariovasco.com\/prensa\/20061204\/cultura\/satisfaccion-familia-almodovar-europa_20061204.html\">Premios Europeos de Cine<\/A>.<\/B> A pesar de los 5 premios que logr\u00f3 <B>&#8220;Volver&#8221;<\/B> (mejor director, actriz para Pen\u00e9lope Cruz, fotograf\u00eda, banda sonora para el donostiarra Alberto Iglesias y el del p\u00fablico) la mejor pel\u00edcula europea de la temporada para la Academia Europea de Cine es <B>&#8220;Das Leben der Anderen&#8221;<\/B> (&#8220;La Vida de los otros&#8221;) del debutante alem\u00e1n Florian Henckel von Donnersmarck;&nbsp; una historia ambientada en 1984 en Alemania Oriental en la que un agente de la Stasi acaba fascinado por la vida y las ideas de sus espiados. Una chinita en el camino de Almod\u00f3var hacia el Oscar. Esperemos que tras este reconocimiento y considerando lo que pueda pasar en la carrera de los Oscars, Alta Films se anime a estrenar prontito esta pel\u00edcula que lleva anunciando en su p\u00e1gina web desde hace meses.<BR><BR><IMG height=232 src=\"\/sesioncontinua\/wp-content\/uploads\/sites\/17\" width=550 vspace=10><BR><BR>Tambi\u00e9n se anunciaron las nominaciones a los <A href=\"http:\/\/www.diariovasco.com\/prensa\/20061219\/cultura\/alatriste-volver-laberinto-fauno_20061219.html\"><B>Goya<\/B><\/A> cuya academia estrena presidenta, la guionista y directora Angeles Gonz\u00e1lez-Sinde. La verdad es que hay pocas sorpresas. Duelo &#8220;<B>Alatriste&#8221;<\/B> (15 nominaciones) &#8211; <B>&#8220;Volver&#8221;<\/B> (14), con <B>&#8220;El laberinto del Fauno&#8221;<\/B> (13) y <B>&#8220;Salvador&#8221;<\/B> (11) pis\u00e1ndoles los talones. 4 superproducciones para los est\u00e1ndares del cine espa\u00f1ol con un considerable \u00e9xito de taquilla. Todo muy previsible. Por eso, me parece m\u00e1s estimulante el duelo entre <B>&#8220;Azuloscurocasinegro&#8221; <\/B>(la gran favorita), <B>&#8220;Lo que s\u00e9 de Lola&#8221;<\/B> (para m\u00ed la gran olvidada de las nominaciones) y <B>&#8220;La noche de los girasoles&#8221;<\/B> (espero que &#8220;Un franco, 14 pesetas&#8221; no pinte nada en la pugna) por el premio a la mejor direcci\u00f3n novel, una prueba de un m\u00e1s que interesante futuro para el cine espa\u00f1ol. Y me encanta que est\u00e9 nominada Marta Etura. Ganar\u00e1 Pe, pero cuanto m\u00e1s veo a Marta Etura m\u00e1s me gusta. De una manera contenida y sin aspavientos, consigue transmitir todo lo que requieren sus personajes. Y que conste que no me va nada el \u00f1o\u00f1ostiarrismo <IMG src=\"\/sesioncontinua\/wp-content\/uploads\/sites\/17\">. La gala la dirigir\u00e1 Jos\u00e9 Corbacho. Este se\u00f1or me carga un poco, pero dif\u00edcil lo tiene para hacerlo peor que el desastre&nbsp;de M\u00e9ndez-Leite del a\u00f1o pasado.<BR><BR><IMG height=200 src=\"\/sesioncontinua\/wp-content\/uploads\/sites\/17\" width=550><BR><BR>Y para terminar, est\u00e1 la carrera de las carreras en cuanto a premios cinematogr\u00e1ficos se refiere: los <B>Oscars<\/B>. Las nominaciones no se anunciar\u00e1n hasta finales de enero, pero a lo largo de diciembre se han ido conociendo los premios de las distintas asociaciones de cr\u00edticos cinematogr\u00e1ficos estadounidenses, las nominaciones de los Globos de Oro etc. De momento, parece haber tres cosas bastante claras: el Oscar a la mejor <B>actriz<\/B> ser\u00e1 para <B>Helen Mirren por &#8220;The Queen&#8221;<\/B>, el del mejor actor a <B>Forest Whitaker por &#8220;The last king of Scotland&#8221;<\/B> y el del director para <B>Martin Scorsese por &#8220;Infiltrados&#8221;<\/B>. Lo que a\u00fan no parece estar claro, es cu\u00e1l va a ser la <B>pel\u00edcula del a\u00f1o<\/B> para los acad\u00e9micos de Hollywood. Las favoritas parecen ser <B>&#8220;Dreamgirls&#8221;<\/B> (estreno previsto en Donostia 26 de enero), el musical dirigido por Bill &#8220;Dioses y Monstruos&#8221; Condon protagonizado por Beyonc\u00e9 Knowles, Jamie Foxx, Eddie Murphy y la sensaci\u00f3n Jennifer Hudson, <B>&#8220;Cartas desde Iwo Jima&#8221;<\/B> (16 de febrero) la versi\u00f3n &#8220;japonesa&#8221; de la batalla de Iwo Jima que ha rodado Clint Eastwood y dos pelis que actualmente est\u00e1n en las carteleras donostiarras <B>&#8220;The Queen&#8221;<\/B> e <B>&#8220;Infiltrados&#8221;<\/B>. La quinta nominada a la mejor pel\u00edcula parece que podr\u00eda ser <B>&#8220;Babel&#8221;<\/B> que por fin se estrena comercialmente en Donostia este viernes o <B>&#8220;Peque\u00f1a Miss Sunshine&#8221;<\/B>. Curiosamente, la primera inaugur\u00f3 el \u00faltimo Zabaltegi y la otra gan\u00f3 el Premio del P\u00fablico.<BR><BR><IMG height=248 src=\"\/sesioncontinua\/wp-content\/uploads\/sites\/17\" width=550 vspace=10><BR><BR>Por otro lado, parece que <B>&#8220;Volver&#8221;<\/B> no lo va a tener tan f\u00e1cil como parec\u00eda para ganar el Oscar a la mejor pel\u00edcula de <B>habla no inglesa<\/B>. Definitivamente, la cr\u00edtica norteamericana prefiere <B>&#8220;El laberinto del fauno&#8221;<\/B> y esto unido al \u00e9xito de <B>&#8220;Las vidas de los otros&#8221;<\/B> conforma de momento una carrera a tres muy re\u00f1ida.<BR><BR>Ah&#8230; EGUBERRI ON<BR><BR><IMG height=192 src=\"\/sesioncontinua\/wp-content\/uploads\/sites\/17\" width=311 vspace=10><IMG height=192 src=\"\/sesioncontinua\/wp-content\/uploads\/sites\/17\" width=233 vspace=10><BR><\/FONT><\/FONT><\/DIV><\/p>\n<!-- AddThis Advanced Settings generic via filter on the_content --><!-- AddThis Share Buttons generic via filter on the_content -->","protected":false},"excerpt":{"rendered":"<p>A pesar de que parec\u00eda que Air France estaba empe\u00f1ada en que no pudiera volver a Donosti (es incre\u00edble los abusos a los que someten impunemente las compa\u00f1\u00edas a\u00e9reas a sus clientes), tras un par de vuelos cancelados, una maleta perdida y cabreos varios consegu\u00ed llegar a casita. Lo reconozco. Es cierto. No lo pude [&hellip;]<!-- AddThis Advanced Settings generic via filter on get_the_excerpt --><!-- AddThis Share Buttons generic via filter on get_the_excerpt --><\/p>\n","protected":false},"author":31,"featured_media":0,"comment_status":"open","ping_status":"closed","sticky":false,"template":"","format":"standard","meta":[],"categories":[2],"tags":[4],"_links":{"self":[{"href":"https:\/\/blogs.diariovasco.com\/sesioncontinua\/wp-json\/wp\/v2\/posts\/99"}],"collection":[{"href":"https:\/\/blogs.diariovasco.com\/sesioncontinua\/wp-json\/wp\/v2\/posts"}],"about":[{"href":"https:\/\/blogs.diariovasco.com\/sesioncontinua\/wp-json\/wp\/v2\/types\/post"}],"author":[{"embeddable":true,"href":"https:\/\/blogs.diariovasco.com\/sesioncontinua\/wp-json\/wp\/v2\/users\/31"}],"replies":[{"embeddable":true,"href":"https:\/\/blogs.diariovasco.com\/sesioncontinua\/wp-json\/wp\/v2\/comments?post=99"}],"version-history":[{"count":0,"href":"https:\/\/blogs.diariovasco.com\/sesioncontinua\/wp-json\/wp\/v2\/posts\/99\/revisions"}],"wp:attachment":[{"href":"https:\/\/blogs.diariovasco.com\/sesioncontinua\/wp-json\/wp\/v2\/media?parent=99"}],"wp:term":[{"taxonomy":"category","embeddable":true,"href":"https:\/\/blogs.diariovasco.com\/sesioncontinua\/wp-json\/wp\/v2\/categories?post=99"},{"taxonomy":"post_tag","embeddable":true,"href":"https:\/\/blogs.diariovasco.com\/sesioncontinua\/wp-json\/wp\/v2\/tags?post=99"}],"curies":[{"name":"wp","href":"https:\/\/api.w.org\/{rel}","templated":true}]}}