{"id":468,"date":"2016-11-28T10:45:29","date_gmt":"2016-11-28T09:45:29","guid":{"rendered":"http:\/\/blogs.diariovasco.com\/sobreruedas\/?p=468"},"modified":"2016-11-28T10:45:29","modified_gmt":"2016-11-28T09:45:29","slug":"rosberg-campeon","status":"publish","type":"post","link":"https:\/\/blogs.diariovasco.com\/sobreruedas\/2016\/11\/28\/rosberg-campeon\/","title":{"rendered":"Rosberg, campe\u00f3n"},"content":{"rendered":"<p><img loading=\"lazy\" class=\"size-full wp-image-469 aligncenter\" src=\"\/sobreruedas\/wp-content\/uploads\/sites\/12\/2016\/11\/nico.jpg\" alt=\"\" width=\"600\" height=\"308\" srcset=\"https:\/\/static-blogs.diariovasco.com\/wp-content\/uploads\/sites\/12\/2016\/11\/nico.jpg 600w, https:\/\/static-blogs.diariovasco.com\/wp-content\/uploads\/sites\/12\/2016\/11\/nico-300x154.jpg 300w\" sizes=\"(max-width: 600px) 100vw, 600px\" \/><\/p>\n<p>A Rosberg su equipo le quiere de verdad y eso se nota. No es s\u00f3lo una percepci\u00f3n por las im\u00e1genes y las declaraciones, porque hace un par de a\u00f1os cuando los dos pilotos de Mercedes tuvieron la pol\u00e9mica en el GP de M\u00f3naco, una persona con informaci\u00f3n de alto nivel dentro del equipo me comentaba que Hamilton no miraba por el equipo de la misma manera que Rosberg y que pese a que le superaba en talento no trabajaba de la misma manera y que podr\u00eda llegar el momento en que le ganara. Y ese momento ha llegado.<\/p>\n<p>S\u00ed, Hamilton ha tenido mucha peor suerte con la mec\u00e1nica este a\u00f1o, pero el alem\u00e1n ha hecho un gran a\u00f1o y pese a que su compa\u00f1ero le haya superado en victorias y pole positions, hay que decir que Rosberg ha cometido menos errores. Hamilton ha errado sus salidas en demasiadas ocasiones y no ha corregido el problema hasta que antes de Austin se puso en serio con ello en el simulador para ver qu\u00e9 suced\u00eda. Ahora debe estar arrepinti\u00e9ndose de no haberlo hecho antes\u2026 yo lo estar\u00eda. Hamilton quer\u00eda emular a Senna y ser un tricampe\u00f3n de F1 y el a\u00f1o pasado lo consigui\u00f3, pero quiz\u00e1 este a\u00f1o se haya \u201cdejado ir\u201d un poco. Si siguen teniendo el coche dominante seguramente conseguir\u00e1 un cuarto t\u00edtulo, es probablemente el piloto con m\u00e1s talento, pero el a\u00f1o que viene con las novedades de reglamento puede que no tengan el mejor coche y haya perdido la oportunidad de igualar a Vettel.<\/p>\n<p>Pese al dominio de Mercedes durante la temporada, el final ha sido interesante por la guerra entre sus dos pilotos y tambi\u00e9n hay que decir que pese a que probablemente haya intereses econ\u00f3micos detr\u00e1s de que la \u00faltima carrera del a\u00f1o sea Abu Dhabi, si se hubiese decidido el t\u00edtulo en Brasil podr\u00eda haber sido todav\u00eda mejor.<\/p>\n<p>De la carrera de Abu Dhabi me quedo con el adelantamiento de Rosberg a Verstappen, en un momento importante Rosberg se la juega, Verstappen aguanta y casi se tocan\u2026 Si no llega a pasar en ese momento o poco despu\u00e9s la carrera se habr\u00eda complicado para el ya campe\u00f3n. \u00a0Y por supuesto con la t\u00e1ctica de Hamilton de frenar a Rosberg. Algo que viendo el resultado deber\u00eda haber intentado hacerlo antes en la carrera. Personalmente no me parece mal y con el t\u00edtulo de constructores y el campeonato y subcampeonato ya decidido para ambos pilotos Mercedes no veo el motivo por el que el equipo dec\u00eda una y otra vez a Hamilton que no lo hiciera.<\/p>\n<p>Lo m\u00e1s importante de la temporada 2017 como siempre se est\u00e1 fraguando ahora, durante el invierno. El coche en F1 es un 95% y del dise\u00f1o y trabajo que hagan los equipos y motoristas en las semanas y meses por delante depender\u00e1 la suerte de los pilotos y escuder\u00edas en 2017. Y no hay que descartar a Alonso, si su coche es bueno en 2017, estar\u00e1 delante, seguro.<\/p>\n<p><a href=\"http:\/\/www.formula1.com\/en\/video\/2016\/11\/Race_highlights_-_Abu_Dhabi_2016.html\" rel=\"external nofollow\"><img loading=\"lazy\" class=\"aligncenter size-full wp-image-470\" src=\"\/sobreruedas\/wp-content\/uploads\/sites\/12\/2016\/11\/vid.jpg\" alt=\"\" width=\"600\" height=\"291\" srcset=\"https:\/\/static-blogs.diariovasco.com\/wp-content\/uploads\/sites\/12\/2016\/11\/vid.jpg 600w, https:\/\/static-blogs.diariovasco.com\/wp-content\/uploads\/sites\/12\/2016\/11\/vid-300x146.jpg 300w\" sizes=\"(max-width: 600px) 100vw, 600px\" \/><\/a><\/p>\n<!-- AddThis Advanced Settings generic via filter on the_content --><!-- AddThis Share Buttons generic via filter on the_content -->","protected":false},"excerpt":{"rendered":"<p>A Rosberg su equipo le quiere de verdad y eso se nota. No es s\u00f3lo una percepci\u00f3n por las im\u00e1genes y las declaraciones, porque hace un par de a\u00f1os cuando los dos pilotos de Mercedes tuvieron la pol\u00e9mica en el GP de M\u00f3naco, una persona con informaci\u00f3n de alto nivel dentro del equipo me comentaba [&hellip;]<!-- AddThis Advanced Settings generic via filter on get_the_excerpt --><!-- AddThis Share Buttons generic via filter on get_the_excerpt --><\/p>\n","protected":false},"author":24,"featured_media":0,"comment_status":"open","ping_status":"closed","sticky":false,"template":"","format":"standard","meta":[],"categories":[2,3],"tags":[],"_links":{"self":[{"href":"https:\/\/blogs.diariovasco.com\/sobreruedas\/wp-json\/wp\/v2\/posts\/468"}],"collection":[{"href":"https:\/\/blogs.diariovasco.com\/sobreruedas\/wp-json\/wp\/v2\/posts"}],"about":[{"href":"https:\/\/blogs.diariovasco.com\/sobreruedas\/wp-json\/wp\/v2\/types\/post"}],"author":[{"embeddable":true,"href":"https:\/\/blogs.diariovasco.com\/sobreruedas\/wp-json\/wp\/v2\/users\/24"}],"replies":[{"embeddable":true,"href":"https:\/\/blogs.diariovasco.com\/sobreruedas\/wp-json\/wp\/v2\/comments?post=468"}],"version-history":[{"count":0,"href":"https:\/\/blogs.diariovasco.com\/sobreruedas\/wp-json\/wp\/v2\/posts\/468\/revisions"}],"wp:attachment":[{"href":"https:\/\/blogs.diariovasco.com\/sobreruedas\/wp-json\/wp\/v2\/media?parent=468"}],"wp:term":[{"taxonomy":"category","embeddable":true,"href":"https:\/\/blogs.diariovasco.com\/sobreruedas\/wp-json\/wp\/v2\/categories?post=468"},{"taxonomy":"post_tag","embeddable":true,"href":"https:\/\/blogs.diariovasco.com\/sobreruedas\/wp-json\/wp\/v2\/tags?post=468"}],"curies":[{"name":"wp","href":"https:\/\/api.w.org\/{rel}","templated":true}]}}