{"id":70,"date":"2008-10-01T08:04:24","date_gmt":"2008-10-01T08:04:24","guid":{"rendered":"http:\/\/blogs.diariovasco.com\/sobreruedas\/?p=70"},"modified":"2008-10-01T08:04:24","modified_gmt":"2008-10-01T08:04:24","slug":"unas_carreras_locas","status":"publish","type":"post","link":"https:\/\/blogs.diariovasco.com\/sobreruedas\/2008\/10\/01\/unas_carreras_locas\/","title":{"rendered":"Unas carreras locas"},"content":{"rendered":"<p><DIV align=justify>Este fin de semana ten\u00edamos carrera del Europeo de Resistencia, las 3 Horas de Ledenon a la misma hora que se celebraba el GP de F1 de Singapur. <\/DIV><br \/>\n<DIV align=justify>&nbsp;<\/DIV><br \/>\n<DIV align=justify>Como el GP de F1 nuestra carrera fue muy loca. Despu\u00e9s de conseguir una nueva pole position en la calificaci\u00f3n, van 3 en 6 carreras, en la carrera tom\u00f3 la salida mi padre que hizo un gran primer relevo, cuando me iba a entregar el coche en una buena posici\u00f3n un joven piloto se pas\u00f3 de frenada y lo tir\u00f3 a la puzolana despu\u00e9s de darle un golpe. Perdi\u00f3 varias vueltas esperando a que le sacaran de la grava. Cuando me entreg\u00f3 el coche remont\u00e9 desde el 20\u00ba al 10\u00ba hasta que una rueda se revent\u00f3 en plena curva en 5\u00aa a fondo y provoc\u00f3 que me saliera a la grava perdiendo otras dos vueltas para que me sacaran de all\u00ed. Una vez fuera de la grava fui al ralent\u00ed hasta boxes para cambiar el neum\u00e1tico y cuando volv\u00ed a&nbsp;pista remont\u00e9 del 18\u00ba al 9\u00ba. Una carrera muy loca, con varios safety cars y con un balance bueno una vez visto todo lo que pas\u00f3. Pole en calificaciones, 2\u00ba mejor tiempo en carrera y 9\u00aa posici\u00f3n.<\/DIV><br \/>\n<DIV align=justify>&nbsp;<\/DIV><br \/>\n<DIV align=justify>En cuanto a la F1, lo \u00fanico que he podido ver es un resumen y me he informado con lo que me han contado de ella diferentes personas entendidas y viendo los resultados. Por lo visto Alonso tuvo la suerte de su lado en el primer safety, pero adem\u00e1s de eso, tuvo un ritmo muy bueno de carrera y logr\u00f3 su incre\u00edble primera victoria del a\u00f1o. Por las im\u00e1genes que he podido ver el circuito parec\u00eda m\u00e1s uno de la Champ Car (Detroit, Vancouver\u2026) que un urbano de F1. Por todo lo que me han comentado este GP dio mucho espect\u00e1culo. Me alegro por Alonso y espero que este resultado le de m\u00e1s fuerza para negociar un mejor contrato desde el punto de vista deportivo para el pr\u00f3ximo a\u00f1o.<\/DIV><\/p>\n<!-- AddThis Advanced Settings generic via filter on the_content --><!-- AddThis Share Buttons generic via filter on the_content -->","protected":false},"excerpt":{"rendered":"<p>Este fin de semana ten\u00edamos carrera del Europeo de Resistencia, las 3 Horas de Ledenon a la misma hora que se celebraba el GP de F1 de Singapur. &nbsp; Como el GP de F1 nuestra carrera fue muy loca. Despu\u00e9s de conseguir una nueva pole position en la calificaci\u00f3n, van 3 en 6 carreras, en [&hellip;]<!-- AddThis Advanced Settings generic via filter on get_the_excerpt --><!-- AddThis Share Buttons generic via filter on get_the_excerpt --><\/p>\n","protected":false},"author":24,"featured_media":0,"comment_status":"open","ping_status":"closed","sticky":false,"template":"","format":"standard","meta":[],"categories":[4],"tags":[11],"_links":{"self":[{"href":"https:\/\/blogs.diariovasco.com\/sobreruedas\/wp-json\/wp\/v2\/posts\/70"}],"collection":[{"href":"https:\/\/blogs.diariovasco.com\/sobreruedas\/wp-json\/wp\/v2\/posts"}],"about":[{"href":"https:\/\/blogs.diariovasco.com\/sobreruedas\/wp-json\/wp\/v2\/types\/post"}],"author":[{"embeddable":true,"href":"https:\/\/blogs.diariovasco.com\/sobreruedas\/wp-json\/wp\/v2\/users\/24"}],"replies":[{"embeddable":true,"href":"https:\/\/blogs.diariovasco.com\/sobreruedas\/wp-json\/wp\/v2\/comments?post=70"}],"version-history":[{"count":0,"href":"https:\/\/blogs.diariovasco.com\/sobreruedas\/wp-json\/wp\/v2\/posts\/70\/revisions"}],"wp:attachment":[{"href":"https:\/\/blogs.diariovasco.com\/sobreruedas\/wp-json\/wp\/v2\/media?parent=70"}],"wp:term":[{"taxonomy":"category","embeddable":true,"href":"https:\/\/blogs.diariovasco.com\/sobreruedas\/wp-json\/wp\/v2\/categories?post=70"},{"taxonomy":"post_tag","embeddable":true,"href":"https:\/\/blogs.diariovasco.com\/sobreruedas\/wp-json\/wp\/v2\/tags?post=70"}],"curies":[{"name":"wp","href":"https:\/\/api.w.org\/{rel}","templated":true}]}}