{"id":166,"date":"2008-10-31T20:40:24","date_gmt":"2008-10-31T20:40:24","guid":{"rendered":"http:\/\/blogs.diariovasco.com\/sopadeganso\/?p=166"},"modified":"2008-10-31T20:40:24","modified_gmt":"2008-10-31T20:40:24","slug":"programa_de_mas_gastronomia_para_el_saba","status":"publish","type":"post","link":"https:\/\/blogs.diariovasco.com\/sopadeganso\/2008\/10\/31\/programa_de_mas_gastronomia_para_el_saba\/","title":{"rendered":"Programa de Mas Gastronom\u00eda para el s\u00e1bado 1 de noviembre"},"content":{"rendered":"<p><P>Empiezo hablando con Jes\u00fas Mari Comr\u00e1n. Nada que ver con nuestro habitual amigo y colaborador Dani, bueno s\u00ed es primo suyo, pero nada que ver en cuanto al mundo del vino. Este Corm\u00e1n (con acento en la a) es artista todo terreno (lo de multidisciplinar no le gusta nada). Pintor y poeta (uno de sus libros recibi\u00f3 el Premio Le\u00f3n Felipe) y actualmente expone en el Koldo Mitxelena, tambi\u00e9n es muy conocido como letrista, sobre todo de temas de Mikel Erentxun. Nos habla de sus gustos gastron\u00f3micos y es curioso porque es uno de los m\u00e1ximos defensores de que la cocina y lo que hacen los cocineros se&nbsp;asemeja mucho al arte. As\u00ed que est\u00e1 m\u00e1s cerca de la Cultura con may\u00fasculas de lo que nos creemos.&nbsp;\u00bfLo m\u00e1s sorprendente? No ha probado una gota de vino en su vida. Destilados s\u00ed, fundamentalmente blancos, cervezas de vez en cuando, pero nada m\u00e1s.<\/P><br \/>\n<P>El producto es el calamar, presentado por Iv\u00e1n Burgue\u00f1a nuestro pescatero de guardia. Curioso el hecho de que, a pesar de que nos creamos que el chipir\u00f3n es un producto muy de verano, es ahora cuando est\u00e1 mejor y, sobre todo, m\u00e1s barato. Recomienda congelarlo. (Abajo ten\u00e9is el v\u00eddeo de&nbsp;presentaci\u00f3n de Iv\u00e1n)<\/P><br \/>\n<P>Para la secci\u00f3n de vinos hablamos con Linda&nbsp;del Restaurante Mugaritz. Curioso caso porque explica c\u00f3mo quiere transmitir la filosof\u00eda de Mugaritz a la carta de vinos y lo est\u00e1 consiguiendo. Por cierto, Linda pasar\u00e1 menos tiempo en la sala y m\u00e1s tiempo en I+D en el nuevo grupo que se ha formado de manera que ser\u00e1 Oliver quien tome las riendas de la sala de Mugaritz. Alguno de estos d\u00edas creo que me lanzar\u00e9 a hablas sobre ese peque\u00f1o cambio en la direcci\u00f3n de algunos restaurantes donostiarras.<\/P><br \/>\n<P>Por&nbsp;\u00faltimo estar\u00e1 Rub\u00e9n Trincado (Mirador de Ul\u00eda) explic\u00e1ndonos una receta de calamar con patatas y tempura. La patata cocida en 3 minutos en el micro. No me lo puedo creer y lo voy a probar este fin de semana.<\/P><br \/>\n<P>Eso es todo amiguitos, recordad que&nbsp;es ma\u00f1ana s\u00e1bado de 13 a 14 hs. y que se puede escuchar por internet en diariovasco.com\/multimedia.<\/P><br \/>\n<P>&nbsp;&nbsp;&nbsp;<\/P><br \/>\n<object codebase='http:\/\/fpdownload.macromedia.com\/pub\/shockwave\/cabs\/flash\/swflash.cab#version=9,0,0,0' width='450' height='338' id='reproductor' ><param name='movie' value='http:\/\/videos.diariovasco.com\/dalealplay.swf?file=1262\/VID00193.flv&#038;tagclone=diariovasco' \/><param name='quality' value='high' \/><param name='wmode' value='transparent' \/><embed src='\/\/videos.diariovasco.com\/dalealplay.swf?file=1262\/VID00193.flv&#038;tagclone=diariovasco' quality='high' wmode='transparent' bgcolor='#ffffff' width='450' height='338' name='flvplayer' type='application\/x-shockwave-flash' pluginspage='http:\/\/www.macromedia.com\/go\/getflashplayer' \/><\/embed><\/object><br \/>\nBlog escrito escuchando: Desafinado de Coleman Hawkins.<\/p>\n<!-- AddThis Advanced Settings generic via filter on the_content --><!-- AddThis Share Buttons generic via filter on the_content -->","protected":false},"excerpt":{"rendered":"<p>Empiezo hablando con Jes\u00fas Mari Comr\u00e1n. Nada que ver con nuestro habitual amigo y colaborador Dani, bueno s\u00ed es primo suyo, pero nada que ver en cuanto al mundo del vino. Este Corm\u00e1n (con acento en la a) es artista todo terreno (lo de multidisciplinar no le gusta nada). Pintor y poeta (uno de sus [&hellip;]<!-- AddThis Advanced Settings generic via filter on get_the_excerpt --><!-- AddThis Share Buttons generic via filter on get_the_excerpt --><\/p>\n","protected":false},"author":33,"featured_media":0,"comment_status":"open","ping_status":"closed","sticky":false,"template":"","format":"standard","meta":[],"categories":[2],"tags":[6],"_links":{"self":[{"href":"https:\/\/blogs.diariovasco.com\/sopadeganso\/wp-json\/wp\/v2\/posts\/166"}],"collection":[{"href":"https:\/\/blogs.diariovasco.com\/sopadeganso\/wp-json\/wp\/v2\/posts"}],"about":[{"href":"https:\/\/blogs.diariovasco.com\/sopadeganso\/wp-json\/wp\/v2\/types\/post"}],"author":[{"embeddable":true,"href":"https:\/\/blogs.diariovasco.com\/sopadeganso\/wp-json\/wp\/v2\/users\/33"}],"replies":[{"embeddable":true,"href":"https:\/\/blogs.diariovasco.com\/sopadeganso\/wp-json\/wp\/v2\/comments?post=166"}],"version-history":[{"count":0,"href":"https:\/\/blogs.diariovasco.com\/sopadeganso\/wp-json\/wp\/v2\/posts\/166\/revisions"}],"wp:attachment":[{"href":"https:\/\/blogs.diariovasco.com\/sopadeganso\/wp-json\/wp\/v2\/media?parent=166"}],"wp:term":[{"taxonomy":"category","embeddable":true,"href":"https:\/\/blogs.diariovasco.com\/sopadeganso\/wp-json\/wp\/v2\/categories?post=166"},{"taxonomy":"post_tag","embeddable":true,"href":"https:\/\/blogs.diariovasco.com\/sopadeganso\/wp-json\/wp\/v2\/tags?post=166"}],"curies":[{"name":"wp","href":"https:\/\/api.w.org\/{rel}","templated":true}]}}