{"id":259,"date":"2011-03-17T06:49:21","date_gmt":"2011-03-17T06:49:21","guid":{"rendered":"http:\/\/blogs.diariovasco.com\/sopadeganso\/?p=259"},"modified":"2011-03-17T06:49:21","modified_gmt":"2011-03-17T06:49:21","slug":"hoy_solo_se_puede_hacer_una_cosa","status":"publish","type":"post","link":"https:\/\/blogs.diariovasco.com\/sopadeganso\/2011\/03\/17\/hoy_solo_se_puede_hacer_una_cosa\/","title":{"rendered":"Hoy s\u00f3lo se puede hacer una cosa"},"content":{"rendered":"<p><SPAN class=Apple-style-span style=\"WORD-SPACING: 0px; FONT: medium 'Times New Roman'; TEXT-TRANSFORM: none; COLOR: rgb(0,0,0); TEXT-INDENT: 0px; WHITE-SPACE: normal; LETTER-SPACING: normal; BORDER-COLLAPSE: separate; orphans: 2; widows: 2; webkit-border-horizontal-spacing: 0px; webkit-border-vertical-spacing: 0px; webkit-text-decorations-in-effect: none; webkit-text-size-adjust: auto; webkit-text-stroke-width: 0px\"><br \/>\n<DIV style=\"BACKGROUND-COLOR: transparent\"><SPAN id=internal-source-marker_0.3375139299314469 style=\"FONT-WEIGHT: normal; FONT-SIZE: 13pt; VERTICAL-ALIGN: baseline; COLOR: rgb(0,0,0); FONT-STYLE: normal; FONT-FAMILY: Arial; BACKGROUND-COLOR: transparent; TEXT-DECORATION: none\"><IMG src=\"\/sopadeganso\/wp-content\/uploads\/sites\/18\" align=left>As\u00ed que hoy es 17 de marzo y por lo que dice el calendario de las juergas es el d\u00eda de San Patricio. Suele ser el d\u00eda en que la gente se pone verde de cerveza por aquello de que el verde es el color del pais en cuesti\u00f3n y las cervezas parece que s\u00f3lo hablaran irland\u00e9s. <\/SPAN><BR><SPAN style=\"FONT-WEIGHT: normal; FONT-SIZE: 13pt; VERTICAL-ALIGN: baseline; COLOR: rgb(0,0,0); FONT-STYLE: normal; FONT-FAMILY: Arial; BACKGROUND-COLOR: transparent; TEXT-DECORATION: none\"><\/SPAN><BR><SPAN style=\"FONT-WEIGHT: normal; FONT-SIZE: 13pt; VERTICAL-ALIGN: baseline; COLOR: rgb(0,0,0); FONT-STYLE: normal; FONT-FAMILY: Arial; BACKGROUND-COLOR: transparent; TEXT-DECORATION: none\">Personalmente aprovecho el d\u00eda como una oportunidad para celebrar que estoy vivo con un buen trago de una bebida que, a veces nos olvidamos, es m\u00e1s irlandesa que escocesa. Porque la leyenda cuenta que el mismo San Patricio dej\u00f3 dicho que su d\u00eda se celebrara con esa \u201ccosa fuerte\u201d e incluso conden\u00f3 a un hostelero que sirvi\u00f3 poco whiskey a sus clientes.<\/SPAN><BR><SPAN style=\"FONT-WEIGHT: normal; FONT-SIZE: 13pt; VERTICAL-ALIGN: baseline; COLOR: rgb(0,0,0); FONT-STYLE: normal; FONT-FAMILY: Arial; BACKGROUND-COLOR: transparent; TEXT-DECORATION: none\"><\/SPAN><BR><SPAN style=\"FONT-WEIGHT: normal; FONT-SIZE: 13pt; VERTICAL-ALIGN: baseline; COLOR: rgb(0,0,0); FONT-STYLE: normal; FONT-FAMILY: Arial; BACKGROUND-COLOR: transparent; TEXT-DECORATION: none\">Nos pensamos que San Patricio era irland\u00e9s cuando es m\u00e1s probable que fuera esoc\u00e9s, de la misma manera nos pensamos que el whiskey debe su nacimiento a Escocia, cuando fue Irlanda su primer lugar de honor. Al fin y al cabo fue en Irlanda donde se establecieron los primeros monjes cristianos y ya se sabe que donde hay curas hay una buena bebida, sobre todo si tenemos en cuenta que tra\u00edan consigo el arte de la destilaci\u00f3n. Se supone que la primera destiler\u00eda data del siglo XII, aunque es cierto que los primeros escritos sobre la bebida datan del siglo XV. Y en \u00e9pocas m\u00e1s modernas se cuenta que en pleno siglo XVIII hab\u00eda cerca de 2000 destiler\u00edas en Irlanda (1 por cada 2000 habitantes), para que nos demos cuenta de la magnitud de la cifra, hoy, en Escocia hay unas 100 destiler\u00edas. <\/SPAN><BR><SPAN style=\"FONT-WEIGHT: normal; FONT-SIZE: 13pt; VERTICAL-ALIGN: baseline; COLOR: rgb(0,0,0); FONT-STYLE: normal; FONT-FAMILY: Arial; BACKGROUND-COLOR: transparent; TEXT-DECORATION: none\"><\/SPAN><BR><SPAN style=\"FONT-WEIGHT: normal; FONT-SIZE: 13pt; VERTICAL-ALIGN: baseline; COLOR: rgb(0,0,0); FONT-STYLE: normal; FONT-FAMILY: Arial; BACKGROUND-COLOR: transparent; TEXT-DECORATION: none\">\u00bfQu\u00e9 pas\u00f3 entonces? Por un lado el irland\u00e9s que invent\u00f3 el alambique moderno, aquel que permit\u00eda reducir al m\u00ednimo los costes de la fabricaci\u00f3n de la bebida, se tuvo que marchar de Irlanda porque nadie acept\u00f3 su idea, as\u00ed que se fue a Escocia donde acogieron con pasi\u00f3n el invento y empezaron a hacer un buen whisky a precios mucho m\u00e1s baratos. Lleg\u00f3 la prohibici\u00f3n americana, el whisky irland\u00e9s, precisamente porque irlandeses eran los bebedores americanos, dej\u00f3 de beberse de golpe y tambi\u00e9n ayud\u00f3 la independencia irlandesa. Al final todos se quedaron en la ruina. As\u00ed que a cerrar. Qued\u00f3 una sola destiler\u00eda que ha estado luchando en el mercado durante a\u00f1os, Jameson (ahora de Pernod Ricard).<\/SPAN><BR><SPAN style=\"FONT-WEIGHT: normal; FONT-SIZE: 13pt; VERTICAL-ALIGN: baseline; COLOR: rgb(0,0,0); FONT-STYLE: normal; FONT-FAMILY: Arial; BACKGROUND-COLOR: transparent; TEXT-DECORATION: none\"><\/SPAN><BR><SPAN style=\"FONT-WEIGHT: normal; FONT-SIZE: 13pt; VERTICAL-ALIGN: baseline; COLOR: rgb(0,0,0); FONT-STYLE: normal; FONT-FAMILY: Arial; BACKGROUND-COLOR: transparent; TEXT-DECORATION: none\">Hoy en d\u00eda hay tres, Cooley (la \u00fanica de propiedad irlandesa) y Bushmill (Diageo) se han sumado a una manera de hacer whiskey que se distingue claramente por su sabor y su suavidad, el whiskey irland\u00e9s siempre lleva una triple destilaci\u00f3n lo que hace que sea m\u00e1s meloso, frente a la doble destilaci\u00f3n de los escoceses. <\/SPAN><BR><SPAN style=\"FONT-WEIGHT: normal; FONT-SIZE: 13pt; VERTICAL-ALIGN: baseline; COLOR: rgb(0,0,0); FONT-STYLE: normal; FONT-FAMILY: Arial; BACKGROUND-COLOR: transparent; TEXT-DECORATION: none\"><\/SPAN><BR><SPAN style=\"FONT-WEIGHT: normal; FONT-SIZE: 13pt; VERTICAL-ALIGN: baseline; COLOR: rgb(0,0,0); FONT-STYLE: normal; FONT-FAMILY: Arial; BACKGROUND-COLOR: transparent; TEXT-DECORATION: none\">Yo no lo dudar\u00eda, si tuviera que celebrar el d\u00eda de San Patricio me ir\u00eda a un whisky irland\u00e9s para preparar el Old Fashioned que tanto me apasiona porque el whsikey irland\u00e9s hace que los cocktails siempre sean mejores. Eso s\u00ed, siempre piensa en verde. Que ustedes lo pasen bien.<\/SPAN><BR><SPAN style=\"FONT-WEIGHT: normal; FONT-SIZE: 13pt; VERTICAL-ALIGN: baseline; COLOR: rgb(0,0,0); FONT-STYLE: normal; FONT-FAMILY: Arial; BACKGROUND-COLOR: transparent; TEXT-DECORATION: none\"><\/SPAN><BR><SPAN style=\"FONT-WEIGHT: normal; FONT-SIZE: 13pt; VERTICAL-ALIGN: baseline; COLOR: rgb(0,0,0); FONT-STYLE: normal; FONT-FAMILY: Arial; BACKGROUND-COLOR: transparent; TEXT-DECORATION: none\">Blog escrito escuchando: U2 &#8211; War<\/SPAN><\/DIV><br \/>\n<\/SPAN><\/p>\n<!-- AddThis Advanced Settings generic via filter on the_content --><!-- AddThis Share Buttons generic via filter on the_content -->","protected":false},"excerpt":{"rendered":"<p>As\u00ed que hoy es 17 de marzo y por lo que dice el calendario de las juergas es el d\u00eda de San Patricio. Suele ser el d\u00eda en que la gente se pone verde de cerveza por aquello de que el verde es el color del pais en cuesti\u00f3n y las cervezas parece que s\u00f3lo [&hellip;]<!-- AddThis Advanced Settings generic via filter on get_the_excerpt --><!-- AddThis Share Buttons generic via filter on get_the_excerpt --><\/p>\n","protected":false},"author":33,"featured_media":0,"comment_status":"open","ping_status":"closed","sticky":false,"template":"","format":"standard","meta":[],"categories":[2],"tags":[6],"_links":{"self":[{"href":"https:\/\/blogs.diariovasco.com\/sopadeganso\/wp-json\/wp\/v2\/posts\/259"}],"collection":[{"href":"https:\/\/blogs.diariovasco.com\/sopadeganso\/wp-json\/wp\/v2\/posts"}],"about":[{"href":"https:\/\/blogs.diariovasco.com\/sopadeganso\/wp-json\/wp\/v2\/types\/post"}],"author":[{"embeddable":true,"href":"https:\/\/blogs.diariovasco.com\/sopadeganso\/wp-json\/wp\/v2\/users\/33"}],"replies":[{"embeddable":true,"href":"https:\/\/blogs.diariovasco.com\/sopadeganso\/wp-json\/wp\/v2\/comments?post=259"}],"version-history":[{"count":0,"href":"https:\/\/blogs.diariovasco.com\/sopadeganso\/wp-json\/wp\/v2\/posts\/259\/revisions"}],"wp:attachment":[{"href":"https:\/\/blogs.diariovasco.com\/sopadeganso\/wp-json\/wp\/v2\/media?parent=259"}],"wp:term":[{"taxonomy":"category","embeddable":true,"href":"https:\/\/blogs.diariovasco.com\/sopadeganso\/wp-json\/wp\/v2\/categories?post=259"},{"taxonomy":"post_tag","embeddable":true,"href":"https:\/\/blogs.diariovasco.com\/sopadeganso\/wp-json\/wp\/v2\/tags?post=259"}],"curies":[{"name":"wp","href":"https:\/\/api.w.org\/{rel}","templated":true}]}}