{"id":33,"date":"2008-09-24T21:00:05","date_gmt":"2008-09-24T21:00:05","guid":{"rendered":"http:\/\/blogs.diariovasco.com\/sopadeganso\/?p=33"},"modified":"2008-09-24T21:00:05","modified_gmt":"2008-09-24T21:00:05","slug":"vino_vino_vino_mas_vino_por_favor","status":"publish","type":"post","link":"https:\/\/blogs.diariovasco.com\/sopadeganso\/2008\/09\/24\/vino_vino_vino_mas_vino_por_favor\/","title":{"rendered":"Vino, vino, vino, m\u00e1s vino por favor"},"content":{"rendered":"<p><P>Tanta estrella rutilante, tanto Ben Stiller, Downey Jr.,&nbsp;Banderas o Streep cuando resulta que la gran estrella desapercibida durante la 56\u00aa edici\u00f3n del Festival de Cine de San Sebasti\u00e1n&nbsp; ha sido Alvaro Palacios.<\/P><br \/>\n<P>Resulta que Alvaro estuvo celebrando y festejando el hecho de que Woody Allen &#8220;eligiera&#8221; sus vinos para&nbsp;su \u00faltima pel\u00edcula. L&#8217;Ermita y el blanco Placet aparecen en dos momentos de la pel\u00edcula Vicky, Cristina, Barcelona.&nbsp;Seg\u00fan cuenta Rycardo de Paz en su <A href=\"http:\/\/elmundovino.elmundo.es\/elmundovino\/noticia.html?vi_seccion=2&#038;vs_fecha=200809&#038;vs_noticia=1222264953\">noticia<\/A>&nbsp;&#8220;Woody Allen escogi\u00f3 personalmente los vinos de Alvaro Palacios&#8221;, aunque suene raro para un hombre que bebe Heineken en sus comidas. <\/P><br \/>\n<P>De todas maneras aqu\u00ed est\u00e1 la foto de Clara Larrea para demostrar que Alvaro Palacios existe y vive cerca de las estrellas:<\/P><br \/>\n<P><IMG src=\"\/sopadeganso\/wp-content\/uploads\/sites\/18\"><\/P><\/p>\n<!-- AddThis Advanced Settings generic via filter on the_content --><!-- AddThis Share Buttons generic via filter on the_content -->","protected":false},"excerpt":{"rendered":"<p>Tanta estrella rutilante, tanto Ben Stiller, Downey Jr.,&nbsp;Banderas o Streep cuando resulta que la gran estrella desapercibida durante la 56\u00aa edici\u00f3n del Festival de Cine de San Sebasti\u00e1n&nbsp; ha sido Alvaro Palacios. Resulta que Alvaro estuvo celebrando y festejando el hecho de que Woody Allen &#8220;eligiera&#8221; sus vinos para&nbsp;su \u00faltima pel\u00edcula. L&#8217;Ermita y el blanco [&hellip;]<!-- AddThis Advanced Settings generic via filter on get_the_excerpt --><!-- AddThis Share Buttons generic via filter on get_the_excerpt --><\/p>\n","protected":false},"author":33,"featured_media":0,"comment_status":"open","ping_status":"closed","sticky":false,"template":"","format":"standard","meta":[],"categories":[2],"tags":[6],"_links":{"self":[{"href":"https:\/\/blogs.diariovasco.com\/sopadeganso\/wp-json\/wp\/v2\/posts\/33"}],"collection":[{"href":"https:\/\/blogs.diariovasco.com\/sopadeganso\/wp-json\/wp\/v2\/posts"}],"about":[{"href":"https:\/\/blogs.diariovasco.com\/sopadeganso\/wp-json\/wp\/v2\/types\/post"}],"author":[{"embeddable":true,"href":"https:\/\/blogs.diariovasco.com\/sopadeganso\/wp-json\/wp\/v2\/users\/33"}],"replies":[{"embeddable":true,"href":"https:\/\/blogs.diariovasco.com\/sopadeganso\/wp-json\/wp\/v2\/comments?post=33"}],"version-history":[{"count":0,"href":"https:\/\/blogs.diariovasco.com\/sopadeganso\/wp-json\/wp\/v2\/posts\/33\/revisions"}],"wp:attachment":[{"href":"https:\/\/blogs.diariovasco.com\/sopadeganso\/wp-json\/wp\/v2\/media?parent=33"}],"wp:term":[{"taxonomy":"category","embeddable":true,"href":"https:\/\/blogs.diariovasco.com\/sopadeganso\/wp-json\/wp\/v2\/categories?post=33"},{"taxonomy":"post_tag","embeddable":true,"href":"https:\/\/blogs.diariovasco.com\/sopadeganso\/wp-json\/wp\/v2\/tags?post=33"}],"curies":[{"name":"wp","href":"https:\/\/api.w.org\/{rel}","templated":true}]}}