{"id":35,"date":"2008-10-03T12:19:49","date_gmt":"2008-10-03T12:19:49","guid":{"rendered":"http:\/\/blogs.diariovasco.com\/sopadeganso\/?p=35"},"modified":"2008-10-03T12:19:49","modified_gmt":"2008-10-03T12:19:49","slug":"programa_de_mas_gastronomia_para_el_saba_4","status":"publish","type":"post","link":"https:\/\/blogs.diariovasco.com\/sopadeganso\/2008\/10\/03\/programa_de_mas_gastronomia_para_el_saba_4\/","title":{"rendered":"Programa de M\u00e1s Gastronom\u00eda para el s\u00e1bado d\u00eda 4"},"content":{"rendered":"<p><P>El artista invitado ser\u00e1 esta vez el amigo <STRONG>Roberto Ruiz<\/STRONG> que nos hablar\u00e1 de sus aficiones gastron\u00f3micas, el myor&nbsp;experto&nbsp;en&nbsp;alubias locales \u00bfcome otras legumbres cuando viaja o ya est\u00e1 harto? Y si lo hace, \u00bfcu\u00e1les son las que m\u00e1s le gustan?<\/P><br \/>\n<P>Hablamos de un pescado de oto\u00f1o, <STRONG>la lubina<\/STRONG>. Iv\u00e1n Burgue\u00f1a nos dice que este es el momento de comerla (y pescarla) porque est\u00e1 en su mejor momento, la carne est\u00e1 m\u00e1s tersa y rica.<\/P><br \/>\n<P>El apartado de vinos es para <STRONG>Steve L&#8217;Abbe<\/STRONG>, que la mayor\u00eda conoce de Mart\u00edn Berasategui, una conversaci\u00f3n muy entretenida y Steve se entretuvo de una manera gloriosa para hablar de su carta exclusiva&nbsp;de Champagnes, 180 referencias diferentes.<\/P><br \/>\n<P>Y la receta de Rub\u00e9n es la de la <STRONG>lubina a la sal<\/STRONG>, una preparaci\u00f3n que no es muy frecuente por aqu\u00ed (de hecho no creo que haya ning\u00fan restaurante que la presente) y que, sin embargo es sencilla y deja el pescado en las mejores condiciones.<\/P><br \/>\n<P>Recordar que es el s\u00e1bado de 1 a 2 del mediod\u00eda y se puede esuchar por internet en la p\u00e1gina <A href=\"http:\/\/www.diariovasco.com\">www.diariovasco.com<\/A> d\u00e1ndole a la pesta\u00f1a de multimedia y despu\u00e9s a Punto Radio.<\/P><br \/>\n<P>&nbsp;<\/P><\/p>\n<!-- AddThis Advanced Settings generic via filter on the_content --><!-- AddThis Share Buttons generic via filter on the_content -->","protected":false},"excerpt":{"rendered":"<p>El artista invitado ser\u00e1 esta vez el amigo Roberto Ruiz que nos hablar\u00e1 de sus aficiones gastron\u00f3micas, el myor&nbsp;experto&nbsp;en&nbsp;alubias locales \u00bfcome otras legumbres cuando viaja o ya est\u00e1 harto? Y si lo hace, \u00bfcu\u00e1les son las que m\u00e1s le gustan? Hablamos de un pescado de oto\u00f1o, la lubina. Iv\u00e1n Burgue\u00f1a nos dice que este es [&hellip;]<!-- AddThis Advanced Settings generic via filter on get_the_excerpt --><!-- AddThis Share Buttons generic via filter on get_the_excerpt --><\/p>\n","protected":false},"author":33,"featured_media":0,"comment_status":"open","ping_status":"closed","sticky":false,"template":"","format":"standard","meta":[],"categories":[2],"tags":[6],"_links":{"self":[{"href":"https:\/\/blogs.diariovasco.com\/sopadeganso\/wp-json\/wp\/v2\/posts\/35"}],"collection":[{"href":"https:\/\/blogs.diariovasco.com\/sopadeganso\/wp-json\/wp\/v2\/posts"}],"about":[{"href":"https:\/\/blogs.diariovasco.com\/sopadeganso\/wp-json\/wp\/v2\/types\/post"}],"author":[{"embeddable":true,"href":"https:\/\/blogs.diariovasco.com\/sopadeganso\/wp-json\/wp\/v2\/users\/33"}],"replies":[{"embeddable":true,"href":"https:\/\/blogs.diariovasco.com\/sopadeganso\/wp-json\/wp\/v2\/comments?post=35"}],"version-history":[{"count":0,"href":"https:\/\/blogs.diariovasco.com\/sopadeganso\/wp-json\/wp\/v2\/posts\/35\/revisions"}],"wp:attachment":[{"href":"https:\/\/blogs.diariovasco.com\/sopadeganso\/wp-json\/wp\/v2\/media?parent=35"}],"wp:term":[{"taxonomy":"category","embeddable":true,"href":"https:\/\/blogs.diariovasco.com\/sopadeganso\/wp-json\/wp\/v2\/categories?post=35"},{"taxonomy":"post_tag","embeddable":true,"href":"https:\/\/blogs.diariovasco.com\/sopadeganso\/wp-json\/wp\/v2\/tags?post=35"}],"curies":[{"name":"wp","href":"https:\/\/api.w.org\/{rel}","templated":true}]}}