{"id":370,"date":"2011-03-11T07:07:13","date_gmt":"2011-03-11T07:07:13","guid":{"rendered":"http:\/\/blogs.diariovasco.com\/sopadeganso\/?p=370"},"modified":"2011-03-11T07:07:13","modified_gmt":"2011-03-11T07:07:13","slug":"cena_solidaria_para_el_lunes","status":"publish","type":"post","link":"https:\/\/blogs.diariovasco.com\/sopadeganso\/2011\/03\/11\/cena_solidaria_para_el_lunes\/","title":{"rendered":"Cena solidaria para el lunes"},"content":{"rendered":"<p><P>El v\u00eddeo de esta semana es por una causa justa. As\u00ed que el que ande por Madrid el lunes ya tiene donde cenar. Curioso verle a Rub\u00e9n Trincado entre Sergi Arola y Dani Garc\u00eda.<\/P><br \/>\n<P>&nbsp;<\/P><br \/>\n<iframe loading=\"lazy\" title=\"YouTube video player\" width=\"640\" height=\"390\" src=\"\/\/www.youtube.com\/embed\/JFlxdniTwQo\" frameborder=\"0\" allowfullscreen><\/iframe><\/p>\n<!-- AddThis Advanced Settings generic via filter on the_content --><!-- AddThis Share Buttons generic via filter on the_content -->","protected":false},"excerpt":{"rendered":"<p>El v\u00eddeo de esta semana es por una causa justa. As\u00ed que el que ande por Madrid el lunes ya tiene donde cenar. Curioso verle a Rub\u00e9n Trincado entre Sergi Arola y Dani Garc\u00eda. &nbsp;<!-- AddThis Advanced Settings generic via filter on get_the_excerpt --><!-- AddThis Share Buttons generic via filter on get_the_excerpt --><\/p>\n","protected":false},"author":33,"featured_media":0,"comment_status":"open","ping_status":"closed","sticky":false,"template":"","format":"standard","meta":[],"categories":[2],"tags":[6],"_links":{"self":[{"href":"https:\/\/blogs.diariovasco.com\/sopadeganso\/wp-json\/wp\/v2\/posts\/370"}],"collection":[{"href":"https:\/\/blogs.diariovasco.com\/sopadeganso\/wp-json\/wp\/v2\/posts"}],"about":[{"href":"https:\/\/blogs.diariovasco.com\/sopadeganso\/wp-json\/wp\/v2\/types\/post"}],"author":[{"embeddable":true,"href":"https:\/\/blogs.diariovasco.com\/sopadeganso\/wp-json\/wp\/v2\/users\/33"}],"replies":[{"embeddable":true,"href":"https:\/\/blogs.diariovasco.com\/sopadeganso\/wp-json\/wp\/v2\/comments?post=370"}],"version-history":[{"count":0,"href":"https:\/\/blogs.diariovasco.com\/sopadeganso\/wp-json\/wp\/v2\/posts\/370\/revisions"}],"wp:attachment":[{"href":"https:\/\/blogs.diariovasco.com\/sopadeganso\/wp-json\/wp\/v2\/media?parent=370"}],"wp:term":[{"taxonomy":"category","embeddable":true,"href":"https:\/\/blogs.diariovasco.com\/sopadeganso\/wp-json\/wp\/v2\/categories?post=370"},{"taxonomy":"post_tag","embeddable":true,"href":"https:\/\/blogs.diariovasco.com\/sopadeganso\/wp-json\/wp\/v2\/tags?post=370"}],"curies":[{"name":"wp","href":"https:\/\/api.w.org\/{rel}","templated":true}]}}