{"id":534,"date":"2011-01-04T07:06:37","date_gmt":"2011-01-04T07:06:37","guid":{"rendered":"http:\/\/blogs.diariovasco.com\/sopadeganso\/?p=534"},"modified":"2011-01-04T07:06:37","modified_gmt":"2011-01-04T07:06:37","slug":"vino_de_la_semana_habla_del_silencio_08","status":"publish","type":"post","link":"https:\/\/blogs.diariovasco.com\/sopadeganso\/2011\/01\/04\/vino_de_la_semana_habla_del_silencio_08\/","title":{"rendered":"Vino de la semana &#8211; Habla del Silencio 08"},"content":{"rendered":"<p><SPAN class=Apple-style-span style=\"WORD-SPACING: 0px; FONT: medium 'Times New Roman'; TEXT-TRANSFORM: none; COLOR: rgb(0,0,0); TEXT-INDENT: 0px; WHITE-SPACE: normal; LETTER-SPACING: normal; BORDER-COLLAPSE: separate; orphans: 2; widows: 2; webkit-border-horizontal-spacing: 0px; webkit-border-vertical-spacing: 0px; webkit-text-decorations-in-effect: none; webkit-text-size-adjust: auto; webkit-text-stroke-width: 0px\"><br \/>\n<DIV style=\"MARGIN: 0px; BACKGROUND-COLOR: transparent\"><SPAN id=internal-source-marker_0.7354672073852271 style=\"FONT-WEIGHT: normal; FONT-SIZE: 11pt; VERTICAL-ALIGN: baseline; COLOR: rgb(0,0,0); FONT-STYLE: normal; FONT-FAMILY: Arial; BACKGROUND-COLOR: transparent; TEXT-DECORATION: none\"><IMG src=\"\/sopadeganso\/wp-content\/uploads\/sites\/18\" align=left>La mala noticia es que hay crisis. La buena noticia es que podemos descubrir algunos vinos que antes no nos llegaban porque se vend\u00eda todo antes de que llegara a las tiendas de San Sebasti\u00e1n.<\/SPAN><BR><SPAN style=\"FONT-WEIGHT: normal; FONT-SIZE: 11pt; VERTICAL-ALIGN: baseline; COLOR: rgb(0,0,0); FONT-STYLE: normal; FONT-FAMILY: Arial; BACKGROUND-COLOR: transparent; TEXT-DECORATION: none\"><\/SPAN><BR><SPAN style=\"FONT-WEIGHT: normal; FONT-SIZE: 11pt; VERTICAL-ALIGN: baseline; COLOR: rgb(0,0,0); FONT-STYLE: normal; FONT-FAMILY: Arial; BACKGROUND-COLOR: transparent; TEXT-DECORATION: none\">En esto que Extremadura lleva a\u00f1os intentando decirnos que pueden hacer vinos extraordinarios y seguro que alguno los har\u00e1, pero les cuesta demostrarlo. Riberas del Guadiana es una de las DOs m\u00e1s quietas y que no consigue sacar la cabeza del agua precisamente porque nadie puede comandar el movimiento. <\/SPAN><BR><SPAN style=\"FONT-WEIGHT: normal; FONT-SIZE: 11pt; VERTICAL-ALIGN: baseline; COLOR: rgb(0,0,0); FONT-STYLE: normal; FONT-FAMILY: Arial; BACKGROUND-COLOR: transparent; TEXT-DECORATION: none\"><\/SPAN><BR><SPAN style=\"FONT-WEIGHT: normal; FONT-SIZE: 11pt; VERTICAL-ALIGN: baseline; COLOR: rgb(0,0,0); FONT-STYLE: normal; FONT-FAMILY: Arial; BACKGROUND-COLOR: transparent; TEXT-DECORATION: none\">Pero hace poco que lleg\u00f3 Jos\u00e9 Civantos precisamente para demostrar lo contrario y en una operaci\u00f3n brillante abre una bodega en Trujillo (C\u00e1ceres), planta variedades que van desde la la tempranillo hasta la petit verdot pasando por cabernet y syrah para demostrar que a base de un buen trabajo esa tierra es capaz de los mejores vinos.<\/SPAN><BR><SPAN style=\"FONT-WEIGHT: normal; FONT-SIZE: 11pt; VERTICAL-ALIGN: baseline; COLOR: rgb(0,0,0); FONT-STYLE: normal; FONT-FAMILY: Arial; BACKGROUND-COLOR: transparent; TEXT-DECORATION: none\">Fruto de ese trabajo son sus diversos Hablas el 1, 2, 3 y 4, todos de alta expresi\u00f3n. Eso s\u00ed, el esfuerzo tambi\u00e9n se lo pone al consumidor que tiene que pagar precios por encima de los 20 euros (en restaurantes hasta 40 y 50 euros) para poder hacerse con una de sus botellas y, adem\u00e1s, no se encuentran f\u00e1cilmente en tiendas por lo que si lo pides en la red te tienes que cargar con cajas de 6 botellas.<\/SPAN><BR><SPAN style=\"FONT-WEIGHT: normal; FONT-SIZE: 11pt; VERTICAL-ALIGN: baseline; COLOR: rgb(0,0,0); FONT-STYLE: normal; FONT-FAMILY: Arial; BACKGROUND-COLOR: transparent; TEXT-DECORATION: none\"><\/SPAN><BR><SPAN style=\"FONT-WEIGHT: normal; FONT-SIZE: 11pt; VERTICAL-ALIGN: baseline; COLOR: rgb(0,0,0); FONT-STYLE: normal; FONT-FAMILY: Arial; BACKGROUND-COLOR: transparent; TEXT-DECORATION: none\">Sabido eso, es todo un placer poder encontrarse con un Habla econ\u00f3mico, en torno a los 10 euros pero igual que sus hermanos mayores, hecho con seriedad, bien elaborado y capaz de expresar cada uva que contiene la botella. En este caso se incluye tempranillo, cabernet y syrah. Es un vino con seis meses de barrica y de una frescura tal que te apetece salir a bailar. Desde la nariz es muy representativo de esa juventud, no hay definici\u00f3n de car\u00e1cter pero eso es lo que lo hace divertido, de repente una cosa, de repente otra, hierbas, fruta, es pura psicodelia. Y en boca m\u00e1s de los mismo, toda la fruta roja, la frescura de las hierbas del campo y, al final el tostado de la madera que te da un caf\u00e9 moka muy parecido a la helader\u00eda de los italianos de la calle Aldamar en San Sebasti\u00e1n(el mejor de la ciudad).<\/SPAN><BR><SPAN style=\"FONT-WEIGHT: normal; FONT-SIZE: 11pt; VERTICAL-ALIGN: baseline; COLOR: rgb(0,0,0); FONT-STYLE: normal; FONT-FAMILY: Arial; BACKGROUND-COLOR: transparent; TEXT-DECORATION: none\"><\/SPAN><BR><SPAN style=\"FONT-WEIGHT: normal; FONT-SIZE: 11pt; VERTICAL-ALIGN: baseline; COLOR: rgb(0,0,0); FONT-STYLE: normal; FONT-FAMILY: Arial; BACKGROUND-COLOR: transparent; TEXT-DECORATION: none\">No se puede pedir m\u00e1s por un vino de ese precio. S\u00f3lo quiero que se quede m\u00e1s en nuestra tierra y espero que lo que venda Lukas siginifique lo suficiente para que se quede.<\/SPAN><BR><SPAN style=\"FONT-WEIGHT: normal; FONT-SIZE: 11pt; VERTICAL-ALIGN: baseline; COLOR: rgb(0,0,0); FONT-STYLE: normal; FONT-FAMILY: Arial; BACKGROUND-COLOR: transparent; TEXT-DECORATION: none\"><\/SPAN><BR><SPAN style=\"FONT-WEIGHT: normal; FONT-SIZE: 11pt; VERTICAL-ALIGN: baseline; COLOR: rgb(0,0,0); FONT-STYLE: normal; FONT-FAMILY: Arial; BACKGROUND-COLOR: transparent; TEXT-DECORATION: none\">Blog escrito escuchando: Sufjan Stevens &#8211; Songs for Christmas<\/SPAN><\/DIV><br \/>\n<\/SPAN><\/p>\n<!-- AddThis Advanced Settings generic via filter on the_content --><!-- AddThis Share Buttons generic via filter on the_content -->","protected":false},"excerpt":{"rendered":"<p>La mala noticia es que hay crisis. La buena noticia es que podemos descubrir algunos vinos que antes no nos llegaban porque se vend\u00eda todo antes de que llegara a las tiendas de San Sebasti\u00e1n.En esto que Extremadura lleva a\u00f1os intentando decirnos que pueden hacer vinos extraordinarios y seguro que alguno los har\u00e1, pero les [&hellip;]<!-- AddThis Advanced Settings generic via filter on get_the_excerpt --><!-- AddThis Share Buttons generic via filter on get_the_excerpt --><\/p>\n","protected":false},"author":33,"featured_media":0,"comment_status":"open","ping_status":"closed","sticky":false,"template":"","format":"standard","meta":[],"categories":[2],"tags":[6],"_links":{"self":[{"href":"https:\/\/blogs.diariovasco.com\/sopadeganso\/wp-json\/wp\/v2\/posts\/534"}],"collection":[{"href":"https:\/\/blogs.diariovasco.com\/sopadeganso\/wp-json\/wp\/v2\/posts"}],"about":[{"href":"https:\/\/blogs.diariovasco.com\/sopadeganso\/wp-json\/wp\/v2\/types\/post"}],"author":[{"embeddable":true,"href":"https:\/\/blogs.diariovasco.com\/sopadeganso\/wp-json\/wp\/v2\/users\/33"}],"replies":[{"embeddable":true,"href":"https:\/\/blogs.diariovasco.com\/sopadeganso\/wp-json\/wp\/v2\/comments?post=534"}],"version-history":[{"count":0,"href":"https:\/\/blogs.diariovasco.com\/sopadeganso\/wp-json\/wp\/v2\/posts\/534\/revisions"}],"wp:attachment":[{"href":"https:\/\/blogs.diariovasco.com\/sopadeganso\/wp-json\/wp\/v2\/media?parent=534"}],"wp:term":[{"taxonomy":"category","embeddable":true,"href":"https:\/\/blogs.diariovasco.com\/sopadeganso\/wp-json\/wp\/v2\/categories?post=534"},{"taxonomy":"post_tag","embeddable":true,"href":"https:\/\/blogs.diariovasco.com\/sopadeganso\/wp-json\/wp\/v2\/tags?post=534"}],"curies":[{"name":"wp","href":"https:\/\/api.w.org\/{rel}","templated":true}]}}