{"id":539,"date":"2011-01-12T07:07:22","date_gmt":"2011-01-12T07:07:22","guid":{"rendered":"http:\/\/blogs.diariovasco.com\/sopadeganso\/?p=539"},"modified":"2011-01-12T07:07:22","modified_gmt":"2011-01-12T07:07:22","slug":"gracias_alfonso_un_pequeno_homenaje","status":"publish","type":"post","link":"https:\/\/blogs.diariovasco.com\/sopadeganso\/2011\/01\/12\/gracias_alfonso_un_pequeno_homenaje\/","title":{"rendered":"Gracias Alfonso &#8211; un peque\u00f1o homenaje"},"content":{"rendered":"<p><SPAN style=\"WIDOWS: 2; TEXT-TRANSFORM: none; TEXT-INDENT: 0px; BORDER-COLLAPSE: separate; FONT: medium 'Times New Roman'; WHITE-SPACE: normal; ORPHANS: 2; LETTER-SPACING: normal; COLOR: rgb(0,0,0); WORD-SPACING: 0px; -webkit-border-horizontal-spacing: 0px; -webkit-border-vertical-spacing: 0px; -webkit-text-decorations-in-effect: none; -webkit-text-size-adjust: auto; -webkit-text-stroke-width: 0px\" class=Apple-style-span><br \/>\n<DIV style=\"BACKGROUND-COLOR: transparent; MARGIN: 0px\"><SPAN style=\"BACKGROUND-COLOR: transparent; FONT-STYLE: normal; FONT-FAMILY: Arial; WHITE-SPACE: pre-wrap; COLOR: rgb(0,0,0); FONT-SIZE: 11pt; VERTICAL-ALIGN: baseline; FONT-WEIGHT: normal; TEXT-DECORATION: none\" id=internal-source-marker_0.316419271286577>Paso todas las ma\u00f1anas a una hora muy temprana por delante del Hika Mika. Ayer pas\u00e9 y estaba cerrado, ning\u00fan cartel y parec\u00eda raro porque de una forma u otra siempre se le ve\u00eda a Alfonso pululando por ah\u00ed. Moto aparcada, luz en el local, \u00e9l poniendo en marcha la cocina y a la espera de que llegara alguno de sus camareros con los peri\u00f3dicos comprados en la esquina para poner el bar en marcha.<\/SPAN><BR><SPAN style=\"BACKGROUND-COLOR: transparent; FONT-STYLE: normal; FONT-FAMILY: Arial; WHITE-SPACE: pre-wrap; COLOR: rgb(0,0,0); FONT-SIZE: 11pt; VERTICAL-ALIGN: baseline; FONT-WEIGHT: normal; TEXT-DECORATION: none\"><\/SPAN><BR><SPAN style=\"BACKGROUND-COLOR: transparent; FONT-STYLE: normal; FONT-FAMILY: Arial; WHITE-SPACE: pre-wrap; COLOR: rgb(0,0,0); FONT-SIZE: 11pt; VERTICAL-ALIGN: baseline; FONT-WEIGHT: normal; TEXT-DECORATION: none\">Recuerdo los primeros d\u00edas de la obra, pod\u00eda haberse quedado en casa pero sigui\u00f3 adelante con el proyecto, \u201c\u00bfEn el Centro?\u201d, le pregunt\u00e9, \u201cYo creo que hace falta algo serio en el Centro me contest\u00f3\u201d y con qu\u00e9 ilusi\u00f3n contaba cada detalle, con qu\u00e9 ilusi\u00f3n contaba incluso c\u00f3mo hac\u00eda \u201cstages\u201d para aprender cada d\u00eda m\u00e1s, aprender de algo de lo que ya ten\u00eda el m\u00e1ster.<\/SPAN><BR><SPAN style=\"BACKGROUND-COLOR: transparent; FONT-STYLE: normal; FONT-FAMILY: Arial; WHITE-SPACE: pre-wrap; COLOR: rgb(0,0,0); FONT-SIZE: 11pt; VERTICAL-ALIGN: baseline; FONT-WEIGHT: normal; TEXT-DECORATION: none\">Y la apertura no pod\u00eda haber sido de otra manera, un \u00e9xito desde el primer d\u00eda, todo el mundo hablaba bien de la cocina, del trato, del producto, como no pod\u00eda ser de otra manera. <\/SPAN><BR><SPAN style=\"BACKGROUND-COLOR: transparent; FONT-STYLE: normal; FONT-FAMILY: Arial; WHITE-SPACE: pre-wrap; COLOR: rgb(0,0,0); FONT-SIZE: 11pt; VERTICAL-ALIGN: baseline; FONT-WEIGHT: normal; TEXT-DECORATION: none\">Y vinieron tiempos dif\u00edciles y supo adaptarse incluso puso a la medida un men\u00fa con un plato y un vino con el que sal\u00edas satisfecho, comido y sin dolor en la cartera.<\/SPAN><BR><SPAN style=\"BACKGROUND-COLOR: transparent; FONT-STYLE: normal; FONT-FAMILY: Arial; WHITE-SPACE: pre-wrap; COLOR: rgb(0,0,0); FONT-SIZE: 11pt; VERTICAL-ALIGN: baseline; FONT-WEIGHT: normal; TEXT-DECORATION: none\"><\/SPAN><BR><SPAN style=\"BACKGROUND-COLOR: transparent; FONT-STYLE: normal; FONT-FAMILY: Arial; WHITE-SPACE: pre-wrap; COLOR: rgb(0,0,0); FONT-SIZE: 11pt; VERTICAL-ALIGN: baseline; FONT-WEIGHT: normal; TEXT-DECORATION: none\">Alfonso era de una estirpe de hosteleros que nunca se olvidar\u00e1n en la ciudad. Muchos le conocimos en la Parte Vieja, le seguimos en el restaurante de la calle Euskal Herria y ahora, cuando su hijo Ander ha tomado las riendas del restaurante, tambi\u00e9n en el Hika Mika y lo \u00fanico que le hemos visto hacer en todos estos a\u00f1os ha sido trabajar y dar satisfacci\u00f3n a los clientes que han ido a verle, lo que aprendi\u00f3 de los suyos y lo que ha sabido transmitir.<\/SPAN><BR><SPAN style=\"BACKGROUND-COLOR: transparent; FONT-STYLE: normal; FONT-FAMILY: Arial; WHITE-SPACE: pre-wrap; COLOR: rgb(0,0,0); FONT-SIZE: 11pt; VERTICAL-ALIGN: baseline; FONT-WEIGHT: normal; TEXT-DECORATION: none\">Ahora lo bueno es saber que Ander sigue su estela, en el restaurante Astelena de la calle.Euskal Herria, ah\u00ed tiene a un digno sucesor y siempre le recordaremos a trav\u00e9s de su hijo porque es un t\u00edo fant\u00e1stico que siempre le representar\u00e1, incluso dar\u00e1 igual que sea el gran cocinero que es porque lo \u00fanico importante ser\u00e1\u00b4que sea un gran tipo como su padre. Gracias por &nbsp;todo Alfonso.<\/SPAN><BR><SPAN style=\"BACKGROUND-COLOR: transparent; FONT-STYLE: normal; FONT-FAMILY: Arial; WHITE-SPACE: pre-wrap; COLOR: rgb(0,0,0); FONT-SIZE: 11pt; VERTICAL-ALIGN: baseline; FONT-WEIGHT: normal; TEXT-DECORATION: none\"><\/SPAN><BR><SPAN style=\"BACKGROUND-COLOR: transparent; FONT-STYLE: normal; FONT-FAMILY: Arial; WHITE-SPACE: pre-wrap; COLOR: rgb(0,0,0); FONT-SIZE: 11pt; VERTICAL-ALIGN: baseline; FONT-WEIGHT: normal; TEXT-DECORATION: none\">Alfonso Gonz\u00e1lez, propietario del bar\/restaurante Hika Mika de la calle Etxaide de San Sebasti\u00e1n falleci\u00f3 ayer.<\/SPAN><\/DIV><br \/>\n<\/SPAN><\/p>\n<!-- AddThis Advanced Settings generic via filter on the_content --><!-- AddThis Share Buttons generic via filter on the_content -->","protected":false},"excerpt":{"rendered":"<p>Paso todas las ma\u00f1anas a una hora muy temprana por delante del Hika Mika. Ayer pas\u00e9 y estaba cerrado, ning\u00fan cartel y parec\u00eda raro porque de una forma u otra siempre se le ve\u00eda a Alfonso pululando por ah\u00ed. Moto aparcada, luz en el local, \u00e9l poniendo en marcha la cocina y a la espera [&hellip;]<!-- AddThis Advanced Settings generic via filter on get_the_excerpt --><!-- AddThis Share Buttons generic via filter on get_the_excerpt --><\/p>\n","protected":false},"author":33,"featured_media":0,"comment_status":"open","ping_status":"closed","sticky":false,"template":"","format":"standard","meta":[],"categories":[2],"tags":[6],"_links":{"self":[{"href":"https:\/\/blogs.diariovasco.com\/sopadeganso\/wp-json\/wp\/v2\/posts\/539"}],"collection":[{"href":"https:\/\/blogs.diariovasco.com\/sopadeganso\/wp-json\/wp\/v2\/posts"}],"about":[{"href":"https:\/\/blogs.diariovasco.com\/sopadeganso\/wp-json\/wp\/v2\/types\/post"}],"author":[{"embeddable":true,"href":"https:\/\/blogs.diariovasco.com\/sopadeganso\/wp-json\/wp\/v2\/users\/33"}],"replies":[{"embeddable":true,"href":"https:\/\/blogs.diariovasco.com\/sopadeganso\/wp-json\/wp\/v2\/comments?post=539"}],"version-history":[{"count":0,"href":"https:\/\/blogs.diariovasco.com\/sopadeganso\/wp-json\/wp\/v2\/posts\/539\/revisions"}],"wp:attachment":[{"href":"https:\/\/blogs.diariovasco.com\/sopadeganso\/wp-json\/wp\/v2\/media?parent=539"}],"wp:term":[{"taxonomy":"category","embeddable":true,"href":"https:\/\/blogs.diariovasco.com\/sopadeganso\/wp-json\/wp\/v2\/categories?post=539"},{"taxonomy":"post_tag","embeddable":true,"href":"https:\/\/blogs.diariovasco.com\/sopadeganso\/wp-json\/wp\/v2\/tags?post=539"}],"curies":[{"name":"wp","href":"https:\/\/api.w.org\/{rel}","templated":true}]}}