{"id":542,"date":"2011-01-17T07:16:44","date_gmt":"2011-01-17T07:16:44","guid":{"rendered":"http:\/\/blogs.diariovasco.com\/sopadeganso\/?p=542"},"modified":"2011-01-17T07:16:44","modified_gmt":"2011-01-17T07:16:44","slug":"vino_de_la_semana_esencias_de_varal_blan","status":"publish","type":"post","link":"https:\/\/blogs.diariovasco.com\/sopadeganso\/2011\/01\/17\/vino_de_la_semana_esencias_de_varal_blan\/","title":{"rendered":"Vino de la semana &#8211; Esencias de Varal blanco"},"content":{"rendered":"<p><SPAN class=Apple-style-span style=\"WORD-SPACING: 0px; FONT: medium 'Times New Roman'; TEXT-TRANSFORM: none; COLOR: rgb(0,0,0); TEXT-INDENT: 0px; WHITE-SPACE: normal; LETTER-SPACING: normal; BORDER-COLLAPSE: separate; orphans: 2; widows: 2; webkit-border-horizontal-spacing: 0px; webkit-border-vertical-spacing: 0px; webkit-text-decorations-in-effect: none; webkit-text-size-adjust: auto; webkit-text-stroke-width: 0px\"><br \/>\n<DIV style=\"MARGIN: 0px; BACKGROUND-COLOR: transparent\"><SPAN id=internal-source-marker_0.4863255429081619 style=\"FONT-WEIGHT: normal; FONT-SIZE: 11pt; VERTICAL-ALIGN: baseline; COLOR: rgb(0,0,0); FONT-STYLE: normal; FONT-FAMILY: Arial; BACKGROUND-COLOR: transparent; TEXT-DECORATION: none\"><IMG src=\"\/sopadeganso\/wp-content\/uploads\/sites\/18\/EsenciadeVaral.JPG\" align=left>Bueno, bueno, bueno, bueno. \u00bfNos acordamos cuando a\u00fan iba alguien comocido de la familia a por un vino de la Rioja alavesa de cosechero? Se tra\u00eda el vino de diario para todo el a\u00f1o. \u201cConozco un vino de cosechero de quitarse el sombrero y a un precio estupendo\u201d te dec\u00edan y met\u00edas cajas en el garaje hasta que se estropeara el vino. A veces hasta sal\u00eda bueno y para la sangr\u00eda era impagable. Y entre tantas cajas de tinto ca\u00eda alguno de blanco normalmente infumable pero sacado de la nevera en verano serv\u00eda para que las se\u00f1oras lo pasaran bien.<\/SPAN><BR><SPAN style=\"FONT-WEIGHT: normal; FONT-SIZE: 11pt; VERTICAL-ALIGN: baseline; COLOR: rgb(0,0,0); FONT-STYLE: normal; FONT-FAMILY: Arial; BACKGROUND-COLOR: transparent; TEXT-DECORATION: none\"><\/SPAN><BR><SPAN style=\"FONT-WEIGHT: normal; FONT-SIZE: 11pt; VERTICAL-ALIGN: baseline; COLOR: rgb(0,0,0); FONT-STYLE: normal; FONT-FAMILY: Arial; BACKGROUND-COLOR: transparent; TEXT-DECORATION: none\">Afortunadamente ahora los cosecheros se han puesto las pilas y si quieren salir al mercado lo tienen que hacer con dignidad y cierto nivel. Fruto de esa nueva tendencia es Bodegas Varal, unos cosecheros de Ba\u00f1os de Ebro que en los 80 decidieron apostar por hacer un vino del que se pudiera hablar y beber. Y de esa elaboraci\u00f3n nace este blanco, Esencias de Varal especetacular.<\/SPAN><BR><SPAN style=\"FONT-WEIGHT: normal; FONT-SIZE: 11pt; VERTICAL-ALIGN: baseline; COLOR: rgb(0,0,0); FONT-STYLE: normal; FONT-FAMILY: Arial; BACKGROUND-COLOR: transparent; TEXT-DECORATION: none\"><\/SPAN><BR><SPAN style=\"FONT-WEIGHT: normal; FONT-SIZE: 11pt; VERTICAL-ALIGN: baseline; COLOR: rgb(0,0,0); FONT-STYLE: normal; FONT-FAMILY: Arial; BACKGROUND-COLOR: transparent; TEXT-DECORATION: none\">Esto es tan sencillo como que es un vino de viura 100% y cuando cre\u00edamos que la viura serv\u00eda para rematar algunos tintos o que s\u00f3lo mostraba su personalidad en bodegas de renombre, descurbirmos que aqu\u00ed hay viura para parar un tren porque la viura es una uva seria y potente. Abstenerse personas que esperan en un vino blanco joven y fresco mucha fruta tropical o pi\u00f1a, aqu\u00ed hay seriedad mineral de la arcilla, aqu\u00ed hay vino que llena la boca con potencia y plenitud, aqu\u00ed la viura se presenta con seriedad y madurez, hierba, an\u00eds, acidez, amargor, elegancia y muuuucha largura, aqu\u00ed est\u00e1 la expresi\u00f3n de una tierra y de una variedad que se est\u00e1 trabajando como cuando vinieron los franceses a por vino a La Rioja. A nadie le extra\u00f1a que le den premios los mismos franceses.<\/SPAN><BR><SPAN style=\"FONT-WEIGHT: normal; FONT-SIZE: 11pt; VERTICAL-ALIGN: baseline; COLOR: rgb(0,0,0); FONT-STYLE: normal; FONT-FAMILY: Arial; BACKGROUND-COLOR: transparent; TEXT-DECORATION: none\"><\/SPAN><BR><SPAN style=\"FONT-WEIGHT: normal; FONT-SIZE: 11pt; VERTICAL-ALIGN: baseline; COLOR: rgb(0,0,0); FONT-STYLE: normal; FONT-FAMILY: Arial; BACKGROUND-COLOR: transparent; TEXT-DECORATION: none\">Merece la pena (no fijarse en la etiqueta) porque, adem\u00e1s, con esa acidez me gustar\u00eda volver a saludar a este vino en los pr\u00f3ximos dos o tres a\u00f1os, estoy seguro que con la manera en que est\u00e1 hecho a\u00fan le queda mucho que decir.<\/SPAN><\/DIV><br \/>\n<DIV style=\"MARGIN: 0px; BACKGROUND-COLOR: transparent\"><SPAN style=\"FONT-WEIGHT: normal; FONT-SIZE: 11pt; VERTICAL-ALIGN: baseline; COLOR: rgb(0,0,0); FONT-STYLE: normal; FONT-FAMILY: Arial; BACKGROUND-COLOR: transparent; TEXT-DECORATION: none\"><\/SPAN>&nbsp;<\/DIV><br \/>\n<DIV style=\"MARGIN: 0px; BACKGROUND-COLOR: transparent\"><SPAN style=\"FONT-WEIGHT: normal; FONT-SIZE: 11pt; VERTICAL-ALIGN: baseline; COLOR: rgb(0,0,0); FONT-STYLE: normal; FONT-FAMILY: Arial; BACKGROUND-COLOR: transparent; TEXT-DECORATION: none\">Blog escrito escuchando: Stanley Holloway &#8211; His Greatest Performance<\/SPAN><\/DIV><br \/>\n<\/SPAN><\/p>\n<!-- AddThis Advanced Settings generic via filter on the_content --><!-- AddThis Share Buttons generic via filter on the_content -->","protected":false},"excerpt":{"rendered":"<p>Bueno, bueno, bueno, bueno. \u00bfNos acordamos cuando a\u00fan iba alguien comocido de la familia a por un vino de la Rioja alavesa de cosechero? Se tra\u00eda el vino de diario para todo el a\u00f1o. \u201cConozco un vino de cosechero de quitarse el sombrero y a un precio estupendo\u201d te dec\u00edan y met\u00edas cajas en el [&hellip;]<!-- AddThis Advanced Settings generic via filter on get_the_excerpt --><!-- AddThis Share Buttons generic via filter on get_the_excerpt --><\/p>\n","protected":false},"author":33,"featured_media":0,"comment_status":"open","ping_status":"closed","sticky":false,"template":"","format":"standard","meta":[],"categories":[2],"tags":[6],"_links":{"self":[{"href":"https:\/\/blogs.diariovasco.com\/sopadeganso\/wp-json\/wp\/v2\/posts\/542"}],"collection":[{"href":"https:\/\/blogs.diariovasco.com\/sopadeganso\/wp-json\/wp\/v2\/posts"}],"about":[{"href":"https:\/\/blogs.diariovasco.com\/sopadeganso\/wp-json\/wp\/v2\/types\/post"}],"author":[{"embeddable":true,"href":"https:\/\/blogs.diariovasco.com\/sopadeganso\/wp-json\/wp\/v2\/users\/33"}],"replies":[{"embeddable":true,"href":"https:\/\/blogs.diariovasco.com\/sopadeganso\/wp-json\/wp\/v2\/comments?post=542"}],"version-history":[{"count":0,"href":"https:\/\/blogs.diariovasco.com\/sopadeganso\/wp-json\/wp\/v2\/posts\/542\/revisions"}],"wp:attachment":[{"href":"https:\/\/blogs.diariovasco.com\/sopadeganso\/wp-json\/wp\/v2\/media?parent=542"}],"wp:term":[{"taxonomy":"category","embeddable":true,"href":"https:\/\/blogs.diariovasco.com\/sopadeganso\/wp-json\/wp\/v2\/categories?post=542"},{"taxonomy":"post_tag","embeddable":true,"href":"https:\/\/blogs.diariovasco.com\/sopadeganso\/wp-json\/wp\/v2\/tags?post=542"}],"curies":[{"name":"wp","href":"https:\/\/api.w.org\/{rel}","templated":true}]}}