{"id":546,"date":"2011-01-21T00:39:38","date_gmt":"2011-01-21T00:39:38","guid":{"rendered":"http:\/\/blogs.diariovasco.com\/sopadeganso\/?p=546"},"modified":"2011-01-21T00:39:38","modified_gmt":"2011-01-21T00:39:38","slug":"una_impresora_que_imprime_comida_de_verd","status":"publish","type":"post","link":"https:\/\/blogs.diariovasco.com\/sopadeganso\/2011\/01\/21\/una_impresora_que_imprime_comida_de_verd\/","title":{"rendered":"Una impresora que imprime comida DE VERDAD"},"content":{"rendered":"<p><SPAN style=\"WIDOWS: 2; TEXT-TRANSFORM: none; TEXT-INDENT: 0px; BORDER-COLLAPSE: separate; FONT: medium 'Times New Roman'; WHITE-SPACE: normal; ORPHANS: 2; LETTER-SPACING: normal; COLOR: rgb(0,0,0); WORD-SPACING: 0px; -webkit-border-horizontal-spacing: 0px; -webkit-border-vertical-spacing: 0px; -webkit-text-decorations-in-effect: none; -webkit-text-size-adjust: auto; -webkit-text-stroke-width: 0px\" class=Apple-style-span><br \/>\n<DIV style=\"BACKGROUND-COLOR: transparent; MARGIN: 0px\"><SPAN style=\"BACKGROUND-COLOR: transparent; FONT-STYLE: normal; FONT-FAMILY: Arial; WHITE-SPACE: pre-wrap; COLOR: rgb(0,0,0); FONT-SIZE: 11pt; VERTICAL-ALIGN: baseline; FONT-WEIGHT: normal; TEXT-DECORATION: none\" id=internal-source-marker_0.6998895518481731>Esta semana no se ha emitido ning\u00fan cap\u00edtulo de la serie de Sukatalde, as\u00ed que para mantener el v\u00eddeo del viernes aqu\u00ed va una aut\u00e9ntica obra del futuro.<\/SPAN><BR><SPAN style=\"BACKGROUND-COLOR: transparent; FONT-STYLE: normal; FONT-FAMILY: Arial; WHITE-SPACE: pre-wrap; COLOR: rgb(0,0,0); FONT-SIZE: 11pt; VERTICAL-ALIGN: baseline; FONT-WEIGHT: normal; TEXT-DECORATION: none\"><\/SPAN><BR><SPAN style=\"BACKGROUND-COLOR: transparent; FONT-STYLE: normal; FONT-FAMILY: Arial; WHITE-SPACE: pre-wrap; COLOR: rgb(0,0,0); FONT-SIZE: 11pt; VERTICAL-ALIGN: baseline; FONT-WEIGHT: normal; TEXT-DECORATION: none\">\u00bfSe acuerda alguien de cuando se hablaba de &nbsp;\u201cimprimir\u201d la comida? Aquellas tonter\u00edas se refer\u00edan a platos fotografiados que se imprim\u00edan sobre un papel comestible. Sin m\u00e1s gracia.<\/SPAN><BR><SPAN style=\"BACKGROUND-COLOR: transparent; FONT-STYLE: normal; FONT-FAMILY: Arial; WHITE-SPACE: pre-wrap; COLOR: rgb(0,0,0); FONT-SIZE: 11pt; VERTICAL-ALIGN: baseline; FONT-WEIGHT: normal; TEXT-DECORATION: none\"><\/SPAN><BR><SPAN style=\"BACKGROUND-COLOR: transparent; FONT-STYLE: normal; FONT-FAMILY: Arial; WHITE-SPACE: pre-wrap; COLOR: rgb(0,0,0); FONT-SIZE: 11pt; VERTICAL-ALIGN: baseline; FONT-WEIGHT: normal; TEXT-DECORATION: none\">Pues una empresa americana ha dado un paso m\u00e1s. Estas impresoras imrpimen la informaci\u00f3n en tres dimensiones de tal manera que esos tubos pueden imprimir no s\u00f3lo sobre una superficie sino que pueden crear una figura (como se puede ver en el v\u00eddeo). El siguiente paso, que ya se est\u00e1 haciendo y que me imagino que en el BCulinary ser\u00e1 una impresora habitual, es darle sabor a esos tubos de manera que se puede \u201cimrpimir\u201d montar un plato desde una impresora dom\u00e9stica. Tu metes sabores en esos tubos y te va montando el plato que quieras. L\u00f3gicamente, por el momento, s\u00f3lo se refiere a postres, pero qui\u00e9n sabe d\u00f3nde estar\u00e1 el futuro. De momento llamar\u00e1 el cocinero desde las Seychelles para decir: \u201cSe me ha ocurrido un postre, os lo mando por correo electr\u00f3nico, sacarlo esta noche.\u201d Dicho y hecho:<\/SPAN><\/DIV><br \/>\n<DIV style=\"BACKGROUND-COLOR: transparent; MARGIN: 0px\"><SPAN style=\"BACKGROUND-COLOR: transparent; FONT-STYLE: normal; FONT-FAMILY: Arial; WHITE-SPACE: pre-wrap; COLOR: rgb(0,0,0); FONT-SIZE: 11pt; VERTICAL-ALIGN: baseline; FONT-WEIGHT: normal; TEXT-DECORATION: none\"><\/SPAN>&nbsp;<\/DIV><br \/>\n<DIV style=\"BACKGROUND-COLOR: transparent; MARGIN: 0px\"><SPAN style=\"BACKGROUND-COLOR: transparent; FONT-STYLE: normal; FONT-FAMILY: Arial; WHITE-SPACE: pre-wrap; COLOR: rgb(0,0,0); FONT-SIZE: 11pt; VERTICAL-ALIGN: baseline; FONT-WEIGHT: normal; TEXT-DECORATION: none\"><\/SPAN>&nbsp;<\/DIV><br \/>\n<\/SPAN><br \/>\n<object style=\"height: 390px; width: 640px\"><param name=\"movie\" value=\"http:\/\/www.youtube.com\/v\/ZW_ldvrHgLM?version=3\"><param name=\"allowFullScreen\" value=\"true\"><param name=\"allowScriptAccess\" value=\"always\"><embed src=\"\/\/www.youtube.com\/v\/ZW_ldvrHgLM?version=3\" type=\"application\/x-shockwave-flash\" allowfullscreen=\"true\" allowScriptAccess=\"always\" width=\"640\" height=\"390\"><\/object><\/p>\n<!-- AddThis Advanced Settings generic via filter on the_content --><!-- AddThis Share Buttons generic via filter on the_content -->","protected":false},"excerpt":{"rendered":"<p>Esta semana no se ha emitido ning\u00fan cap\u00edtulo de la serie de Sukatalde, as\u00ed que para mantener el v\u00eddeo del viernes aqu\u00ed va una aut\u00e9ntica obra del futuro.\u00bfSe acuerda alguien de cuando se hablaba de &nbsp;\u201cimprimir\u201d la comida? Aquellas tonter\u00edas se refer\u00edan a platos fotografiados que se imprim\u00edan sobre un papel comestible. Sin m\u00e1s gracia.Pues [&hellip;]<!-- AddThis Advanced Settings generic via filter on get_the_excerpt --><!-- AddThis Share Buttons generic via filter on get_the_excerpt --><\/p>\n","protected":false},"author":33,"featured_media":0,"comment_status":"open","ping_status":"closed","sticky":false,"template":"","format":"standard","meta":[],"categories":[2],"tags":[6],"_links":{"self":[{"href":"https:\/\/blogs.diariovasco.com\/sopadeganso\/wp-json\/wp\/v2\/posts\/546"}],"collection":[{"href":"https:\/\/blogs.diariovasco.com\/sopadeganso\/wp-json\/wp\/v2\/posts"}],"about":[{"href":"https:\/\/blogs.diariovasco.com\/sopadeganso\/wp-json\/wp\/v2\/types\/post"}],"author":[{"embeddable":true,"href":"https:\/\/blogs.diariovasco.com\/sopadeganso\/wp-json\/wp\/v2\/users\/33"}],"replies":[{"embeddable":true,"href":"https:\/\/blogs.diariovasco.com\/sopadeganso\/wp-json\/wp\/v2\/comments?post=546"}],"version-history":[{"count":0,"href":"https:\/\/blogs.diariovasco.com\/sopadeganso\/wp-json\/wp\/v2\/posts\/546\/revisions"}],"wp:attachment":[{"href":"https:\/\/blogs.diariovasco.com\/sopadeganso\/wp-json\/wp\/v2\/media?parent=546"}],"wp:term":[{"taxonomy":"category","embeddable":true,"href":"https:\/\/blogs.diariovasco.com\/sopadeganso\/wp-json\/wp\/v2\/categories?post=546"},{"taxonomy":"post_tag","embeddable":true,"href":"https:\/\/blogs.diariovasco.com\/sopadeganso\/wp-json\/wp\/v2\/tags?post=546"}],"curies":[{"name":"wp","href":"https:\/\/api.w.org\/{rel}","templated":true}]}}