{"id":547,"date":"2011-01-24T07:22:36","date_gmt":"2011-01-24T07:22:36","guid":{"rendered":"http:\/\/blogs.diariovasco.com\/sopadeganso\/?p=547"},"modified":"2011-01-24T07:22:36","modified_gmt":"2011-01-24T07:22:36","slug":"vino_de_la_semana_usatges_05","status":"publish","type":"post","link":"https:\/\/blogs.diariovasco.com\/sopadeganso\/2011\/01\/24\/vino_de_la_semana_usatges_05\/","title":{"rendered":"Vino de la semana &#8211; Usatges 05"},"content":{"rendered":"<p><SPAN class=Apple-style-span style=\"WORD-SPACING: 0px; FONT: medium 'Times New Roman'; TEXT-TRANSFORM: none; COLOR: rgb(0,0,0); TEXT-INDENT: 0px; WHITE-SPACE: normal; LETTER-SPACING: normal; BORDER-COLLAPSE: separate; orphans: 2; widows: 2; webkit-border-horizontal-spacing: 0px; webkit-border-vertical-spacing: 0px; webkit-text-decorations-in-effect: none; webkit-text-size-adjust: auto; webkit-text-stroke-width: 0px\"><br \/>\n<DIV style=\"MARGIN: 0px; BACKGROUND-COLOR: transparent\"><SPAN id=internal-source-marker_0.534653908573091 style=\"FONT-WEIGHT: normal; FONT-SIZE: 11pt; VERTICAL-ALIGN: baseline; COLOR: rgb(0,0,0); FONT-STYLE: normal; FONT-FAMILY: Arial; BACKGROUND-COLOR: transparent; TEXT-DECORATION: none\"><IMG src=\"\/sopadeganso\/wp-content\/uploads\/sites\/18\/lafoto.JPG\" align=left>Volver al pasado a trav\u00e9s de los recuerdos de un vino es un placer. Siempre que los recuerdos sean buenos, claro. Y estos que consiguen trasladar a uno al Priorato en el a\u00f1o 92, a un encuentro con bodegas reci\u00e9n estrenadas, con bodegueros entusiastas de sus vinos y a unos vinos que ya entonces asombraban porque eran diferentes, que se vend\u00edan muy bien y que ten\u00edan a toda la prensa especializada atenta a sus movimientos, a estos vinos son a los que apetece volver de vez en cuando en cuanto se puede.<\/SPAN><BR><SPAN style=\"FONT-WEIGHT: normal; FONT-SIZE: 11pt; VERTICAL-ALIGN: baseline; COLOR: rgb(0,0,0); FONT-STYLE: normal; FONT-FAMILY: Arial; BACKGROUND-COLOR: transparent; TEXT-DECORATION: none\"><\/SPAN><BR><SPAN style=\"FONT-WEIGHT: normal; FONT-SIZE: 11pt; VERTICAL-ALIGN: baseline; COLOR: rgb(0,0,0); FONT-STYLE: normal; FONT-FAMILY: Arial; BACKGROUND-COLOR: transparent; TEXT-DECORATION: none\">Costers del Siurana entonces era una bodega peque\u00f1a, familiar, fruto de la revelaci\u00f3n divina que sufri\u00f3 el matrimonio formado por Carles Pastrana y Mariona Jarque, un par de profesionales de Barcelona que vieron la luz del vino en el Priorato e hicieron una inmersi\u00f3n en la zona comprando terrenos y vi\u00f1edos a punto de desaparecer y plantando en zonas que fueron productivas y que los payases locales hab\u00edan levantado. No en vano esas tierras en las que se fijaron fueron las de la primera Cartuja de la pen\u00ednsula iberica (siglo XII) cuando los monjes de la orden de San Bruno decidieron establacerse ah\u00ed, siempre a vueltas con la Iglesia y con su sabidur\u00eda por la mejor tierra para los vi\u00f1edos.<\/SPAN><BR><SPAN style=\"FONT-WEIGHT: normal; FONT-SIZE: 11pt; VERTICAL-ALIGN: baseline; COLOR: rgb(0,0,0); FONT-STYLE: normal; FONT-FAMILY: Arial; BACKGROUND-COLOR: transparent; TEXT-DECORATION: none\"><\/SPAN><BR><SPAN style=\"FONT-WEIGHT: normal; FONT-SIZE: 11pt; VERTICAL-ALIGN: baseline; COLOR: rgb(0,0,0); FONT-STYLE: normal; FONT-FAMILY: Arial; BACKGROUND-COLOR: transparent; TEXT-DECORATION: none\">Este Ustages 05 sigue entusiasmando como lo hizo entonces. Quiz\u00e1s no con la misma frescura, al fin y al cabo todos nos hacemos mayores y algunos hasta maduran con el paso del tiempo. Este Ustages se ha vuelto m\u00e1s serio, con mayor empaque, con m\u00e1s saber estar y puede enfrentarse a una comida m\u00e1s potente. Tambi\u00e9n hay un trabajo m\u00e1s serio en la vi\u00f1a y en bodega. Este vino, es un ensamblaje s\u00f3lido entre las uvas m\u00e1s caracter\u00edsticas del Priorato pero hay una que me parece que le da mucho sentido al vino, el calor de la garnacha que lleva todos los boletos para hacer un vino con poder\u00edo y que, sin embargo, despega gracias a esas otras dos que son la cabernet y la tempranillo que la atan en corto y, a \u00faltima hora, viene una cari\u00f1ena que le da profundidad, largura, dos minutos despu\u00e9s del primer trago hay mucha fruta, todav\u00eda hay vino para rato. Ligeramente se presentan esas especias, esas mentas. hay que buscarlas, pero lo intuyes todo y te gusta. C\u00f3mo me gusta este vino porque es un sincero compa\u00f1ero de viaje. Y doy las gracias porque se siga haciendo.<\/SPAN><BR><SPAN style=\"FONT-WEIGHT: normal; FONT-SIZE: 11pt; VERTICAL-ALIGN: baseline; COLOR: rgb(0,0,0); FONT-STYLE: normal; FONT-FAMILY: Arial; BACKGROUND-COLOR: transparent; TEXT-DECORATION: none\"><\/SPAN><BR><SPAN style=\"FONT-WEIGHT: normal; FONT-SIZE: 11pt; VERTICAL-ALIGN: baseline; COLOR: rgb(0,0,0); FONT-STYLE: normal; FONT-FAMILY: Arial; BACKGROUND-COLOR: transparent; TEXT-DECORATION: none\">Blog escrito escuchando: Franco Battiato &#8211; Centro de gravedad<\/SPAN><\/DIV><br \/>\n<\/SPAN><\/p>\n<!-- AddThis Advanced Settings generic via filter on the_content --><!-- AddThis Share Buttons generic via filter on the_content -->","protected":false},"excerpt":{"rendered":"<p>Volver al pasado a trav\u00e9s de los recuerdos de un vino es un placer. Siempre que los recuerdos sean buenos, claro. Y estos que consiguen trasladar a uno al Priorato en el a\u00f1o 92, a un encuentro con bodegas reci\u00e9n estrenadas, con bodegueros entusiastas de sus vinos y a unos vinos que ya entonces asombraban [&hellip;]<!-- AddThis Advanced Settings generic via filter on get_the_excerpt --><!-- AddThis Share Buttons generic via filter on get_the_excerpt --><\/p>\n","protected":false},"author":33,"featured_media":0,"comment_status":"open","ping_status":"closed","sticky":false,"template":"","format":"standard","meta":[],"categories":[2],"tags":[6],"_links":{"self":[{"href":"https:\/\/blogs.diariovasco.com\/sopadeganso\/wp-json\/wp\/v2\/posts\/547"}],"collection":[{"href":"https:\/\/blogs.diariovasco.com\/sopadeganso\/wp-json\/wp\/v2\/posts"}],"about":[{"href":"https:\/\/blogs.diariovasco.com\/sopadeganso\/wp-json\/wp\/v2\/types\/post"}],"author":[{"embeddable":true,"href":"https:\/\/blogs.diariovasco.com\/sopadeganso\/wp-json\/wp\/v2\/users\/33"}],"replies":[{"embeddable":true,"href":"https:\/\/blogs.diariovasco.com\/sopadeganso\/wp-json\/wp\/v2\/comments?post=547"}],"version-history":[{"count":0,"href":"https:\/\/blogs.diariovasco.com\/sopadeganso\/wp-json\/wp\/v2\/posts\/547\/revisions"}],"wp:attachment":[{"href":"https:\/\/blogs.diariovasco.com\/sopadeganso\/wp-json\/wp\/v2\/media?parent=547"}],"wp:term":[{"taxonomy":"category","embeddable":true,"href":"https:\/\/blogs.diariovasco.com\/sopadeganso\/wp-json\/wp\/v2\/categories?post=547"},{"taxonomy":"post_tag","embeddable":true,"href":"https:\/\/blogs.diariovasco.com\/sopadeganso\/wp-json\/wp\/v2\/tags?post=547"}],"curies":[{"name":"wp","href":"https:\/\/api.w.org\/{rel}","templated":true}]}}