{"id":550,"date":"2011-01-28T07:28:32","date_gmt":"2011-01-28T07:28:32","guid":{"rendered":"http:\/\/blogs.diariovasco.com\/sopadeganso\/?p=550"},"modified":"2011-01-28T07:28:32","modified_gmt":"2011-01-28T07:28:32","slug":"homenaje_a_la_jubilacion","status":"publish","type":"post","link":"https:\/\/blogs.diariovasco.com\/sopadeganso\/2011\/01\/28\/homenaje_a_la_jubilacion\/","title":{"rendered":"Homenaje a la jubilaci\u00f3n"},"content":{"rendered":"<p><P>Ayer decidimos hacer un homenaje a la jubilaci\u00f3n como debe ser.<\/P><br \/>\n<P>Manolo es un amigo de la familia de M al que llamamos t\u00edo Manolo. Llevamos tiempo saliendo a comer con \u00e9l, de hecho muchos de los comentarios de restaurantes que aparecen por aqu\u00ed se hacen con \u00e9l porque es un gran gourmet al que le gusta comer. Esta misma semana ha estado en el Landa de Mendaro (la cuarta vez en un a\u00f1o). Cuando entra en los restaurantes lo primero que me dice es: &#8220;Pide el champagne&#8221;, antes incluso de que nos traigan las cartas. Luego un vino y, al final, siempre su gin tonic. <\/P><br \/>\n<P><IMG src=\"\/sopadeganso\/wp-content\/uploads\/sites\/18\/ManoloKrug3.JPG\"><\/P><br \/>\n<P>Ayer abrimos un \u00ednquilino que ten\u00edamos por casa y lo probamos. Profesionalidad: la puntilla, cuchillo m\u00e1s ancho, el jamonero y la chaira.<\/P><br \/>\n<P><IMG src=\"\/sopadeganso\/wp-content\/uploads\/sites\/18\/Manolokrug1.JPG\"><\/P><br \/>\n<P>&nbsp;<\/P><br \/>\n<P>La botella que acompa\u00f1\u00f3 a dicho inquilino fue una botella de Krug regalo de t\u00edo Manolo.<\/P><br \/>\n<P><IMG src=\"\/sopadeganso\/wp-content\/uploads\/sites\/18\"><\/P><br \/>\n<P>En toda esta historia no habr\u00eda nada de extraordinario (salvo el jam\u00f3n y el champagne, claro) si no fuera porque el t\u00edo Manolo lleva m\u00e1s de 25 a\u00f1os jubilado. Se jubil\u00f3 a los 62, como los de antes, y ha cumplido 90 a\u00f1os. As\u00ed que cuando nos jubilemos nosotros todav\u00eda nos quedar\u00e1n 25 a\u00f1os por delante, con la esperanza de poder entrar en los restaurantes al grito de: &#8220;Una botella de champagne para empezar.&#8221;<\/P><br \/>\n<P>Y aqu\u00ed el profesional dando el primer saludo al se\u00f1or. Con qu\u00e9 destreza mete la puntilla y empieza la faena:<\/P><br \/>\n<P>&nbsp;<\/P><br \/>\n<IFRAME class=youtube-player title=\"YouTube video player\" src=\"\/\/www.youtube.com\/embed\/bNcb6PzfjsA\" frameBorder=0 width=480 height=390 allowFullScreen type=\"text\/html\"><\/IFRAME><\/p>\n<!-- AddThis Advanced Settings generic via filter on the_content --><!-- AddThis Share Buttons generic via filter on the_content -->","protected":false},"excerpt":{"rendered":"<p>Ayer decidimos hacer un homenaje a la jubilaci\u00f3n como debe ser. Manolo es un amigo de la familia de M al que llamamos t\u00edo Manolo. Llevamos tiempo saliendo a comer con \u00e9l, de hecho muchos de los comentarios de restaurantes que aparecen por aqu\u00ed se hacen con \u00e9l porque es un gran gourmet al que [&hellip;]<!-- AddThis Advanced Settings generic via filter on get_the_excerpt --><!-- AddThis Share Buttons generic via filter on get_the_excerpt --><\/p>\n","protected":false},"author":33,"featured_media":0,"comment_status":"open","ping_status":"closed","sticky":false,"template":"","format":"standard","meta":[],"categories":[2],"tags":[6],"_links":{"self":[{"href":"https:\/\/blogs.diariovasco.com\/sopadeganso\/wp-json\/wp\/v2\/posts\/550"}],"collection":[{"href":"https:\/\/blogs.diariovasco.com\/sopadeganso\/wp-json\/wp\/v2\/posts"}],"about":[{"href":"https:\/\/blogs.diariovasco.com\/sopadeganso\/wp-json\/wp\/v2\/types\/post"}],"author":[{"embeddable":true,"href":"https:\/\/blogs.diariovasco.com\/sopadeganso\/wp-json\/wp\/v2\/users\/33"}],"replies":[{"embeddable":true,"href":"https:\/\/blogs.diariovasco.com\/sopadeganso\/wp-json\/wp\/v2\/comments?post=550"}],"version-history":[{"count":0,"href":"https:\/\/blogs.diariovasco.com\/sopadeganso\/wp-json\/wp\/v2\/posts\/550\/revisions"}],"wp:attachment":[{"href":"https:\/\/blogs.diariovasco.com\/sopadeganso\/wp-json\/wp\/v2\/media?parent=550"}],"wp:term":[{"taxonomy":"category","embeddable":true,"href":"https:\/\/blogs.diariovasco.com\/sopadeganso\/wp-json\/wp\/v2\/categories?post=550"},{"taxonomy":"post_tag","embeddable":true,"href":"https:\/\/blogs.diariovasco.com\/sopadeganso\/wp-json\/wp\/v2\/tags?post=550"}],"curies":[{"name":"wp","href":"https:\/\/api.w.org\/{rel}","templated":true}]}}