{"id":559,"date":"2011-02-09T07:05:42","date_gmt":"2011-02-09T07:05:42","guid":{"rendered":"http:\/\/blogs.diariovasco.com\/sopadeganso\/?p=559"},"modified":"2011-02-09T07:05:42","modified_gmt":"2011-02-09T07:05:42","slug":"kokotxa_sigue_incansable","status":"publish","type":"post","link":"https:\/\/blogs.diariovasco.com\/sopadeganso\/2011\/02\/09\/kokotxa_sigue_incansable\/","title":{"rendered":"Kokotxa sigue incansable"},"content":{"rendered":"<p><SPAN class=Apple-style-span style=\"WORD-SPACING: 0px; FONT: medium 'Times New Roman'; TEXT-TRANSFORM: none; COLOR: rgb(0,0,0); TEXT-INDENT: 0px; WHITE-SPACE: normal; LETTER-SPACING: normal; BORDER-COLLAPSE: separate; orphans: 2; widows: 2; webkit-border-horizontal-spacing: 0px; webkit-border-vertical-spacing: 0px; webkit-text-decorations-in-effect: none; webkit-text-size-adjust: auto; webkit-text-stroke-width: 0px\"><br \/>\n<DIV style=\"MARGIN: 0px; BACKGROUND-COLOR: transparent\"><SPAN id=internal-source-marker_0.5541256256401539 style=\"FONT-WEIGHT: normal; FONT-SIZE: 11pt; VERTICAL-ALIGN: baseline; COLOR: rgb(0,0,0); FONT-STYLE: normal; FONT-FAMILY: Arial; BACKGROUND-COLOR: transparent; TEXT-DECORATION: none\"><IMG src=\"\/sopadeganso\/wp-content\/uploads\/sites\/18\"><\/SPAN><\/DIV><br \/>\n<DIV style=\"MARGIN: 0px; BACKGROUND-COLOR: transparent\"><SPAN style=\"FONT-WEIGHT: normal; FONT-SIZE: 11pt; VERTICAL-ALIGN: baseline; COLOR: rgb(0,0,0); FONT-STYLE: normal; FONT-FAMILY: Arial; BACKGROUND-COLOR: transparent; TEXT-DECORATION: none\">Ayer motivos profesionales nos llevaron al Kokotxa. Grabamos un programa de M\u00e1s Gastronom\u00eda para la tele (esta noche a las 21,30 en Teledonosti). Para este tipo de montajes los cocineros se suelen salir del gui\u00f3n. Buscan el m\u00e1s alto nivel, cosas especiales que no est\u00e1n en carta o platos nuevos con los que creen que van a soprender. Los hay mejores y peores. No pensaba perder el tiempo en hablar del Kokotxa porque este tipo de comidas no suelen ser el mejor momento. <\/SPAN><BR><SPAN style=\"FONT-WEIGHT: normal; FONT-SIZE: 11pt; VERTICAL-ALIGN: baseline; COLOR: rgb(0,0,0); FONT-STYLE: normal; FONT-FAMILY: Arial; BACKGROUND-COLOR: transparent; TEXT-DECORATION: none\"><\/SPAN><BR><SPAN style=\"FONT-WEIGHT: normal; FONT-SIZE: 11pt; VERTICAL-ALIGN: baseline; COLOR: rgb(0,0,0); FONT-STYLE: normal; FONT-FAMILY: Arial; BACKGROUND-COLOR: transparent; TEXT-DECORATION: none\">En el caso de Dani la cosa es bien distinta. Su cocina y el llenazo del comedor no le permit\u00eda salirse de su gui\u00f3n personal, as\u00ed que se decidi\u00f3 por platos de la carta, platos de invierno, platos con los que est\u00e1 seguro todos los d\u00edas y que si tienen que sorprender que lo hagan porque tienen detr\u00e1s un trabajo serio.<\/SPAN><BR><SPAN style=\"FONT-WEIGHT: normal; FONT-SIZE: 11pt; VERTICAL-ALIGN: baseline; COLOR: rgb(0,0,0); FONT-STYLE: normal; FONT-FAMILY: Arial; BACKGROUND-COLOR: transparent; TEXT-DECORATION: none\"><\/SPAN><BR><SPAN style=\"FONT-WEIGHT: normal; FONT-SIZE: 11pt; VERTICAL-ALIGN: baseline; COLOR: rgb(0,0,0); FONT-STYLE: normal; FONT-FAMILY: Arial; BACKGROUND-COLOR: transparent; TEXT-DECORATION: none\">As\u00ed que en tercer lugar lleg\u00f3 a la mesa algo que, de entrada, sonaba muy bien, realmente bien:<\/SPAN><BR><SPAN style=\"FONT-WEIGHT: normal; FONT-SIZE: 11pt; VERTICAL-ALIGN: baseline; COLOR: rgb(0,0,0); FONT-STYLE: normal; FONT-FAMILY: Arial; BACKGROUND-COLOR: transparent; TEXT-DECORATION: none\">Terrina de manitas, morros y setas, rematada con una cigala y ba\u00f1ado todo con una vinagreta templada de lentejas y brotes. Y el plato es eso mismo y es una gran composici\u00f3n. La terrina est\u00e1 tostada, perfectamente equilibrada con una textura muy atractiva, el remate de una cigala en su punto justo de cocci\u00f3n (casi cruda) le da a todo el conjunto una textura muy especial, el crujiente, la melosidad, un toque carnal, un toque de mar y cuando llegan las lentejas y los brotes te encuentras con el campo y con un final muy refescante. \u00bfSe nota que disfrut\u00e9 con este plato? Hay materia prima, hay cocina de la amatxo, hay cocina de autor, hay creatividad y hay tradici\u00f3n. <\/SPAN><BR><SPAN style=\"FONT-WEIGHT: normal; FONT-SIZE: 11pt; VERTICAL-ALIGN: baseline; COLOR: rgb(0,0,0); FONT-STYLE: normal; FONT-FAMILY: Arial; BACKGROUND-COLOR: transparent; TEXT-DECORATION: none\"><\/SPAN><BR><SPAN style=\"FONT-WEIGHT: normal; FONT-SIZE: 11pt; VERTICAL-ALIGN: baseline; COLOR: rgb(0,0,0); FONT-STYLE: normal; FONT-FAMILY: Arial; BACKGROUND-COLOR: transparent; TEXT-DECORATION: none\">Pero es que despu\u00e9s lleg\u00f3 un huevo con un trocito de foie y trufa que puede ser m\u00e1s normal pero hace falta un cocinero para que el plato destaque y uno con el gusto de Dani para prepararlo con mucha elegancia. Le est\u00e1 sentando bien cumplir a\u00f1os porque todav\u00eda est\u00e1 fresco y a\u00fan tiene la ilusi\u00f3n de seguir haciendo cocina, se ve que se divierte y eso es lo m\u00e1s importante de esa profesi\u00f3n. <\/SPAN><BR><SPAN style=\"FONT-WEIGHT: normal; FONT-SIZE: 11pt; VERTICAL-ALIGN: baseline; COLOR: rgb(0,0,0); FONT-STYLE: normal; FONT-FAMILY: Arial; BACKGROUND-COLOR: transparent; TEXT-DECORATION: none\"><\/SPAN><BR><SPAN style=\"FONT-WEIGHT: normal; FONT-SIZE: 11pt; VERTICAL-ALIGN: baseline; COLOR: rgb(0,0,0); FONT-STYLE: normal; FONT-FAMILY: Arial; BACKGROUND-COLOR: transparent; TEXT-DECORATION: none\">Restaurante Kokotxa (una estrella Michel\u00edn) est\u00e1 en la Parte Vieja donostiarra junto a la iglesia de Santa Mar\u00eda<\/SPAN><BR><SPAN style=\"FONT-WEIGHT: normal; FONT-SIZE: 11pt; VERTICAL-ALIGN: baseline; COLOR: rgb(0,0,0); FONT-STYLE: normal; FONT-FAMILY: Arial; BACKGROUND-COLOR: transparent; TEXT-DECORATION: none\"><\/SPAN><BR><SPAN style=\"FONT-WEIGHT: normal; FONT-SIZE: 11pt; VERTICAL-ALIGN: baseline; COLOR: rgb(0,0,0); FONT-STYLE: normal; FONT-FAMILY: Arial; BACKGROUND-COLOR: transparent; TEXT-DECORATION: none\">Blog escrito escuchando: The Rubinoos &#8211; Live at Hammersmith<\/SPAN><\/DIV><br \/>\n<\/SPAN><\/p>\n<!-- AddThis Advanced Settings generic via filter on the_content --><!-- AddThis Share Buttons generic via filter on the_content -->","protected":false},"excerpt":{"rendered":"<p>Ayer motivos profesionales nos llevaron al Kokotxa. Grabamos un programa de M\u00e1s Gastronom\u00eda para la tele (esta noche a las 21,30 en Teledonosti). Para este tipo de montajes los cocineros se suelen salir del gui\u00f3n. Buscan el m\u00e1s alto nivel, cosas especiales que no est\u00e1n en carta o platos nuevos con los que creen que [&hellip;]<!-- AddThis Advanced Settings generic via filter on get_the_excerpt --><!-- AddThis Share Buttons generic via filter on get_the_excerpt --><\/p>\n","protected":false},"author":33,"featured_media":0,"comment_status":"open","ping_status":"closed","sticky":false,"template":"","format":"standard","meta":[],"categories":[2],"tags":[6],"_links":{"self":[{"href":"https:\/\/blogs.diariovasco.com\/sopadeganso\/wp-json\/wp\/v2\/posts\/559"}],"collection":[{"href":"https:\/\/blogs.diariovasco.com\/sopadeganso\/wp-json\/wp\/v2\/posts"}],"about":[{"href":"https:\/\/blogs.diariovasco.com\/sopadeganso\/wp-json\/wp\/v2\/types\/post"}],"author":[{"embeddable":true,"href":"https:\/\/blogs.diariovasco.com\/sopadeganso\/wp-json\/wp\/v2\/users\/33"}],"replies":[{"embeddable":true,"href":"https:\/\/blogs.diariovasco.com\/sopadeganso\/wp-json\/wp\/v2\/comments?post=559"}],"version-history":[{"count":0,"href":"https:\/\/blogs.diariovasco.com\/sopadeganso\/wp-json\/wp\/v2\/posts\/559\/revisions"}],"wp:attachment":[{"href":"https:\/\/blogs.diariovasco.com\/sopadeganso\/wp-json\/wp\/v2\/media?parent=559"}],"wp:term":[{"taxonomy":"category","embeddable":true,"href":"https:\/\/blogs.diariovasco.com\/sopadeganso\/wp-json\/wp\/v2\/categories?post=559"},{"taxonomy":"post_tag","embeddable":true,"href":"https:\/\/blogs.diariovasco.com\/sopadeganso\/wp-json\/wp\/v2\/tags?post=559"}],"curies":[{"name":"wp","href":"https:\/\/api.w.org\/{rel}","templated":true}]}}