{"id":560,"date":"2011-02-10T07:06:09","date_gmt":"2011-02-10T07:06:09","guid":{"rendered":"http:\/\/blogs.diariovasco.com\/sopadeganso\/?p=560"},"modified":"2011-02-10T07:06:09","modified_gmt":"2011-02-10T07:06:09","slug":"iinteresan_los_dialogos_de_cocina","status":"publish","type":"post","link":"https:\/\/blogs.diariovasco.com\/sopadeganso\/2011\/02\/10\/iinteresan_los_dialogos_de_cocina\/","title":{"rendered":"\u00bfInteresan los Di\u00e1logos de cocina?"},"content":{"rendered":"<p><SPAN style=\"WIDOWS: 2; TEXT-TRANSFORM: none; TEXT-INDENT: 0px; BORDER-COLLAPSE: separate; FONT: medium 'Times New Roman'; WHITE-SPACE: normal; ORPHANS: 2; LETTER-SPACING: normal; COLOR: rgb(0,0,0); WORD-SPACING: 0px; -webkit-border-horizontal-spacing: 0px; -webkit-border-vertical-spacing: 0px; -webkit-text-decorations-in-effect: none; -webkit-text-size-adjust: auto; -webkit-text-stroke-width: 0px\" class=Apple-style-span><br \/>\n<DIV style=\"BACKGROUND-COLOR: transparent; MARGIN: 0px\"><SPAN style=\"BACKGROUND-COLOR: transparent; FONT-STYLE: normal; FONT-FAMILY: Arial; WHITE-SPACE: pre-wrap; COLOR: rgb(0,0,0); FONT-SIZE: 11pt; VERTICAL-ALIGN: baseline; FONT-WEIGHT: normal; TEXT-DECORATION: none\" id=internal-source-marker_0.8285178558435291>Que unos cocineros hayan pensado en hacer reuniones cada dos a\u00f1os para escuchar a personalidades de otras disciplinas \u00bfinteresa realmente a alguien?<\/SPAN><BR><SPAN style=\"BACKGROUND-COLOR: transparent; FONT-STYLE: normal; FONT-FAMILY: Arial; WHITE-SPACE: pre-wrap; COLOR: rgb(0,0,0); FONT-SIZE: 11pt; VERTICAL-ALIGN: baseline; FONT-WEIGHT: normal; TEXT-DECORATION: none\">Hay quien puede pensar que los cocineros deben quedarse en sus cocinas, que hablen de comida, que hagan sus congresos en los que hablan de espumas y que no se metan en nada m\u00e1s.<\/SPAN><BR><SPAN style=\"BACKGROUND-COLOR: transparent; FONT-STYLE: normal; FONT-FAMILY: Arial; WHITE-SPACE: pre-wrap; COLOR: rgb(0,0,0); FONT-SIZE: 11pt; VERTICAL-ALIGN: baseline; FONT-WEIGHT: normal; TEXT-DECORATION: none\"><\/SPAN><BR><SPAN style=\"BACKGROUND-COLOR: transparent; FONT-STYLE: normal; FONT-FAMILY: Arial; WHITE-SPACE: pre-wrap; COLOR: rgb(0,0,0); FONT-SIZE: 11pt; VERTICAL-ALIGN: baseline; FONT-WEIGHT: normal; TEXT-DECORATION: none\">Y sin embargo yo soy de los que opino que estos \u201cDi\u00e1logos de la cocina\u201d lo \u00fanico que hacen es devolver a la cocina a su antigua funci\u00f3n de la que nunca debi\u00f3 salir. Los Di\u00e1logos de cocina recuperan las mismas esencias de lo que debe ser una cocina.<\/SPAN><BR><SPAN style=\"BACKGROUND-COLOR: transparent; FONT-STYLE: normal; FONT-FAMILY: Arial; WHITE-SPACE: pre-wrap; COLOR: rgb(0,0,0); FONT-SIZE: 11pt; VERTICAL-ALIGN: baseline; FONT-WEIGHT: normal; TEXT-DECORATION: none\"><\/SPAN><BR><SPAN style=\"BACKGROUND-COLOR: transparent; FONT-STYLE: normal; FONT-FAMILY: Arial; WHITE-SPACE: pre-wrap; COLOR: rgb(0,0,0); FONT-SIZE: 11pt; VERTICAL-ALIGN: baseline; FONT-WEIGHT: normal; TEXT-DECORATION: none\">Porque la cocina es, al fin y al cabo, el lugar donde se reune la familia y donde la Ama ense\u00f1a los primeros valores a las criaturas, desde que les empieza a dar los potitos (los que realmente saben a algo y se hacen en el calor de la cocina), hasta donde probablemente le acoge cuando llega a casa despu\u00e9s de que, tras una buena bronca, le hayan echado de la suya a ese hijo ya cuarent\u00f3n. Es en la cocina donde la madre (de acuerdo, y el padre) ense\u00f1a los primeros valores de la familia, la moral b\u00e1sica, lo que est\u00e1 bien y est\u00e1 mal, es en el calor de la cocina donde se pueden hablar de determinadas cosas m\u00e1s serias, donde se hacen confidencias, es el centro de la tertulia del hogar y es donde se producen las primeras discusiones y desavenencias. Esta es una parte importante de los \u201cDi\u00e1logos de la cocina\u201d: &#8220;se profundiza en los valores&#8221;.<\/SPAN><BR><SPAN style=\"BACKGROUND-COLOR: transparent; FONT-STYLE: normal; FONT-FAMILY: Arial; WHITE-SPACE: pre-wrap; COLOR: rgb(0,0,0); FONT-SIZE: 11pt; VERTICAL-ALIGN: baseline; FONT-WEIGHT: normal; TEXT-DECORATION: none\"><\/SPAN><BR><SPAN style=\"BACKGROUND-COLOR: transparent; FONT-STYLE: normal; FONT-FAMILY: Arial; WHITE-SPACE: pre-wrap; COLOR: rgb(0,0,0); FONT-SIZE: 11pt; VERTICAL-ALIGN: baseline; FONT-WEIGHT: normal; TEXT-DECORATION: none\">Pero tambi\u00e9n simboliza la mesa como centro de tertulias abiertas, donde se exponen temas y donde se habla un poco de todo, son las mesas en las que personas de distintas tendencias, distintos pasados, diferentes formas de pensar, exponen sus cosas que pueden ser de todo tipo de asignaturas, cada uno da su opini\u00f3n abiertamente, y al cocinero que ha conseguido reunirles y hacer que est\u00e9n satisfechos de ese momento le gusta escuchar porque sabe que de todo eso sacar\u00e1 algo en positivo, y si no lo saca \u00e9l, seguro que alguien sacar\u00e1 algo bueno y ese es el recuerdo que quedar\u00e1.<\/SPAN><BR><SPAN style=\"BACKGROUND-COLOR: transparent; FONT-STYLE: normal; FONT-FAMILY: Arial; WHITE-SPACE: pre-wrap; COLOR: rgb(0,0,0); FONT-SIZE: 11pt; VERTICAL-ALIGN: baseline; FONT-WEIGHT: normal; TEXT-DECORATION: none\"><\/SPAN><BR><SPAN style=\"BACKGROUND-COLOR: transparent; FONT-STYLE: normal; FONT-FAMILY: Arial; WHITE-SPACE: pre-wrap; COLOR: rgb(0,0,0); FONT-SIZE: 11pt; VERTICAL-ALIGN: baseline; FONT-WEIGHT: normal; TEXT-DECORATION: none\">Por eso estas jornadas traen la misma esencia de la cocina y por eso son tan interesantes, porque hablar siempre de comida y de cada plato es, a veces, un aburrimiento, siempre le damos vueltas a las mismas cosas y parece que cuando se reunen cuatro cineros tiene que ser para hablar de temperaturas y esferificaciones, y que de eso tenemos que hablar todos los dem\u00e1s cuando a los \u00fanicos que realmente les interesa es a ellos, pero ahora sabemos que se preocupan de algo m\u00e1s y que lo saben compartir. <\/SPAN><BR><SPAN style=\"BACKGROUND-COLOR: transparent; FONT-STYLE: normal; FONT-FAMILY: Arial; WHITE-SPACE: pre-wrap; COLOR: rgb(0,0,0); FONT-SIZE: 11pt; VERTICAL-ALIGN: baseline; FONT-WEIGHT: normal; TEXT-DECORATION: none\"><\/SPAN><BR><SPAN style=\"BACKGROUND-COLOR: transparent; FONT-STYLE: normal; FONT-FAMILY: Arial; WHITE-SPACE: pre-wrap; COLOR: rgb(0,0,0); FONT-SIZE: 11pt; VERTICAL-ALIGN: baseline; FONT-WEIGHT: normal; TEXT-DECORATION: none\">Blog escrito escuchando: Pinetop Perkins &#8211; Joined at the Hip w.\/ Willie \u201cBig Eyes\u201d Smith<\/SPAN><\/DIV><br \/>\n<\/SPAN><\/p>\n<!-- AddThis Advanced Settings generic via filter on the_content --><!-- AddThis Share Buttons generic via filter on the_content -->","protected":false},"excerpt":{"rendered":"<p>Que unos cocineros hayan pensado en hacer reuniones cada dos a\u00f1os para escuchar a personalidades de otras disciplinas \u00bfinteresa realmente a alguien?Hay quien puede pensar que los cocineros deben quedarse en sus cocinas, que hablen de comida, que hagan sus congresos en los que hablan de espumas y que no se metan en nada m\u00e1s.Y [&hellip;]<!-- AddThis Advanced Settings generic via filter on get_the_excerpt --><!-- AddThis Share Buttons generic via filter on get_the_excerpt --><\/p>\n","protected":false},"author":33,"featured_media":0,"comment_status":"open","ping_status":"closed","sticky":false,"template":"","format":"standard","meta":[],"categories":[2],"tags":[6],"_links":{"self":[{"href":"https:\/\/blogs.diariovasco.com\/sopadeganso\/wp-json\/wp\/v2\/posts\/560"}],"collection":[{"href":"https:\/\/blogs.diariovasco.com\/sopadeganso\/wp-json\/wp\/v2\/posts"}],"about":[{"href":"https:\/\/blogs.diariovasco.com\/sopadeganso\/wp-json\/wp\/v2\/types\/post"}],"author":[{"embeddable":true,"href":"https:\/\/blogs.diariovasco.com\/sopadeganso\/wp-json\/wp\/v2\/users\/33"}],"replies":[{"embeddable":true,"href":"https:\/\/blogs.diariovasco.com\/sopadeganso\/wp-json\/wp\/v2\/comments?post=560"}],"version-history":[{"count":0,"href":"https:\/\/blogs.diariovasco.com\/sopadeganso\/wp-json\/wp\/v2\/posts\/560\/revisions"}],"wp:attachment":[{"href":"https:\/\/blogs.diariovasco.com\/sopadeganso\/wp-json\/wp\/v2\/media?parent=560"}],"wp:term":[{"taxonomy":"category","embeddable":true,"href":"https:\/\/blogs.diariovasco.com\/sopadeganso\/wp-json\/wp\/v2\/categories?post=560"},{"taxonomy":"post_tag","embeddable":true,"href":"https:\/\/blogs.diariovasco.com\/sopadeganso\/wp-json\/wp\/v2\/tags?post=560"}],"curies":[{"name":"wp","href":"https:\/\/api.w.org\/{rel}","templated":true}]}}