{"id":562,"date":"2011-02-14T07:17:03","date_gmt":"2011-02-14T07:17:03","guid":{"rendered":"http:\/\/blogs.diariovasco.com\/sopadeganso\/?p=562"},"modified":"2011-02-14T07:17:03","modified_gmt":"2011-02-14T07:17:03","slug":"vino_de_la_semana_acinipo_03_de_schatz","status":"publish","type":"post","link":"https:\/\/blogs.diariovasco.com\/sopadeganso\/2011\/02\/14\/vino_de_la_semana_acinipo_03_de_schatz\/","title":{"rendered":"Vino de la semana &#8211; Acinipo 03 de Schatz"},"content":{"rendered":"<p><SPAN class=Apple-style-span style=\"WORD-SPACING: 0px; FONT: medium 'Times New Roman'; TEXT-TRANSFORM: none; COLOR: rgb(0,0,0); TEXT-INDENT: 0px; WHITE-SPACE: normal; LETTER-SPACING: normal; BORDER-COLLAPSE: separate; orphans: 2; widows: 2; webkit-border-horizontal-spacing: 0px; webkit-border-vertical-spacing: 0px; webkit-text-decorations-in-effect: none; webkit-text-size-adjust: auto; webkit-text-stroke-width: 0px\"><br \/>\n<DIV style=\"MARGIN: 0px; BACKGROUND-COLOR: transparent\"><SPAN id=internal-source-marker_0.44405107595957816 style=\"FONT-WEIGHT: normal; FONT-SIZE: 11pt; VERTICAL-ALIGN: baseline; COLOR: rgb(0,0,0); FONT-STYLE: normal; FONT-FAMILY: Arial; BACKGROUND-COLOR: transparent; TEXT-DECORATION: none\"><IMG src=\"\/sopadeganso\/wp-content\/uploads\/sites\/18\/Acinipo03.JPG\" align=left>Cuando entras en este vino parece que vas por una pasillo hacia una tierra extra\u00f1a, no sabes si es un paseo hacia el pais de Alicia, o es un viaje hacia la psicodelia hippie de los 60. Es Nunca Jam\u00e1s o San Francisco.<\/SPAN><BR><SPAN style=\"FONT-WEIGHT: normal; FONT-SIZE: 11pt; VERTICAL-ALIGN: baseline; COLOR: rgb(0,0,0); FONT-STYLE: normal; FONT-FAMILY: Arial; BACKGROUND-COLOR: transparent; TEXT-DECORATION: none\"><\/SPAN><BR><SPAN style=\"FONT-WEIGHT: normal; FONT-SIZE: 11pt; VERTICAL-ALIGN: baseline; COLOR: rgb(0,0,0); FONT-STYLE: normal; FONT-FAMILY: Arial; BACKGROUND-COLOR: transparent; TEXT-DECORATION: none\">La idea es de un alem\u00e1n, Friederich Schatz, que en medio de alguna locura decidi\u00f3 caer por Ronda (M\u00e1laga) con vi\u00f1as de variedades alemanas, variedades del norte de Europa, variedades de tierras fr\u00edas y decidi\u00f3 que en el calor del sur quedar\u00edan bien. No solo eso, sino que, adem\u00e1s era el a\u00f1o 82 y su locura le llev\u00f3 a pensar que los vinos que nacieran de esas cepas deb\u00edan ser ecol\u00f3gicos, as\u00ed que no hab\u00eda bromas, los vinos deb\u00edan saber a lo que realmente diera la tierra.<\/SPAN><BR><SPAN style=\"FONT-WEIGHT: normal; FONT-SIZE: 11pt; VERTICAL-ALIGN: baseline; COLOR: rgb(0,0,0); FONT-STYLE: normal; FONT-FAMILY: Arial; BACKGROUND-COLOR: transparent; TEXT-DECORATION: none\"><\/SPAN><BR><SPAN style=\"FONT-WEIGHT: normal; FONT-SIZE: 11pt; VERTICAL-ALIGN: baseline; COLOR: rgb(0,0,0); FONT-STYLE: normal; FONT-FAMILY: Arial; BACKGROUND-COLOR: transparent; TEXT-DECORATION: none\">Entre otros, en el a\u00f1o 2003, naci\u00f3 este Acinipo de la uva lemberger con 13 meses de barrica. Este vino es raro, raro, raro. Pero hay algo en \u00e9l que te invita a reflexionar tras cada sorbo. El punto de oxidaci\u00f3n, el punto de acidez. Menudo vino. Sirves una botella en una cena y ves a los invitados alucinar porque no saben de qu\u00e9 vas. \u00bfEs importante que sea el mejor vino del mundo? No, lo importante es que sea un vino diferente, elegante. Un vino que nadie puede identificar y que no puede asociar a ning\u00fan pasado. El recuerdo de ese vino empieza a partir del momento en que lo prueban contigo. Tu eres la historia de ese vino. Y quien lo descubra contigo se acordar\u00e1 de esa fruta extra\u00f1a que, al final del camino, se llama &#8220;pasas, uvas pasas&#8221;. \u00bfHay cuero y madera? Este vino es tan especial que es diferente. Y cuando lo termines s\u00f3lo podr\u00e1s felcitarte a ti mismo por haberlo descubierto.<\/SPAN><BR><SPAN style=\"FONT-WEIGHT: normal; FONT-SIZE: 11pt; VERTICAL-ALIGN: baseline; COLOR: rgb(0,0,0); FONT-STYLE: normal; FONT-FAMILY: Arial; BACKGROUND-COLOR: transparent; TEXT-DECORATION: none\"><\/SPAN><BR><SPAN style=\"FONT-WEIGHT: normal; FONT-SIZE: 11pt; VERTICAL-ALIGN: baseline; COLOR: rgb(0,0,0); FONT-STYLE: normal; FONT-FAMILY: Arial; BACKGROUND-COLOR: transparent; TEXT-DECORATION: none\">Y es tan raro que ni siquiera lo vas a poder encontrar en una tienda de vinos habitual (aunque sea un vino que encaja dentro de la filosof\u00eda de nuestro querido Dani), tendr\u00e1s que acercarte a una tienda de productos org\u00e1nicos y ecol\u00f3gicos, Organik 49, el supermercado que recientemente se ha abierto en la calle Urbieta y ah\u00ed se encuentra entre otros tambi\u00e9n ecol\u00f3gicos. \u00bfSu precio? Un poco alto (27 \u20ac) pero merece la pena porque es muy especial.<\/SPAN><BR><SPAN style=\"FONT-WEIGHT: normal; FONT-SIZE: 11pt; VERTICAL-ALIGN: baseline; COLOR: rgb(0,0,0); FONT-STYLE: normal; FONT-FAMILY: Arial; BACKGROUND-COLOR: transparent; TEXT-DECORATION: none\"><\/SPAN><BR><SPAN style=\"FONT-WEIGHT: normal; FONT-SIZE: 11pt; VERTICAL-ALIGN: baseline; COLOR: rgb(0,0,0); FONT-STYLE: normal; FONT-FAMILY: Arial; BACKGROUND-COLOR: transparent; TEXT-DECORATION: none\">Blog escrito escuchando: Elvis Costello &#8211; Armed Forces<\/SPAN><\/DIV><br \/>\n<\/SPAN><\/p>\n<!-- AddThis Advanced Settings generic via filter on the_content --><!-- AddThis Share Buttons generic via filter on the_content -->","protected":false},"excerpt":{"rendered":"<p>Cuando entras en este vino parece que vas por una pasillo hacia una tierra extra\u00f1a, no sabes si es un paseo hacia el pais de Alicia, o es un viaje hacia la psicodelia hippie de los 60. Es Nunca Jam\u00e1s o San Francisco.La idea es de un alem\u00e1n, Friederich Schatz, que en medio de alguna [&hellip;]<!-- AddThis Advanced Settings generic via filter on get_the_excerpt --><!-- AddThis Share Buttons generic via filter on get_the_excerpt --><\/p>\n","protected":false},"author":33,"featured_media":0,"comment_status":"open","ping_status":"closed","sticky":false,"template":"","format":"standard","meta":[],"categories":[2],"tags":[6],"_links":{"self":[{"href":"https:\/\/blogs.diariovasco.com\/sopadeganso\/wp-json\/wp\/v2\/posts\/562"}],"collection":[{"href":"https:\/\/blogs.diariovasco.com\/sopadeganso\/wp-json\/wp\/v2\/posts"}],"about":[{"href":"https:\/\/blogs.diariovasco.com\/sopadeganso\/wp-json\/wp\/v2\/types\/post"}],"author":[{"embeddable":true,"href":"https:\/\/blogs.diariovasco.com\/sopadeganso\/wp-json\/wp\/v2\/users\/33"}],"replies":[{"embeddable":true,"href":"https:\/\/blogs.diariovasco.com\/sopadeganso\/wp-json\/wp\/v2\/comments?post=562"}],"version-history":[{"count":0,"href":"https:\/\/blogs.diariovasco.com\/sopadeganso\/wp-json\/wp\/v2\/posts\/562\/revisions"}],"wp:attachment":[{"href":"https:\/\/blogs.diariovasco.com\/sopadeganso\/wp-json\/wp\/v2\/media?parent=562"}],"wp:term":[{"taxonomy":"category","embeddable":true,"href":"https:\/\/blogs.diariovasco.com\/sopadeganso\/wp-json\/wp\/v2\/categories?post=562"},{"taxonomy":"post_tag","embeddable":true,"href":"https:\/\/blogs.diariovasco.com\/sopadeganso\/wp-json\/wp\/v2\/tags?post=562"}],"curies":[{"name":"wp","href":"https:\/\/api.w.org\/{rel}","templated":true}]}}