{"id":566,"date":"2011-02-21T07:05:46","date_gmt":"2011-02-21T07:05:46","guid":{"rendered":"http:\/\/blogs.diariovasco.com\/sopadeganso\/?p=566"},"modified":"2011-02-21T07:05:46","modified_gmt":"2011-02-21T07:05:46","slug":"vino_de_la_semana_val_de_sil_sobre_lias_09","status":"publish","type":"post","link":"https:\/\/blogs.diariovasco.com\/sopadeganso\/2011\/02\/21\/vino_de_la_semana_val_de_sil_sobre_lias_09\/","title":{"rendered":"Vino de la semana &#8211; Val de Sil sobre l\u00edas 09"},"content":{"rendered":"<p><SPAN class=Apple-style-span style=\"WORD-SPACING: 0px; FONT: medium 'Times New Roman'; TEXT-TRANSFORM: none; COLOR: rgb(0,0,0); TEXT-INDENT: 0px; WHITE-SPACE: normal; LETTER-SPACING: normal; BORDER-COLLAPSE: separate; orphans: 2; widows: 2; webkit-border-horizontal-spacing: 0px; webkit-border-vertical-spacing: 0px; webkit-text-decorations-in-effect: none; webkit-text-size-adjust: auto; webkit-text-stroke-width: 0px\"><br \/>\n<DIV style=\"MARGIN: 0px; BACKGROUND-COLOR: transparent\"><SPAN id=internal-source-marker_0.018410945078358054 style=\"FONT-WEIGHT: normal; FONT-SIZE: 11pt; VERTICAL-ALIGN: baseline; COLOR: rgb(0,0,0); FONT-STYLE: normal; FONT-FAMILY: Arial; BACKGROUND-COLOR: transparent; TEXT-DECORATION: none\"><IMG src=\"\/sopadeganso\/wp-content\/uploads\/sites\/18\/ValdeSil.JPG\" align=left>No se crean las godellos que se encuentran en cualquier rinc\u00f3n. Se ha puesto de moda la variedad y ahora te lo venden en la primera barra que se abre como si fuera la mejor uva del mundo y es un vino \u00e1cido y mololiente. No &nbsp;es la variedad lo que importa, es la vinificaci\u00f3n. En el mundo de la godello hay maravillas entre los que la respetan, los que la quieren y los que hacen vinos con el coraz\u00f3n sin importarles demasiado tener que sacar adelante las inversiones multinacionales. Hoy en d\u00eda te puedes fiar m\u00e1s de j\u00f3venes que est\u00e1n detr\u00e1s de bodegas con historia que del aldeano que te vende duros a pesetas.<\/SPAN><BR><SPAN style=\"FONT-WEIGHT: normal; FONT-SIZE: 11pt; VERTICAL-ALIGN: baseline; COLOR: rgb(0,0,0); FONT-STYLE: normal; FONT-FAMILY: Arial; BACKGROUND-COLOR: transparent; TEXT-DECORATION: none\"><\/SPAN><BR><SPAN style=\"FONT-WEIGHT: normal; FONT-SIZE: 11pt; VERTICAL-ALIGN: baseline; COLOR: rgb(0,0,0); FONT-STYLE: normal; FONT-FAMILY: Arial; BACKGROUND-COLOR: transparent; TEXT-DECORATION: none\">Esto es lo que hay detr\u00e1s de este <A href=\"http:\/\/www.valdesil.com\">Val de Sil<\/A> sobre l\u00edas del 2009. Primero un viticultor que pens\u00f3 en la variedad en el siglo XIX y que para el principio del XX ten\u00eda plantadas una serie de parcelas de godello por unos suelos pizarrosos imposibles de Valdeorras (Ourense). Y tres generaciones despu\u00e9s, unos j\u00f3venes que ven con ilusi\u00f3n las posibilidades de un vino noble y con car\u00e1cter. El resultado lo disfrutamos nosotros en el siglo XXI.<\/SPAN><BR><SPAN style=\"FONT-WEIGHT: normal; FONT-SIZE: 11pt; VERTICAL-ALIGN: baseline; COLOR: rgb(0,0,0); FONT-STYLE: normal; FONT-FAMILY: Arial; BACKGROUND-COLOR: transparent; TEXT-DECORATION: none\"><\/SPAN><BR><SPAN style=\"FONT-WEIGHT: normal; FONT-SIZE: 11pt; VERTICAL-ALIGN: baseline; COLOR: rgb(0,0,0); FONT-STYLE: normal; FONT-FAMILY: Arial; BACKGROUND-COLOR: transparent; TEXT-DECORATION: none\">Sales a buscar minerales y est\u00e1n aqu\u00ed porque este es un vino muy mineral, la pizarra est\u00e1 muy presente y lo untuoso del vino te hace disfrutar de \u00e9l con elegancia, no pasa despapercibido. Pero hay algo que te descoloca en este vino: alguien, de repente, dice \u201chinojo\u201d y, al mismo tiempo, piensas en \u201can\u00eds\u201d y crees que encuentras toques de laurel, y piensas que es imposible que haya hierbas tan mediterr\u00e1neas en un vino atl\u00e1ntico, a lo mejor estamos hablando de hierbas gallegas. \u00bfQu\u00e9 m\u00e1s da si es divertido y me gusta por eso?<\/SPAN><BR><SPAN style=\"FONT-WEIGHT: normal; FONT-SIZE: 11pt; VERTICAL-ALIGN: baseline; COLOR: rgb(0,0,0); FONT-STYLE: normal; FONT-FAMILY: Arial; BACKGROUND-COLOR: transparent; TEXT-DECORATION: none\"><\/SPAN><BR><SPAN style=\"FONT-WEIGHT: normal; FONT-SIZE: 11pt; VERTICAL-ALIGN: baseline; COLOR: rgb(0,0,0); FONT-STYLE: normal; FONT-FAMILY: Arial; BACKGROUND-COLOR: transparent; TEXT-DECORATION: none\">Es un final entretenido y sabes que se lo tienes que agradecer a un tal Jos\u00e9 Ram\u00f3n Gayoso que hace un par de siglos plant\u00f3 unas uvas que, m\u00e1s tarde, unos j\u00f3venes rom\u00e1nticos supieron sacarle partido. Lo que no sabe Jos\u00e9 Ram\u00f3n es que su vino se vende a 9 euros, ni lo hubiera imaginado. <\/SPAN><BR><SPAN style=\"FONT-WEIGHT: normal; FONT-SIZE: 11pt; VERTICAL-ALIGN: baseline; COLOR: rgb(0,0,0); FONT-STYLE: normal; FONT-FAMILY: Arial; BACKGROUND-COLOR: transparent; TEXT-DECORATION: none\"><\/SPAN><BR><SPAN style=\"FONT-WEIGHT: normal; FONT-SIZE: 11pt; VERTICAL-ALIGN: baseline; COLOR: rgb(0,0,0); FONT-STYLE: normal; FONT-FAMILY: Arial; BACKGROUND-COLOR: transparent; TEXT-DECORATION: none\">Blog escrito escuchando: Greg Allman &#8211; Low Country Blues<\/SPAN><\/DIV><br \/>\n<\/SPAN><\/p>\n<!-- AddThis Advanced Settings generic via filter on the_content --><!-- AddThis Share Buttons generic via filter on the_content -->","protected":false},"excerpt":{"rendered":"<p>No se crean las godellos que se encuentran en cualquier rinc\u00f3n. Se ha puesto de moda la variedad y ahora te lo venden en la primera barra que se abre como si fuera la mejor uva del mundo y es un vino \u00e1cido y mololiente. No &nbsp;es la variedad lo que importa, es la vinificaci\u00f3n. [&hellip;]<!-- AddThis Advanced Settings generic via filter on get_the_excerpt --><!-- AddThis Share Buttons generic via filter on get_the_excerpt --><\/p>\n","protected":false},"author":33,"featured_media":0,"comment_status":"open","ping_status":"closed","sticky":false,"template":"","format":"standard","meta":[],"categories":[2],"tags":[6],"_links":{"self":[{"href":"https:\/\/blogs.diariovasco.com\/sopadeganso\/wp-json\/wp\/v2\/posts\/566"}],"collection":[{"href":"https:\/\/blogs.diariovasco.com\/sopadeganso\/wp-json\/wp\/v2\/posts"}],"about":[{"href":"https:\/\/blogs.diariovasco.com\/sopadeganso\/wp-json\/wp\/v2\/types\/post"}],"author":[{"embeddable":true,"href":"https:\/\/blogs.diariovasco.com\/sopadeganso\/wp-json\/wp\/v2\/users\/33"}],"replies":[{"embeddable":true,"href":"https:\/\/blogs.diariovasco.com\/sopadeganso\/wp-json\/wp\/v2\/comments?post=566"}],"version-history":[{"count":0,"href":"https:\/\/blogs.diariovasco.com\/sopadeganso\/wp-json\/wp\/v2\/posts\/566\/revisions"}],"wp:attachment":[{"href":"https:\/\/blogs.diariovasco.com\/sopadeganso\/wp-json\/wp\/v2\/media?parent=566"}],"wp:term":[{"taxonomy":"category","embeddable":true,"href":"https:\/\/blogs.diariovasco.com\/sopadeganso\/wp-json\/wp\/v2\/categories?post=566"},{"taxonomy":"post_tag","embeddable":true,"href":"https:\/\/blogs.diariovasco.com\/sopadeganso\/wp-json\/wp\/v2\/tags?post=566"}],"curies":[{"name":"wp","href":"https:\/\/api.w.org\/{rel}","templated":true}]}}