{"id":568,"date":"2011-02-23T07:07:50","date_gmt":"2011-02-23T07:07:50","guid":{"rendered":"http:\/\/blogs.diariovasco.com\/sopadeganso\/?p=568"},"modified":"2011-02-23T07:07:50","modified_gmt":"2011-02-23T07:07:50","slug":"platos_dieteticos","status":"publish","type":"post","link":"https:\/\/blogs.diariovasco.com\/sopadeganso\/2011\/02\/23\/platos_dieteticos\/","title":{"rendered":"Platos diet\u00e9ticos"},"content":{"rendered":"<p><SPAN class=Apple-style-span style=\"WORD-SPACING: 0px; FONT: medium 'Times New Roman'; TEXT-TRANSFORM: none; COLOR: rgb(0,0,0); TEXT-INDENT: 0px; WHITE-SPACE: normal; LETTER-SPACING: normal; BORDER-COLLAPSE: separate; orphans: 2; widows: 2; webkit-border-horizontal-spacing: 0px; webkit-border-vertical-spacing: 0px; webkit-text-decorations-in-effect: none; webkit-text-size-adjust: auto; webkit-text-stroke-width: 0px\"><br \/>\n<DIV style=\"MARGIN: 0px; BACKGROUND-COLOR: transparent\"><SPAN id=internal-source-marker_0.6982583403587341 style=\"FONT-WEIGHT: normal; FONT-SIZE: 11pt; VERTICAL-ALIGN: baseline; COLOR: rgb(0,0,0); FONT-STYLE: normal; FONT-FAMILY: Arial; BACKGROUND-COLOR: transparent; TEXT-DECORATION: none\">Hace unos meses hice una media alabanza a los benditos platos combinados. En su d\u00eda eran una opci\u00f3n y una manera econ\u00f3mica de men\u00fa del d\u00eda. En algunos sitios han vuelto desde los que lo llaman plato del d\u00eda hasta los que vuelven a llamarlos platos combinados. Pero se supone que nos hemos modernizado, incluso puede que las lecciones de nutrici\u00f3n hayan ense\u00f1ado algo a los responsables de las cocinas.<\/SPAN><BR><SPAN style=\"FONT-WEIGHT: normal; FONT-SIZE: 11pt; VERTICAL-ALIGN: baseline; COLOR: rgb(0,0,0); FONT-STYLE: normal; FONT-FAMILY: Arial; BACKGROUND-COLOR: transparent; TEXT-DECORATION: none\"><\/SPAN><BR><SPAN style=\"FONT-WEIGHT: normal; FONT-SIZE: 11pt; VERTICAL-ALIGN: baseline; COLOR: rgb(0,0,0); FONT-STYLE: normal; FONT-FAMILY: Arial; BACKGROUND-COLOR: transparent; TEXT-DECORATION: none\">Ayer, en una especie de cafeter\u00eda de lo que sea, en la capital del paisito me encontr\u00e9 con esto:<\/SPAN><BR><SPAN style=\"FONT-WEIGHT: normal; FONT-SIZE: 11pt; VERTICAL-ALIGN: baseline; COLOR: rgb(0,0,0); FONT-STYLE: normal; FONT-FAMILY: Arial; BACKGROUND-COLOR: transparent; TEXT-DECORATION: none\"><\/SPAN><BR><SPAN style=\"FONT-WEIGHT: normal; FONT-SIZE: 11pt; VERTICAL-ALIGN: baseline; COLOR: rgb(0,0,0); FONT-STYLE: normal; FONT-FAMILY: Arial; BACKGROUND-COLOR: transparent; TEXT-DECORATION: none\">Plato combinado N\u00ba 4: Pechuga de pollo, croquetas, esp\u00e1rragos y langostinos<\/SPAN><BR><SPAN style=\"FONT-WEIGHT: normal; FONT-SIZE: 11pt; VERTICAL-ALIGN: baseline; COLOR: rgb(0,0,0); FONT-STYLE: normal; FONT-FAMILY: Arial; BACKGROUND-COLOR: transparent; TEXT-DECORATION: none\"><\/SPAN><BR><SPAN style=\"FONT-WEIGHT: normal; FONT-SIZE: 11pt; VERTICAL-ALIGN: baseline; COLOR: rgb(0,0,0); FONT-STYLE: normal; FONT-FAMILY: Arial; BACKGROUND-COLOR: transparent; TEXT-DECORATION: none\">De acuerdo, 8 euros. Pero \u00bfc\u00f3mo narices pretenden que se coma eso? \u00bfEn qu\u00e9 orden? \u00bfSe mezcla todo a la vez? \u00bfVas comiendo primero un esp\u00e1rrago, luego una croqueta, un langostino y un trozo de pollo y as\u00ed sucesivamente? Y lo mejor de todo: \u00bfcon qu\u00e9 vino lo tomo?<\/SPAN><\/DIV><br \/>\n<DIV style=\"MARGIN: 0px; BACKGROUND-COLOR: transparent\"><SPAN style=\"FONT-WEIGHT: normal; FONT-SIZE: 11pt; VERTICAL-ALIGN: baseline; COLOR: rgb(0,0,0); FONT-STYLE: normal; FONT-FAMILY: Arial; BACKGROUND-COLOR: transparent; TEXT-DECORATION: none\"><\/SPAN><IMG src=\"\/sopadeganso\/wp-content\/uploads\/sites\/18\/platocombinadototal.JPG\"><BR><SPAN style=\"FONT-WEIGHT: normal; FONT-SIZE: 11pt; VERTICAL-ALIGN: baseline; COLOR: rgb(0,0,0); FONT-STYLE: normal; FONT-FAMILY: Arial; BACKGROUND-COLOR: transparent; TEXT-DECORATION: none\"><\/SPAN><BR><SPAN style=\"FONT-WEIGHT: normal; FONT-SIZE: 11pt; VERTICAL-ALIGN: baseline; COLOR: rgb(0,0,0); FONT-STYLE: normal; FONT-FAMILY: Arial; BACKGROUND-COLOR: transparent; TEXT-DECORATION: none\">La foto no es del plato, evidentemente, s\u00f3lo es para que se vean los productos juntos y uno se lo imagine.<\/SPAN><\/DIV><br \/>\n<\/SPAN><\/p>\n<!-- AddThis Advanced Settings generic via filter on the_content --><!-- AddThis Share Buttons generic via filter on the_content -->","protected":false},"excerpt":{"rendered":"<p>Hace unos meses hice una media alabanza a los benditos platos combinados. En su d\u00eda eran una opci\u00f3n y una manera econ\u00f3mica de men\u00fa del d\u00eda. En algunos sitios han vuelto desde los que lo llaman plato del d\u00eda hasta los que vuelven a llamarlos platos combinados. Pero se supone que nos hemos modernizado, incluso [&hellip;]<!-- AddThis Advanced Settings generic via filter on get_the_excerpt --><!-- AddThis Share Buttons generic via filter on get_the_excerpt --><\/p>\n","protected":false},"author":33,"featured_media":0,"comment_status":"open","ping_status":"closed","sticky":false,"template":"","format":"standard","meta":[],"categories":[2],"tags":[6],"_links":{"self":[{"href":"https:\/\/blogs.diariovasco.com\/sopadeganso\/wp-json\/wp\/v2\/posts\/568"}],"collection":[{"href":"https:\/\/blogs.diariovasco.com\/sopadeganso\/wp-json\/wp\/v2\/posts"}],"about":[{"href":"https:\/\/blogs.diariovasco.com\/sopadeganso\/wp-json\/wp\/v2\/types\/post"}],"author":[{"embeddable":true,"href":"https:\/\/blogs.diariovasco.com\/sopadeganso\/wp-json\/wp\/v2\/users\/33"}],"replies":[{"embeddable":true,"href":"https:\/\/blogs.diariovasco.com\/sopadeganso\/wp-json\/wp\/v2\/comments?post=568"}],"version-history":[{"count":0,"href":"https:\/\/blogs.diariovasco.com\/sopadeganso\/wp-json\/wp\/v2\/posts\/568\/revisions"}],"wp:attachment":[{"href":"https:\/\/blogs.diariovasco.com\/sopadeganso\/wp-json\/wp\/v2\/media?parent=568"}],"wp:term":[{"taxonomy":"category","embeddable":true,"href":"https:\/\/blogs.diariovasco.com\/sopadeganso\/wp-json\/wp\/v2\/categories?post=568"},{"taxonomy":"post_tag","embeddable":true,"href":"https:\/\/blogs.diariovasco.com\/sopadeganso\/wp-json\/wp\/v2\/tags?post=568"}],"curies":[{"name":"wp","href":"https:\/\/api.w.org\/{rel}","templated":true}]}}