{"id":578,"date":"2011-03-24T07:11:39","date_gmt":"2011-03-24T07:11:39","guid":{"rendered":"http:\/\/blogs.diariovasco.com\/sopadeganso\/?p=578"},"modified":"2011-03-24T07:11:39","modified_gmt":"2011-03-24T07:11:39","slug":"ahumado_por_humada","status":"publish","type":"post","link":"https:\/\/blogs.diariovasco.com\/sopadeganso\/2011\/03\/24\/ahumado_por_humada\/","title":{"rendered":"Ahumado por Humada"},"content":{"rendered":"<p><SPAN class=Apple-style-span style=\"WORD-SPACING: 0px; FONT: medium 'Times New Roman'; TEXT-TRANSFORM: none; COLOR: rgb(0,0,0); TEXT-INDENT: 0px; WHITE-SPACE: normal; LETTER-SPACING: normal; BORDER-COLLAPSE: separate; orphans: 2; widows: 2; -webkit-border-horizontal-spacing: 0px; -webkit-border-vertical-spacing: 0px; -webkit-text-decorations-in-effect: none; -webkit-text-size-adjust: auto; -webkit-text-stroke-width: 0px\"><br \/>\n<DIV style=\"BACKGROUND-COLOR: transparent\"><SPAN id=internal-source-marker_0.08905689651146531 style=\"FONT-WEIGHT: normal; FONT-SIZE: 11pt; VERTICAL-ALIGN: baseline; COLOR: rgb(0,0,0); FONT-STYLE: normal; FONT-FAMILY: Arial; BACKGROUND-COLOR: transparent; TEXT-DECORATION: none\">Ayer prob\u00e9 un pincho\/plato que me supo a campo en plena ciudad. &nbsp;A recuerdos, a un &nbsp;momento distinto, a juergas y a diversi\u00f3n, al aire fresco de la primavera.<\/SPAN><\/DIV><br \/>\n<DIV style=\"BACKGROUND-COLOR: transparent\"><SPAN style=\"FONT-WEIGHT: normal; FONT-SIZE: 11pt; VERTICAL-ALIGN: baseline; COLOR: rgb(0,0,0); FONT-STYLE: normal; FONT-FAMILY: Arial; BACKGROUND-COLOR: transparent; TEXT-DECORATION: none\"><\/SPAN>&nbsp;<\/DIV><br \/>\n<DIV style=\"BACKGROUND-COLOR: transparent\"><SPAN style=\"FONT-WEIGHT: normal; FONT-SIZE: 11pt; VERTICAL-ALIGN: baseline; COLOR: rgb(0,0,0); FONT-STYLE: normal; FONT-FAMILY: Arial; BACKGROUND-COLOR: transparent; TEXT-DECORATION: none\">Ayer prob\u00e9 estas anchoas ahumadas en el Hidalgo 56. <\/SPAN><BR><SPAN style=\"FONT-WEIGHT: normal; FONT-SIZE: 11pt; VERTICAL-ALIGN: baseline; COLOR: rgb(0,0,0); FONT-STYLE: normal; FONT-FAMILY: Arial; BACKGROUND-COLOR: transparent; TEXT-DECORATION: none\">Porque la anchoa est\u00e1 buen\u00edsima, porque las hace justo para que cambien de color (la espina a\u00fan rojita), porque ese ahumado les da a las anchoas un toque que parece que est\u00e1n hechas a la brasa en una parrilla al aire libre y porque ese acompa\u00f1amiento de verduras completa el plato y lo hace, al final, hasta dulce. Tomillo, romero, hierbas&#8230;<\/SPAN><\/DIV><br \/>\n<SPAN style=\"FONT-WEIGHT: normal; FONT-SIZE: 11pt; VERTICAL-ALIGN: baseline; COLOR: rgb(0,0,0); FONT-STYLE: normal; FONT-FAMILY: Arial; BACKGROUND-COLOR: transparent; TEXT-DECORATION: none\"><\/SPAN><br \/>\n<DIV style=\"BACKGROUND-COLOR: transparent\"><BR><SPAN style=\"FONT-WEIGHT: normal; FONT-SIZE: 11pt; VERTICAL-ALIGN: baseline; COLOR: rgb(0,0,0); FONT-STYLE: normal; FONT-FAMILY: Arial; BACKGROUND-COLOR: transparent; TEXT-DECORATION: none\">Por cierto, el titular no es un chiste f\u00e1cil, lo dice \u00e9l mismo.<\/SPAN><\/DIV><br \/>\n<DIV style=\"BACKGROUND-COLOR: transparent\"><SPAN style=\"FONT-WEIGHT: normal; FONT-SIZE: 11pt; VERTICAL-ALIGN: baseline; COLOR: rgb(0,0,0); FONT-STYLE: normal; FONT-FAMILY: Arial; BACKGROUND-COLOR: transparent; TEXT-DECORATION: none\"><\/SPAN>&nbsp;<\/DIV><br \/>\n<\/SPAN><br \/>\n<iframe loading=\"lazy\" src=\"\/\/player.vimeo.com\/video\/21428222\" width=\"400\" height=\"300\" frameborder=\"0\"><\/iframe><\/p>\n<p><a href=\"http:\/\/vimeo.com\/21428222\">Untitled<\/a> from <a href=\"http:\/\/vimeo.com\/user4968949\">Inigo Galatas<\/a> on <a href=\"http:\/\/vimeo.com\">Vimeo<\/a>.<\/p>\n<!-- AddThis Advanced Settings generic via filter on the_content --><!-- AddThis Share Buttons generic via filter on the_content -->","protected":false},"excerpt":{"rendered":"<p>Ayer prob\u00e9 un pincho\/plato que me supo a campo en plena ciudad. &nbsp;A recuerdos, a un &nbsp;momento distinto, a juergas y a diversi\u00f3n, al aire fresco de la primavera. &nbsp; Ayer prob\u00e9 estas anchoas ahumadas en el Hidalgo 56. Porque la anchoa est\u00e1 buen\u00edsima, porque las hace justo para que cambien de color (la espina [&hellip;]<!-- AddThis Advanced Settings generic via filter on get_the_excerpt --><!-- AddThis Share Buttons generic via filter on get_the_excerpt --><\/p>\n","protected":false},"author":33,"featured_media":0,"comment_status":"open","ping_status":"closed","sticky":false,"template":"","format":"standard","meta":[],"categories":[2],"tags":[6],"_links":{"self":[{"href":"https:\/\/blogs.diariovasco.com\/sopadeganso\/wp-json\/wp\/v2\/posts\/578"}],"collection":[{"href":"https:\/\/blogs.diariovasco.com\/sopadeganso\/wp-json\/wp\/v2\/posts"}],"about":[{"href":"https:\/\/blogs.diariovasco.com\/sopadeganso\/wp-json\/wp\/v2\/types\/post"}],"author":[{"embeddable":true,"href":"https:\/\/blogs.diariovasco.com\/sopadeganso\/wp-json\/wp\/v2\/users\/33"}],"replies":[{"embeddable":true,"href":"https:\/\/blogs.diariovasco.com\/sopadeganso\/wp-json\/wp\/v2\/comments?post=578"}],"version-history":[{"count":0,"href":"https:\/\/blogs.diariovasco.com\/sopadeganso\/wp-json\/wp\/v2\/posts\/578\/revisions"}],"wp:attachment":[{"href":"https:\/\/blogs.diariovasco.com\/sopadeganso\/wp-json\/wp\/v2\/media?parent=578"}],"wp:term":[{"taxonomy":"category","embeddable":true,"href":"https:\/\/blogs.diariovasco.com\/sopadeganso\/wp-json\/wp\/v2\/categories?post=578"},{"taxonomy":"post_tag","embeddable":true,"href":"https:\/\/blogs.diariovasco.com\/sopadeganso\/wp-json\/wp\/v2\/tags?post=578"}],"curies":[{"name":"wp","href":"https:\/\/api.w.org\/{rel}","templated":true}]}}