{"id":581,"date":"2011-03-29T06:52:58","date_gmt":"2011-03-29T06:52:58","guid":{"rendered":"http:\/\/blogs.diariovasco.com\/sopadeganso\/?p=581"},"modified":"2011-03-29T06:52:58","modified_gmt":"2011-03-29T06:52:58","slug":"title_1689","status":"publish","type":"post","link":"https:\/\/blogs.diariovasco.com\/sopadeganso\/2011\/03\/29\/title_1689\/","title":{"rendered":"De vertical a horizontal"},"content":{"rendered":"<p><SPAN style=\"WIDOWS: 2; TEXT-TRANSFORM: none; TEXT-INDENT: 0px; BORDER-COLLAPSE: separate; FONT: medium 'Times New Roman'; WHITE-SPACE: normal; ORPHANS: 2; LETTER-SPACING: normal; COLOR: rgb(0,0,0); WORD-SPACING: 0px; -webkit-border-horizontal-spacing: 0px; -webkit-border-vertical-spacing: 0px; -webkit-text-decorations-in-effect: none; -webkit-text-size-adjust: auto; -webkit-text-stroke-width: 0px\" class=Apple-style-span><br \/>\n<DIV style=\"BACKGROUND-COLOR: transparent\"><SPAN style=\"BACKGROUND-COLOR: transparent; FONT-STYLE: normal; FONT-FAMILY: Arial; COLOR: rgb(0,0,0); FONT-SIZE: 11pt; VERTICAL-ALIGN: baseline; FONT-WEIGHT: normal; TEXT-DECORATION: none\" id=internal-source-marker_0.13108447846025229><IMG align=left src=\"\/sopadeganso\/wp-content\/uploads\/sites\/18\/Catavertical.JPG\">Una cata vertical es la posibilidad que te da una bodega de probar una serie de a\u00f1adas (normalmente seguidas) de un vino determinado. Pero, realmente \u00bfpara qu\u00e9 sirve una vertical?<\/SPAN><BR><SPAN style=\"BACKGROUND-COLOR: transparent; FONT-STYLE: normal; FONT-FAMILY: Arial; COLOR: rgb(0,0,0); FONT-SIZE: 11pt; VERTICAL-ALIGN: baseline; FONT-WEIGHT: normal; TEXT-DECORATION: none\">Seamos realistas, muchos de los vinos que se catan ya no se encuentran en el mercado. Peor aun, si encuentras alguno, seg\u00fan d\u00f3nde lo encuentres, tu suerte puede andar entre \u201cmuerto\u201d y \u201coxidado\u201d. <\/SPAN><BR><SPAN style=\"BACKGROUND-COLOR: transparent; FONT-STYLE: normal; FONT-FAMILY: Arial; COLOR: rgb(0,0,0); FONT-SIZE: 11pt; VERTICAL-ALIGN: baseline; FONT-WEIGHT: normal; TEXT-DECORATION: none\"><\/SPAN><BR><SPAN style=\"BACKGROUND-COLOR: transparent; FONT-STYLE: normal; FONT-FAMILY: Arial; COLOR: rgb(0,0,0); FONT-SIZE: 11pt; VERTICAL-ALIGN: baseline; FONT-WEIGHT: normal; TEXT-DECORATION: none\">Lo bueno es que cuando est\u00e1s frente a una cata de estas sabes que est\u00e1s antes un gran vino, porque s\u00f3lo se hacen con los vinos m\u00e1s grandes del planeta, s\u00f3lo se hacen cuando el en\u00f3logo tiene lo que hay que tener para demostrar que es capaz de hacer un vino que aguanta con los a\u00f1os, incluso que mejora con los a\u00f1os y, sobre todo, cuando cree que es capaz de transmitir una personalidad al vino a trav\u00e9s de los a\u00f1os y, claro est\u00e1, demostrarlo.<\/SPAN><BR><SPAN style=\"BACKGROUND-COLOR: transparent; FONT-STYLE: normal; FONT-FAMILY: Arial; COLOR: rgb(0,0,0); FONT-SIZE: 11pt; VERTICAL-ALIGN: baseline; FONT-WEIGHT: normal; TEXT-DECORATION: none\"><\/SPAN><BR><SPAN style=\"BACKGROUND-COLOR: transparent; FONT-STYLE: normal; FONT-FAMILY: Arial; COLOR: rgb(0,0,0); FONT-SIZE: 11pt; VERTICAL-ALIGN: baseline; FONT-WEIGHT: normal; TEXT-DECORATION: none\">Contino lleva haciendo vinos desde los a\u00f1os 80. Contino lleva haciendo una joya que se llama Finca El Olivo desde hace unos 15 a\u00f1os. Desde Laserna (Alava) venden en todo el mundo, los vinos no s\u00f3lo se presentan en Nueva York o Los Angeles sino que el bueno de Jes\u00fas Madrazo es un en\u00f3logo respetado all\u00e1 donde va. Y \u00bfhan hecho este acontecimiento en Nueva York o los Angeles? No. \u00bfMadrid o Barcelona? No. Ha sido en San Sebasti\u00e1n donde por primera vez se ha hecho una vertical de las 14 a\u00f1adas que ha hecho de Finca El Olivo. Desde el 95 hasta hoy (dejando de lado las a\u00f1adas en las que no ha hecho el vino). Yo pude descubrir las a\u00f1adas del 96, 00, 01, 07 y 09, los m\u00e1s viejos aguantan como jabatos y los m\u00e1s nuevos tienen pinta de que aguantar\u00e1n mejor. No s\u00e9 si lo he dicho, pero es que soy un incondicional de este vino, ahora ya soy hasta sectario.<\/SPAN><BR><SPAN style=\"BACKGROUND-COLOR: transparent; FONT-STYLE: normal; FONT-FAMILY: Arial; COLOR: rgb(0,0,0); FONT-SIZE: 11pt; VERTICAL-ALIGN: baseline; FONT-WEIGHT: normal; TEXT-DECORATION: none\"><\/SPAN><BR><SPAN style=\"BACKGROUND-COLOR: transparent; FONT-STYLE: normal; FONT-FAMILY: Arial; COLOR: rgb(0,0,0); FONT-SIZE: 11pt; VERTICAL-ALIGN: baseline; FONT-WEIGHT: normal; TEXT-DECORATION: none\">Conclusi\u00f3n: Algunas bodegas har\u00e1n eventos &nbsp;de este estilo por un m\u00f3dico precio para poder sacar adelante sus botellas aparcadas. Ser\u00e1 la nueva moda en el mundo del vino. Habr\u00e1 oportunidades que no se pueden dejar pasar y si tiene que servir de algo, con unos amigos y un buen jam\u00f3n, puede ser hasta &nbsp;divertido (y si pagas puedes decir lo que piensas).<\/SPAN><BR><SPAN style=\"BACKGROUND-COLOR: transparent; FONT-STYLE: normal; FONT-FAMILY: Arial; COLOR: rgb(0,0,0); FONT-SIZE: 11pt; VERTICAL-ALIGN: baseline; FONT-WEIGHT: normal; TEXT-DECORATION: none\"><\/SPAN><BR><SPAN style=\"BACKGROUND-COLOR: transparent; FONT-STYLE: normal; FONT-FAMILY: Arial; COLOR: rgb(0,0,0); FONT-SIZE: 11pt; VERTICAL-ALIGN: baseline; FONT-WEIGHT: normal; TEXT-DECORATION: none\">Blog escrito escuchando: Presuntos Implicados &#8211; En directo <\/SPAN><\/DIV><br \/>\n<\/SPAN><\/p>\n<!-- AddThis Advanced Settings generic via filter on the_content --><!-- AddThis Share Buttons generic via filter on the_content -->","protected":false},"excerpt":{"rendered":"<p>Una cata vertical es la posibilidad que te da una bodega de probar una serie de a\u00f1adas (normalmente seguidas) de un vino determinado. Pero, realmente \u00bfpara qu\u00e9 sirve una vertical?Seamos realistas, muchos de los vinos que se catan ya no se encuentran en el mercado. Peor aun, si encuentras alguno, seg\u00fan d\u00f3nde lo encuentres, tu [&hellip;]<!-- AddThis Advanced Settings generic via filter on get_the_excerpt --><!-- AddThis Share Buttons generic via filter on get_the_excerpt --><\/p>\n","protected":false},"author":33,"featured_media":0,"comment_status":"open","ping_status":"closed","sticky":false,"template":"","format":"standard","meta":[],"categories":[2],"tags":[6],"_links":{"self":[{"href":"https:\/\/blogs.diariovasco.com\/sopadeganso\/wp-json\/wp\/v2\/posts\/581"}],"collection":[{"href":"https:\/\/blogs.diariovasco.com\/sopadeganso\/wp-json\/wp\/v2\/posts"}],"about":[{"href":"https:\/\/blogs.diariovasco.com\/sopadeganso\/wp-json\/wp\/v2\/types\/post"}],"author":[{"embeddable":true,"href":"https:\/\/blogs.diariovasco.com\/sopadeganso\/wp-json\/wp\/v2\/users\/33"}],"replies":[{"embeddable":true,"href":"https:\/\/blogs.diariovasco.com\/sopadeganso\/wp-json\/wp\/v2\/comments?post=581"}],"version-history":[{"count":0,"href":"https:\/\/blogs.diariovasco.com\/sopadeganso\/wp-json\/wp\/v2\/posts\/581\/revisions"}],"wp:attachment":[{"href":"https:\/\/blogs.diariovasco.com\/sopadeganso\/wp-json\/wp\/v2\/media?parent=581"}],"wp:term":[{"taxonomy":"category","embeddable":true,"href":"https:\/\/blogs.diariovasco.com\/sopadeganso\/wp-json\/wp\/v2\/categories?post=581"},{"taxonomy":"post_tag","embeddable":true,"href":"https:\/\/blogs.diariovasco.com\/sopadeganso\/wp-json\/wp\/v2\/tags?post=581"}],"curies":[{"name":"wp","href":"https:\/\/api.w.org\/{rel}","templated":true}]}}