{"id":582,"date":"2011-03-30T06:51:21","date_gmt":"2011-03-30T06:51:21","guid":{"rendered":"http:\/\/blogs.diariovasco.com\/sopadeganso\/?p=582"},"modified":"2011-03-30T06:51:21","modified_gmt":"2011-03-30T06:51:21","slug":"ipor_que_te_has_ido_verdel_de_mi_vida","status":"publish","type":"post","link":"https:\/\/blogs.diariovasco.com\/sopadeganso\/2011\/03\/30\/ipor_que_te_has_ido_verdel_de_mi_vida\/","title":{"rendered":"\u00bfPor qu\u00e9 te has ido verdel de mi vida?"},"content":{"rendered":"<p><SPAN class=Apple-style-span style=\"WORD-SPACING: 0px; FONT: medium 'Times New Roman'; TEXT-TRANSFORM: none; COLOR: rgb(0,0,0); TEXT-INDENT: 0px; WHITE-SPACE: normal; LETTER-SPACING: normal; BORDER-COLLAPSE: separate; orphans: 2; widows: 2; -webkit-border-horizontal-spacing: 0px; -webkit-border-vertical-spacing: 0px; -webkit-text-decorations-in-effect: none; -webkit-text-size-adjust: auto; -webkit-text-stroke-width: 0px\"><br \/>\n<DIV style=\"BACKGROUND-COLOR: transparent\"><SPAN id=internal-source-marker_0.9760548160411417 style=\"FONT-WEIGHT: normal; FONT-SIZE: 11pt; VERTICAL-ALIGN: baseline; COLOR: rgb(0,0,0); FONT-STYLE: normal; FONT-FAMILY: Arial; BACKGROUND-COLOR: transparent; TEXT-DECORATION: none\"><IMG src=\"\/sopadeganso\/wp-content\/uploads\/sites\/18\"><\/SPAN><\/DIV><br \/>\n<DIV style=\"BACKGROUND-COLOR: transparent\"><SPAN style=\"FONT-WEIGHT: normal; FONT-SIZE: 11pt; VERTICAL-ALIGN: baseline; COLOR: rgb(0,0,0); FONT-STYLE: normal; FONT-FAMILY: Arial; BACKGROUND-COLOR: transparent; TEXT-DECORATION: none\">\u00bfPor qu\u00e9 te has ido tan pronto? <\/SPAN><BR><SPAN style=\"FONT-WEIGHT: normal; FONT-SIZE: 11pt; VERTICAL-ALIGN: baseline; COLOR: rgb(0,0,0); FONT-STYLE: normal; FONT-FAMILY: Arial; BACKGROUND-COLOR: transparent; TEXT-DECORATION: none\"><\/SPAN><BR><SPAN style=\"FONT-WEIGHT: normal; FONT-SIZE: 11pt; VERTICAL-ALIGN: baseline; COLOR: rgb(0,0,0); FONT-STYLE: normal; FONT-FAMILY: Arial; BACKGROUND-COLOR: transparent; TEXT-DECORATION: none\">Justo en el momento en que empezaba a comprenderte, en el momento en que empezamos a apreciar todos tus encantos. Ese d\u00eda en el que Kenji, el Sumo Sacerdote oriental que oficia, supo sacar lo mejor que pod\u00edas dar de ti mismo. Ah\u00ed estabas, quieto, ya s\u00e9 que no molestabas a nadie, pero Kenji, es lo que tiene, que cuando ve a alguien quieto no se puede resistir. Un poco de sal y az\u00facar para darte ese toque de marinado, para hacerte por dentro y por fuera, para &nbsp;no ser \u00e1spero en la piel \u00bfa qui\u00e9n le gusta tu piel tan \u00e1spera? La misma A. nunca te hubiera amado con la piel anterior pero aquel d\u00eda te quiso y te dese\u00f3, hasta sent\u00ed celos. Y dentro &nbsp;jugoso, apetitoso como nadie te conoci\u00f3 antes porque unos te hacen demasiado, estropajoso y otros muy poco y tu tienes una carne como una criatura, limpia y fresca, eres la seda oriental en el que te quiso convertir tu creador.<\/SPAN><BR><SPAN style=\"FONT-WEIGHT: normal; FONT-SIZE: 11pt; VERTICAL-ALIGN: baseline; COLOR: rgb(0,0,0); FONT-STYLE: normal; FONT-FAMILY: Arial; BACKGROUND-COLOR: transparent; TEXT-DECORATION: none\"><\/SPAN><BR><SPAN style=\"FONT-WEIGHT: normal; FONT-SIZE: 11pt; VERTICAL-ALIGN: baseline; COLOR: rgb(0,0,0); FONT-STYLE: normal; FONT-FAMILY: Arial; BACKGROUND-COLOR: transparent; TEXT-DECORATION: none\">Y antes de que nos presentaran te ali\u00f1aron para que estuvieras lustroso, aceite, vinagre, pimienta negra todo a una temperatura para que no te asustaras, templado, para que descansaras feliz y esa s\u00e1bana final de zanahorias y cebollas que te daban un aire de dulzura. Y encima sin un solo pecado original, sin una sola espina que penar porque Kenji te limpi\u00f3 con detalle para que te presentaras como viniste, sin molestar a nadie. <\/SPAN><BR><SPAN style=\"FONT-WEIGHT: normal; FONT-SIZE: 11pt; VERTICAL-ALIGN: baseline; COLOR: rgb(0,0,0); FONT-STYLE: normal; FONT-FAMILY: Arial; BACKGROUND-COLOR: transparent; TEXT-DECORATION: none\"><\/SPAN><BR><SPAN style=\"FONT-WEIGHT: normal; FONT-SIZE: 11pt; VERTICAL-ALIGN: baseline; COLOR: rgb(0,0,0); FONT-STYLE: normal; FONT-FAMILY: Arial; BACKGROUND-COLOR: transparent; TEXT-DECORATION: none\">Y te has ido para siempre en esta temporada. Pero s\u00e9 que volver\u00e1s en forma de sardina o de txitxarro, porque ya te has hecho un cl\u00e1sico en La Espiga.<\/SPAN><BR><SPAN style=\"FONT-WEIGHT: normal; FONT-SIZE: 11pt; VERTICAL-ALIGN: baseline; COLOR: rgb(0,0,0); FONT-STYLE: normal; FONT-FAMILY: Arial; BACKGROUND-COLOR: transparent; TEXT-DECORATION: none\"><\/SPAN><BR><SPAN style=\"FONT-WEIGHT: normal; FONT-SIZE: 11pt; VERTICAL-ALIGN: baseline; COLOR: rgb(0,0,0); FONT-STYLE: normal; FONT-FAMILY: Arial; BACKGROUND-COLOR: transparent; TEXT-DECORATION: none\">Blog escrito escuchando: Al Kooper &#8211; Soul of a Man (directo)<\/SPAN><\/DIV><br \/>\n<\/SPAN><\/p>\n<!-- AddThis Advanced Settings generic via filter on the_content --><!-- AddThis Share Buttons generic via filter on the_content -->","protected":false},"excerpt":{"rendered":"<p>\u00bfPor qu\u00e9 te has ido tan pronto? Justo en el momento en que empezaba a comprenderte, en el momento en que empezamos a apreciar todos tus encantos. Ese d\u00eda en el que Kenji, el Sumo Sacerdote oriental que oficia, supo sacar lo mejor que pod\u00edas dar de ti mismo. Ah\u00ed estabas, quieto, ya s\u00e9 que [&hellip;]<!-- AddThis Advanced Settings generic via filter on get_the_excerpt --><!-- AddThis Share Buttons generic via filter on get_the_excerpt --><\/p>\n","protected":false},"author":33,"featured_media":0,"comment_status":"open","ping_status":"closed","sticky":false,"template":"","format":"standard","meta":[],"categories":[2],"tags":[6],"_links":{"self":[{"href":"https:\/\/blogs.diariovasco.com\/sopadeganso\/wp-json\/wp\/v2\/posts\/582"}],"collection":[{"href":"https:\/\/blogs.diariovasco.com\/sopadeganso\/wp-json\/wp\/v2\/posts"}],"about":[{"href":"https:\/\/blogs.diariovasco.com\/sopadeganso\/wp-json\/wp\/v2\/types\/post"}],"author":[{"embeddable":true,"href":"https:\/\/blogs.diariovasco.com\/sopadeganso\/wp-json\/wp\/v2\/users\/33"}],"replies":[{"embeddable":true,"href":"https:\/\/blogs.diariovasco.com\/sopadeganso\/wp-json\/wp\/v2\/comments?post=582"}],"version-history":[{"count":0,"href":"https:\/\/blogs.diariovasco.com\/sopadeganso\/wp-json\/wp\/v2\/posts\/582\/revisions"}],"wp:attachment":[{"href":"https:\/\/blogs.diariovasco.com\/sopadeganso\/wp-json\/wp\/v2\/media?parent=582"}],"wp:term":[{"taxonomy":"category","embeddable":true,"href":"https:\/\/blogs.diariovasco.com\/sopadeganso\/wp-json\/wp\/v2\/categories?post=582"},{"taxonomy":"post_tag","embeddable":true,"href":"https:\/\/blogs.diariovasco.com\/sopadeganso\/wp-json\/wp\/v2\/tags?post=582"}],"curies":[{"name":"wp","href":"https:\/\/api.w.org\/{rel}","templated":true}]}}