{"id":586,"date":"2011-04-06T07:18:32","date_gmt":"2011-04-06T07:18:32","guid":{"rendered":"http:\/\/blogs.diariovasco.com\/sopadeganso\/?p=586"},"modified":"2011-04-06T07:18:32","modified_gmt":"2011-04-06T07:18:32","slug":"fotos_de_una_fiesta","status":"publish","type":"post","link":"https:\/\/blogs.diariovasco.com\/sopadeganso\/2011\/04\/06\/fotos_de_una_fiesta\/","title":{"rendered":"Fotos de una fiesta"},"content":{"rendered":"<p><P class=MsoNormal style=\"MARGIN: 0cm 0cm 0pt\"><SPAN style=\"FONT-SIZE: 9pt; FONT-FAMILY: Verdana\">Ayer se celebr\u00f3 una fiesta en la que se entregaron algunos premios de gastronom\u00eda a j\u00f3venes valores. Estas son fotos de algunos premiados que pasaron por el programa de radio que grabamos all\u00ed y que se emitir\u00e1 en un M\u00e1s Gastronom\u00eda especial&nbsp;de Punto Radio el s\u00e1bado a las 12 y el martes a las 15 horas.&nbsp;<\/SPAN><\/P><br \/>\n<P class=MsoNormal style=\"MARGIN: 0cm 0cm 0pt\"><SPAN style=\"FONT-SIZE: 9pt; FONT-FAMILY: Verdana\"><\/SPAN>&nbsp;<\/P><br \/>\n<P class=MsoNormal style=\"MARGIN: 0cm 0cm 0pt\"><SPAN style=\"FONT-SIZE: 9pt; FONT-FAMILY: Verdana\"><IMG src=\"\/sopadeganso\/wp-content\/uploads\/sites\/18\"><\/SPAN><\/P><br \/>\n<SPAN style=\"FONT-SIZE: 9pt; FONT-FAMILY: Verdana\"><br \/>\n<P class=MsoNormal style=\"MARGIN: 0cm 0cm 0pt\"><FONT face=\"Times New Roman\" size=3>Ros\u00f3 Gabarr\u00f3 del Institu del Cava (a la izda.) y la gran Nerea Go\u00f1i de Go\u00f1i Ardodenda en la calle Aldamar. Una mujer dedicada al vino.<\/FONT><\/P><br \/>\n<P class=MsoNormal style=\"MARGIN: 0cm 0cm 0pt\"><FONT face=\"Times New Roman\" size=3><\/FONT>&nbsp;<\/P><br \/>\n<P class=MsoNormal style=\"MARGIN: 0cm 0cm 0pt\"><IMG src=\"\/sopadeganso\/wp-content\/uploads\/sites\/18\"><\/P><br \/>\n<P class=MsoNormal style=\"MARGIN: 0cm 0cm 0pt\"><?xml:namespace prefix = o ns = \"urn:schemas-microsoft-com:office:office\" \/><o:p><FONT face=\"Times New Roman\" size=3>&nbsp;<\/FONT><\/o:p><FONT face=\"Times New Roman\" size=3>A la izda. Miguel Salas de Vinoteca Mendibil de Ir\u00fan y mi querido Mart\u00edn Flea que ejerce de sumiller en Rekondo.<\/FONT><\/P><br \/>\n<P class=MsoNormal style=\"MARGIN: 0cm 0cm 0pt\"><FONT face=\"Times New Roman\" size=3><\/FONT>&nbsp;<\/P><br \/>\n<P class=MsoNormal style=\"MARGIN: 0cm 0cm 0pt\"><IMG src=\"\/sopadeganso\/wp-content\/uploads\/sites\/18\"><\/P><br \/>\n<P class=MsoNormal style=\"MARGIN: 0cm 0cm 0pt\"><o:p><FONT face=\"Times New Roman\" size=3>&nbsp;<\/FONT><\/o:p><FONT face=\"Times New Roman\" size=3>El de los ojitos es David de Jorge y el de los huevos es Luis Gorrotxategi (Huevos Gorrotxategi)<\/FONT><\/P><br \/>\n<P class=MsoNormal style=\"MARGIN: 0cm 0cm 0pt\"><FONT face=\"Times New Roman\" size=3><\/FONT>&nbsp;<\/P><br \/>\n<P class=MsoNormal style=\"MARGIN: 0cm 0cm 0pt\"><IMG src=\"\/sopadeganso\/wp-content\/uploads\/sites\/18\"><\/P><br \/>\n<P class=MsoNormal style=\"MARGIN: 0cm 0cm 0pt\"><FONT face=\"Times New Roman\" size=3>Ander Echebarr\u00eda es el cocinero de Via Fora, el de los arroces y Rosa G\u00f3mez&nbsp; lleva cuchillos albacete\u00f1os Mart\u00ednez y Gasc\u00f3n.<\/FONT><\/P><br \/>\n<P class=MsoNormal style=\"MARGIN: 0cm 0cm 0pt\"><FONT face=\"Times New Roman\" size=3><\/FONT>&nbsp;<\/P><br \/>\n<P class=MsoNormal style=\"MARGIN: 0cm 0cm 0pt\"><IMG src=\"\/sopadeganso\/wp-content\/uploads\/sites\/18\"><\/P><br \/>\n<P class=MsoNormal style=\"MARGIN: 0cm 0cm 0pt\"><o:p><FONT face=\"Times New Roman\" size=3>&nbsp;<\/FONT><\/o:p><FONT face=\"Times New Roman\" size=3>Eladio Uranga de Calter y el de los ojos cerrados no es otro que Ander Gonz\u00e1lez propietario y cocinero en el restaurante Astelena 1997<\/FONT><\/P><br \/>\n<P class=MsoNormal style=\"MARGIN: 0cm 0cm 0pt\"><FONT face=\"Times New Roman\" size=3><\/FONT>&nbsp;<\/P><br \/>\n<P class=MsoNormal style=\"MARGIN: 0cm 0cm 0pt\"><IMG src=\"\/sopadeganso\/wp-content\/uploads\/sites\/18\"><\/P><br \/>\n<P class=MsoNormal style=\"MARGIN: 0cm 0cm 0pt\"><FONT face=\"Times New Roman\" size=3>Mikel Arredondo del mercado de la Bretxa y mi bien amado Roberto Ruiz del Front\u00f3n de Tolosa que esta vez representaba su nuevo bar Solana 4<\/FONT><\/P><br \/>\n<P class=MsoNormal style=\"MARGIN: 0cm 0cm 0pt\"><FONT face=\"Times New Roman\" size=3><\/FONT>&nbsp;<\/P><br \/>\n<P class=MsoNormal style=\"MARGIN: 0cm 0cm 0pt\"><IMG src=\"\/sopadeganso\/wp-content\/uploads\/sites\/18\"><\/P><br \/>\n<P class=MsoNormal style=\"MARGIN: 0cm 0cm 0pt\"><FONT face=\"Times New Roman\" size=3>I\u00f1igo Lavado, en su restaurante Singular Food de Ir\u00fan se celebr\u00f3 la fiesta y Jos\u00e9 Antronio Santano, su alcalde.<\/FONT><\/P><br \/>\n<P class=MsoNormal style=\"MARGIN: 0cm 0cm 0pt\"><FONT face=\"Times New Roman\" size=3><IMG src=\"\/sopadeganso\/wp-content\/uploads\/sites\/18\"><\/FONT><\/P><br \/>\n<P class=MsoNormal style=\"MARGIN: 0cm 0cm 0pt\"><FONT face=\"Times New Roman\" size=3>Joserra Calvo, jefe de sala del restaurante Mugaritz y mi buen amigo Riub\u00e9n Trincado<\/FONT><\/P><br \/>\n<P class=MsoNormal style=\"MARGIN: 0cm 0cm 0pt\"><FONT face=\"Times New Roman\" size=3><\/FONT>&nbsp;<\/P><br \/>\n<P class=MsoNormal style=\"MARGIN: 0cm 0cm 0pt\"><IMG src=\"\/sopadeganso\/wp-content\/uploads\/sites\/18\"><\/P><br \/>\n<P class=MsoNormal style=\"MARGIN: 0cm 0cm 0pt\"><o:p>Y Elena Arzak (que fue a entregar un premio) y el premio al paladar que no es otro que los jamones Carrasco que lleva Yon Eizagirre&nbsp;de Mardu.<\/o:p><\/P><br \/>\n<P class=MsoNormal style=\"MARGIN: 0cm 0cm 0pt\"><o:p><\/o:p>&nbsp;<\/P><br \/>\n<P class=MsoNormal style=\"MARGIN: 0cm 0cm 0pt\"><o:p>Por cierto, el gesto que hago con la mano en todas las fotos es el mando a distancia de la c\u00e1mara.<\/o:p><\/SPAN><\/P><\/p>\n<!-- AddThis Advanced Settings generic via filter on the_content --><!-- AddThis Share Buttons generic via filter on the_content -->","protected":false},"excerpt":{"rendered":"<p>Ayer se celebr\u00f3 una fiesta en la que se entregaron algunos premios de gastronom\u00eda a j\u00f3venes valores. Estas son fotos de algunos premiados que pasaron por el programa de radio que grabamos all\u00ed y que se emitir\u00e1 en un M\u00e1s Gastronom\u00eda especial&nbsp;de Punto Radio el s\u00e1bado a las 12 y el martes a las 15 [&hellip;]<!-- AddThis Advanced Settings generic via filter on get_the_excerpt --><!-- AddThis Share Buttons generic via filter on get_the_excerpt --><\/p>\n","protected":false},"author":33,"featured_media":0,"comment_status":"open","ping_status":"closed","sticky":false,"template":"","format":"standard","meta":[],"categories":[2],"tags":[6],"_links":{"self":[{"href":"https:\/\/blogs.diariovasco.com\/sopadeganso\/wp-json\/wp\/v2\/posts\/586"}],"collection":[{"href":"https:\/\/blogs.diariovasco.com\/sopadeganso\/wp-json\/wp\/v2\/posts"}],"about":[{"href":"https:\/\/blogs.diariovasco.com\/sopadeganso\/wp-json\/wp\/v2\/types\/post"}],"author":[{"embeddable":true,"href":"https:\/\/blogs.diariovasco.com\/sopadeganso\/wp-json\/wp\/v2\/users\/33"}],"replies":[{"embeddable":true,"href":"https:\/\/blogs.diariovasco.com\/sopadeganso\/wp-json\/wp\/v2\/comments?post=586"}],"version-history":[{"count":0,"href":"https:\/\/blogs.diariovasco.com\/sopadeganso\/wp-json\/wp\/v2\/posts\/586\/revisions"}],"wp:attachment":[{"href":"https:\/\/blogs.diariovasco.com\/sopadeganso\/wp-json\/wp\/v2\/media?parent=586"}],"wp:term":[{"taxonomy":"category","embeddable":true,"href":"https:\/\/blogs.diariovasco.com\/sopadeganso\/wp-json\/wp\/v2\/categories?post=586"},{"taxonomy":"post_tag","embeddable":true,"href":"https:\/\/blogs.diariovasco.com\/sopadeganso\/wp-json\/wp\/v2\/tags?post=586"}],"curies":[{"name":"wp","href":"https:\/\/api.w.org\/{rel}","templated":true}]}}