{"id":588,"date":"2011-04-11T06:41:48","date_gmt":"2011-04-11T06:41:48","guid":{"rendered":"http:\/\/blogs.diariovasco.com\/sopadeganso\/?p=588"},"modified":"2011-04-11T06:41:48","modified_gmt":"2011-04-11T06:41:48","slug":"vino_de_la_semana_jardin_de_luculo_07","status":"publish","type":"post","link":"https:\/\/blogs.diariovasco.com\/sopadeganso\/2011\/04\/11\/vino_de_la_semana_jardin_de_luculo_07\/","title":{"rendered":"Vino de la semana &#8211; Jard\u00edn de L\u00faculo 07"},"content":{"rendered":"<p><SPAN class=Apple-style-span style=\"WORD-SPACING: 0px; FONT: medium 'Times New Roman'; TEXT-TRANSFORM: none; COLOR: rgb(0,0,0); TEXT-INDENT: 0px; WHITE-SPACE: normal; LETTER-SPACING: normal; BORDER-COLLAPSE: separate; orphans: 2; widows: 2; -webkit-border-horizontal-spacing: 0px; -webkit-border-vertical-spacing: 0px; -webkit-text-decorations-in-effect: none; -webkit-text-size-adjust: auto; -webkit-text-stroke-width: 0px\"><br \/>\n<DIV style=\"BACKGROUND-COLOR: transparent\"><SPAN id=internal-source-marker_0.9323010484222323 style=\"FONT-WEIGHT: normal; FONT-SIZE: 11pt; VERTICAL-ALIGN: baseline; COLOR: rgb(0,0,0); FONT-STYLE: normal; FONT-FAMILY: Arial; BACKGROUND-COLOR: transparent; TEXT-DECORATION: none\"><IMG src=\"\/sopadeganso\/wp-content\/uploads\/sites\/18\/Luculo.JPG\" align=left>Est\u00e1bamos en una terraza. Hab\u00edamos tomado unas cosas para picar y d\u00e1bamos la cena por hecha. Champagne fue lo que nos acompa\u00f1\u00f3. Lleg\u00f3 la hora de la copa final, de la tranquilidad, de disfrutar del momento \u00fanico y de pedir el cl\u00e1sico: \u201clo que tu quieras\u201d al profesional de turno. <\/SPAN><BR><SPAN style=\"FONT-WEIGHT: normal; FONT-SIZE: 11pt; VERTICAL-ALIGN: baseline; COLOR: rgb(0,0,0); FONT-STYLE: normal; FONT-FAMILY: Arial; BACKGROUND-COLOR: transparent; TEXT-DECORATION: none\"><\/SPAN><BR><SPAN style=\"FONT-WEIGHT: normal; FONT-SIZE: 11pt; VERTICAL-ALIGN: baseline; COLOR: rgb(0,0,0); FONT-STYLE: normal; FONT-FAMILY: Arial; BACKGROUND-COLOR: transparent; TEXT-DECORATION: none\">Y en medio de la conversaci\u00f3n, nos colocan las copas sin darnos cuenta, sirven el vino y sigues a lo tuyo, y con la mirada perdida en los ojos de quien tienes en frente te llega un aroma inconfundible a violetas. \u00bfVioletas? \u00bfD\u00f3nde est\u00e1n las violetas en esta terraza? Porque estar no est\u00e1n, en la terraza de Rekondo no hay violetas. Son violetas y salen del vino, de esas copas que te acaban de servir y que tu cre\u00edas que iban a pasar desapercibidas y ahora captan tu atenci\u00f3n. <\/SPAN><BR><SPAN style=\"FONT-WEIGHT: normal; FONT-SIZE: 11pt; VERTICAL-ALIGN: baseline; COLOR: rgb(0,0,0); FONT-STYLE: normal; FONT-FAMILY: Arial; BACKGROUND-COLOR: transparent; TEXT-DECORATION: none\"><\/SPAN><BR><SPAN style=\"FONT-WEIGHT: normal; FONT-SIZE: 11pt; VERTICAL-ALIGN: baseline; COLOR: rgb(0,0,0); FONT-STYLE: normal; FONT-FAMILY: Arial; BACKGROUND-COLOR: transparent; TEXT-DECORATION: none\">As\u00ed que dejas de atender a quien tienes en frente y el vino se convierte en el centro de la conversaci\u00f3n porque te ha pillado, te ha embaucado el aroma y te metes en la copa de cabeza y donde hab\u00eda aromas florales se convierte en frutas, menudas frutas, todo es muy fresco y entretenido, no hay tonter\u00edas, no hay madureces, no hay extra\u00f1os, aqu\u00ed todo es muy sincero y directo, si hay madera (que la hay) la madera es muy sutil y sirve para que no se desmadre la fruta. <\/SPAN><BR><SPAN style=\"FONT-WEIGHT: normal; FONT-SIZE: 11pt; VERTICAL-ALIGN: baseline; COLOR: rgb(0,0,0); FONT-STYLE: normal; FONT-FAMILY: Arial; BACKGROUND-COLOR: transparent; TEXT-DECORATION: none\"><\/SPAN><BR><SPAN style=\"FONT-WEIGHT: normal; FONT-SIZE: 11pt; VERTICAL-ALIGN: baseline; COLOR: rgb(0,0,0); FONT-STYLE: normal; FONT-FAMILY: Arial; BACKGROUND-COLOR: transparent; TEXT-DECORATION: none\">\u00bfY qu\u00e9 es? El Jard\u00edn del L\u00faculo, una garnacha vieja de Navarra, Mendigorria, hecha por unos hacedores de vinos (wine makers que dicen los de ah\u00ed) que seleccionan cosas de gran inter\u00e9s por toda la peninsula, \u00bfadivinan d\u00f3nde los venden? S\u00ed, EEUU. En el fondo da igual, siempre y cuando nos toquen unas botellas por aqu\u00ed cerca, unas botellas a unos 6 euros y &nbsp;te queda la duda de si te est\u00e1n tomando el pelo. Pero no, es verdad, las cosas buenas se hacen as\u00ed &nbsp;y acaban triunfando o eso quisi\u00e9ramos. Con este vino no puedo decir otra cosa: Por favor Mart\u00edn, pon otras dos copas.<\/SPAN><\/DIV><br \/>\n<\/SPAN><\/p>\n<!-- AddThis Advanced Settings generic via filter on the_content --><!-- AddThis Share Buttons generic via filter on the_content -->","protected":false},"excerpt":{"rendered":"<p>Est\u00e1bamos en una terraza. Hab\u00edamos tomado unas cosas para picar y d\u00e1bamos la cena por hecha. Champagne fue lo que nos acompa\u00f1\u00f3. Lleg\u00f3 la hora de la copa final, de la tranquilidad, de disfrutar del momento \u00fanico y de pedir el cl\u00e1sico: \u201clo que tu quieras\u201d al profesional de turno. Y en medio de la [&hellip;]<!-- AddThis Advanced Settings generic via filter on get_the_excerpt --><!-- AddThis Share Buttons generic via filter on get_the_excerpt --><\/p>\n","protected":false},"author":33,"featured_media":0,"comment_status":"open","ping_status":"closed","sticky":false,"template":"","format":"standard","meta":[],"categories":[2],"tags":[6],"_links":{"self":[{"href":"https:\/\/blogs.diariovasco.com\/sopadeganso\/wp-json\/wp\/v2\/posts\/588"}],"collection":[{"href":"https:\/\/blogs.diariovasco.com\/sopadeganso\/wp-json\/wp\/v2\/posts"}],"about":[{"href":"https:\/\/blogs.diariovasco.com\/sopadeganso\/wp-json\/wp\/v2\/types\/post"}],"author":[{"embeddable":true,"href":"https:\/\/blogs.diariovasco.com\/sopadeganso\/wp-json\/wp\/v2\/users\/33"}],"replies":[{"embeddable":true,"href":"https:\/\/blogs.diariovasco.com\/sopadeganso\/wp-json\/wp\/v2\/comments?post=588"}],"version-history":[{"count":0,"href":"https:\/\/blogs.diariovasco.com\/sopadeganso\/wp-json\/wp\/v2\/posts\/588\/revisions"}],"wp:attachment":[{"href":"https:\/\/blogs.diariovasco.com\/sopadeganso\/wp-json\/wp\/v2\/media?parent=588"}],"wp:term":[{"taxonomy":"category","embeddable":true,"href":"https:\/\/blogs.diariovasco.com\/sopadeganso\/wp-json\/wp\/v2\/categories?post=588"},{"taxonomy":"post_tag","embeddable":true,"href":"https:\/\/blogs.diariovasco.com\/sopadeganso\/wp-json\/wp\/v2\/tags?post=588"}],"curies":[{"name":"wp","href":"https:\/\/api.w.org\/{rel}","templated":true}]}}