{"id":593,"date":"2011-04-18T06:42:10","date_gmt":"2011-04-18T06:42:10","guid":{"rendered":"http:\/\/blogs.diariovasco.com\/sopadeganso\/?p=593"},"modified":"2011-04-18T06:42:10","modified_gmt":"2011-04-18T06:42:10","slug":"vino_de_la_semana_gaba_do_xil_2010","status":"publish","type":"post","link":"https:\/\/blogs.diariovasco.com\/sopadeganso\/2011\/04\/18\/vino_de_la_semana_gaba_do_xil_2010\/","title":{"rendered":"Vino de la semana &#8211; Gaba do Xil 2010"},"content":{"rendered":"<p><SPAN class=Apple-style-span style=\"WORD-SPACING: 0px; FONT: medium 'Times New Roman'; TEXT-TRANSFORM: none; COLOR: rgb(0,0,0); TEXT-INDENT: 0px; WHITE-SPACE: normal; LETTER-SPACING: normal; BORDER-COLLAPSE: separate; orphans: 2; widows: 2; -webkit-border-horizontal-spacing: 0px; -webkit-border-vertical-spacing: 0px; -webkit-text-decorations-in-effect: none; -webkit-text-size-adjust: auto; -webkit-text-stroke-width: 0px\"><br \/>\n<DIV style=\"BACKGROUND-COLOR: transparent\"><SPAN id=internal-source-marker_0.8195446482859552 style=\"FONT-WEIGHT: normal; FONT-SIZE: 11pt; VERTICAL-ALIGN: baseline; COLOR: rgb(0,0,0); FONT-STYLE: normal; FONT-FAMILY: Arial; BACKGROUND-COLOR: transparent; TEXT-DECORATION: none\"><IMG src=\"\/sopadeganso\/wp-content\/uploads\/sites\/18\/Gaba.JPG\" align=left>Aqu\u00ed hay un vino para disfrutar desde el minuto uno. Aqu\u00ed no hay momentos de reflexi\u00f3n, de silencio, no hay momentos en los que te llevas la mano a la cabeza para pensar, para buscar una serie de palabras para describir el vino. &nbsp;Aqu\u00ed la definici\u00f3n, las sensaciones, el vocabulario te sale directo porque este es un vino hecho sin tonter\u00edas, con la sinceridad que da la uva y la tierra.<\/SPAN><BR><SPAN style=\"FONT-WEIGHT: normal; FONT-SIZE: 11pt; VERTICAL-ALIGN: baseline; COLOR: rgb(0,0,0); FONT-STYLE: normal; FONT-FAMILY: Arial; BACKGROUND-COLOR: transparent; TEXT-DECORATION: none\"><\/SPAN><BR><SPAN style=\"FONT-WEIGHT: normal; FONT-SIZE: 11pt; VERTICAL-ALIGN: baseline; COLOR: rgb(0,0,0); FONT-STYLE: normal; FONT-FAMILY: Arial; BACKGROUND-COLOR: transparent; TEXT-DECORATION: none\">Yo no s\u00e9 si Telmo Rodr\u00edguez est\u00e1 loco o lo parece, s\u00e9 que se le quiere porque hace los vinos que hace, porque cada vino que hace est\u00e1 pensado, \u00e9l ya ha reflexionado el vino antes de que nosotros lo tomemos, nos quita esa pesada labor y s\u00f3lo nos deja el \u00faltimo momento, el que llega cuando te llevas el vino a la boca y disfrutas. <\/SPAN><BR><SPAN style=\"FONT-WEIGHT: normal; FONT-SIZE: 11pt; VERTICAL-ALIGN: baseline; COLOR: rgb(0,0,0); FONT-STYLE: normal; FONT-FAMILY: Arial; BACKGROUND-COLOR: transparent; TEXT-DECORATION: none\"><\/SPAN><BR><SPAN style=\"FONT-WEIGHT: normal; FONT-SIZE: 11pt; VERTICAL-ALIGN: baseline; COLOR: rgb(0,0,0); FONT-STYLE: normal; FONT-FAMILY: Arial; BACKGROUND-COLOR: transparent; TEXT-DECORATION: none\">Este vino que es su pen\u00faltimo proyecto est\u00e1 hecho en Valdeorras con la godello como m\u00e1ximo representante, Ourense y sus laderas empinadas, pedregosas, dan esta calidad, toda la expresi\u00f3n est\u00e1 en cada copa y no hablo tanto de aromas ni de regustos, con este vino me he encontrado con la tierra, con esa mineralidad que sigo sin entender que no pueda gustar porque es la misma esencia de lo que cada cepa recoge pero, sobre todo, esa sensaci\u00f3n grasa que hace que un vino sea elegante en boca. Como siempre, Telmo ha entendido la capacidad de la zona en la que hace el vino, la ha entendido y la ha respetado para sacar adelante otra creaci\u00f3n suya..<\/SPAN><BR><SPAN style=\"FONT-WEIGHT: normal; FONT-SIZE: 11pt; VERTICAL-ALIGN: baseline; COLOR: rgb(0,0,0); FONT-STYLE: normal; FONT-FAMILY: Arial; BACKGROUND-COLOR: transparent; TEXT-DECORATION: none\"><\/SPAN><BR><SPAN style=\"FONT-WEIGHT: normal; FONT-SIZE: 11pt; VERTICAL-ALIGN: baseline; COLOR: rgb(0,0,0); FONT-STYLE: normal; FONT-FAMILY: Arial; BACKGROUND-COLOR: transparent; TEXT-DECORATION: none\">Y para suerte de los que nos encontramos a este lado del mundo del vino y tenemos que pagar por nuestras botellas, esta est\u00e1 entorno a los 8 euros (Go\u00f1i, c. Aldamar, San Sebasti\u00e1n).&nbsp;Deber\u00eda ser un vino de moda para el verano. Aunque pedir\u00eda que sobraran unas cuantas botellas porque me gustar\u00eda probar este vino dentro de dos o tres a\u00f1os, creo que ser\u00e1 una &nbsp;aut\u00e9ntica joya.<\/SPAN><BR><SPAN style=\"FONT-WEIGHT: normal; FONT-SIZE: 11pt; VERTICAL-ALIGN: baseline; COLOR: rgb(0,0,0); FONT-STYLE: normal; FONT-FAMILY: Arial; BACKGROUND-COLOR: transparent; TEXT-DECORATION: none\"><\/SPAN><BR><SPAN style=\"FONT-WEIGHT: normal; FONT-SIZE: 11pt; VERTICAL-ALIGN: baseline; COLOR: rgb(0,0,0); FONT-STYLE: normal; FONT-FAMILY: Arial; BACKGROUND-COLOR: transparent; TEXT-DECORATION: none\">Blog escrito esuchando: Fleetwood Mac &#8211; Tusk<\/SPAN><\/DIV><br \/>\n<\/SPAN><\/p>\n<!-- AddThis Advanced Settings generic via filter on the_content --><!-- AddThis Share Buttons generic via filter on the_content -->","protected":false},"excerpt":{"rendered":"<p>Aqu\u00ed hay un vino para disfrutar desde el minuto uno. Aqu\u00ed no hay momentos de reflexi\u00f3n, de silencio, no hay momentos en los que te llevas la mano a la cabeza para pensar, para buscar una serie de palabras para describir el vino. &nbsp;Aqu\u00ed la definici\u00f3n, las sensaciones, el vocabulario te sale directo porque este [&hellip;]<!-- AddThis Advanced Settings generic via filter on get_the_excerpt --><!-- AddThis Share Buttons generic via filter on get_the_excerpt --><\/p>\n","protected":false},"author":33,"featured_media":0,"comment_status":"open","ping_status":"closed","sticky":false,"template":"","format":"standard","meta":[],"categories":[2],"tags":[6],"_links":{"self":[{"href":"https:\/\/blogs.diariovasco.com\/sopadeganso\/wp-json\/wp\/v2\/posts\/593"}],"collection":[{"href":"https:\/\/blogs.diariovasco.com\/sopadeganso\/wp-json\/wp\/v2\/posts"}],"about":[{"href":"https:\/\/blogs.diariovasco.com\/sopadeganso\/wp-json\/wp\/v2\/types\/post"}],"author":[{"embeddable":true,"href":"https:\/\/blogs.diariovasco.com\/sopadeganso\/wp-json\/wp\/v2\/users\/33"}],"replies":[{"embeddable":true,"href":"https:\/\/blogs.diariovasco.com\/sopadeganso\/wp-json\/wp\/v2\/comments?post=593"}],"version-history":[{"count":0,"href":"https:\/\/blogs.diariovasco.com\/sopadeganso\/wp-json\/wp\/v2\/posts\/593\/revisions"}],"wp:attachment":[{"href":"https:\/\/blogs.diariovasco.com\/sopadeganso\/wp-json\/wp\/v2\/media?parent=593"}],"wp:term":[{"taxonomy":"category","embeddable":true,"href":"https:\/\/blogs.diariovasco.com\/sopadeganso\/wp-json\/wp\/v2\/categories?post=593"},{"taxonomy":"post_tag","embeddable":true,"href":"https:\/\/blogs.diariovasco.com\/sopadeganso\/wp-json\/wp\/v2\/tags?post=593"}],"curies":[{"name":"wp","href":"https:\/\/api.w.org\/{rel}","templated":true}]}}