{"id":602,"date":"2011-05-02T07:01:14","date_gmt":"2011-05-02T07:01:14","guid":{"rendered":"http:\/\/blogs.diariovasco.com\/sopadeganso\/?p=602"},"modified":"2011-05-02T07:01:14","modified_gmt":"2011-05-02T07:01:14","slug":"vino_de_la_semana_vermouth_celler_el_mas","status":"publish","type":"post","link":"https:\/\/blogs.diariovasco.com\/sopadeganso\/2011\/05\/02\/vino_de_la_semana_vermouth_celler_el_mas\/","title":{"rendered":"Vino de la semana &#8211; Vermouth Celler El Masroig"},"content":{"rendered":"<p><SPAN style=\"WIDOWS: 2; TEXT-TRANSFORM: none; TEXT-INDENT: 0px; BORDER-COLLAPSE: separate; FONT: medium 'Times New Roman'; WHITE-SPACE: normal; ORPHANS: 2; LETTER-SPACING: normal; COLOR: rgb(0,0,0); WORD-SPACING: 0px; -webkit-border-horizontal-spacing: 0px; -webkit-border-vertical-spacing: 0px; -webkit-text-decorations-in-effect: none; -webkit-text-size-adjust: auto; -webkit-text-stroke-width: 0px\" class=Apple-style-span><br \/>\n<DIV style=\"BACKGROUND-COLOR: transparent\"><SPAN style=\"BACKGROUND-COLOR: transparent; FONT-STYLE: normal; FONT-FAMILY: Arial; WHITE-SPACE: pre-wrap; COLOR: rgb(0,0,0); FONT-SIZE: 11pt; VERTICAL-ALIGN: baseline; FONT-WEIGHT: normal; TEXT-DECORATION: none\" id=internal-source-marker_0.44550597993656993><IMG align=left src=\"\/sopadeganso\/wp-content\/uploads\/sites\/18\/Vermut_02.JPG\">\u00bfA t\u00ed qu\u00e9 es lo que m\u00e1s te gusta del vermut? \u00bfEsa primera entrada dulce que dura una fracci\u00f3n de segundo? \u00bfEse amargo final que te dice que comas un poco m\u00e1s? \u00bfEsas hierbas que te trasladan al mediterr\u00e1neo? \u00bfEse aroma de lim\u00f3n?<\/SPAN><BR><SPAN style=\"BACKGROUND-COLOR: transparent; FONT-STYLE: normal; FONT-FAMILY: Arial; WHITE-SPACE: pre-wrap; COLOR: rgb(0,0,0); FONT-SIZE: 11pt; VERTICAL-ALIGN: baseline; FONT-WEIGHT: normal; TEXT-DECORATION: none\"><\/SPAN><BR><SPAN style=\"BACKGROUND-COLOR: transparent; FONT-STYLE: normal; FONT-FAMILY: Arial; WHITE-SPACE: pre-wrap; COLOR: rgb(0,0,0); FONT-SIZE: 11pt; VERTICAL-ALIGN: baseline; FONT-WEIGHT: normal; TEXT-DECORATION: none\">Yo no soy muy de vermuts porque no hemos coincidido. Para un Manhattan s\u00ed porque va mezcladito y desde que me enter\u00e9 c\u00f3mo se hace la marca que se encuentra en todas partes, m\u00e1s te vale que est\u00e9 mezclado con algo porque no sabes lo que te metes en el cuerpo.<\/SPAN><BR><SPAN style=\"BACKGROUND-COLOR: transparent; FONT-STYLE: normal; FONT-FAMILY: Arial; WHITE-SPACE: pre-wrap; COLOR: rgb(0,0,0); FONT-SIZE: 11pt; VERTICAL-ALIGN: baseline; FONT-WEIGHT: normal; TEXT-DECORATION: none\">Todo eso hasta hoy y por culpa de mi amigo Dani Corman. Me present\u00f3 este Vermut con su cl\u00e0sico &#8220;tu pru\u00e9balo y ya me dir\u00e0s&#8221;. <\/SPAN><BR><SPAN style=\"BACKGROUND-COLOR: transparent; FONT-STYLE: normal; FONT-FAMILY: Arial; WHITE-SPACE: pre-wrap; COLOR: rgb(0,0,0); FONT-SIZE: 11pt; VERTICAL-ALIGN: baseline; FONT-WEIGHT: normal; TEXT-DECORATION: none\"><\/SPAN><BR><SPAN style=\"BACKGROUND-COLOR: transparent; FONT-STYLE: normal; FONT-FAMILY: Arial; WHITE-SPACE: pre-wrap; COLOR: rgb(0,0,0); FONT-SIZE: 11pt; VERTICAL-ALIGN: baseline; FONT-WEIGHT: normal; TEXT-DECORATION: none\">Empecemos por declarar esta bebida como natural en todos los sentidos y nos podemos fiar de la bodega de donde proviene. Celler El Masroig son unos t\u00edos que se toman lo ecol\u00f3gico y lo biodin\u00e1mico en serio. Hacen este vermut &nbsp;con vino de verdad y de uva macabeo, macerado con hierbas y flores que crecen junto a los vi\u00f1edos, que te traslada a tardes en el Priorato (Montsant) donde te cuentan que los currantes de la tierra maceraban el vino con hierbas que recog\u00edan de aqu\u00ed y de all\u00e1, no sabes qu\u00e9 hay pero te acerca al tomillo, a la manzanilla e incluso al naranjo. <\/SPAN><BR><SPAN style=\"BACKGROUND-COLOR: transparent; FONT-STYLE: normal; FONT-FAMILY: Arial; WHITE-SPACE: pre-wrap; COLOR: rgb(0,0,0); FONT-SIZE: 11pt; VERTICAL-ALIGN: baseline; FONT-WEIGHT: normal; TEXT-DECORATION: none\"><\/SPAN><BR><SPAN style=\"BACKGROUND-COLOR: transparent; FONT-STYLE: normal; FONT-FAMILY: Arial; WHITE-SPACE: pre-wrap; COLOR: rgb(0,0,0); FONT-SIZE: 11pt; VERTICAL-ALIGN: baseline; FONT-WEIGHT: normal; TEXT-DECORATION: none\">Y ahora empieza lo bueno: donde otros a\u00f1aden az\u00facares y jarabes para darle color y dulzor, estos a\u00f1aden vino sin macerar y MISTELA. Dos semanas despu\u00e9s de pasar por barricas exclusivas de vermut, presentan una aut\u00e8ntica joya para consumir fr\u00edo, con unas aceitunas y hacer uno de los aperitivos sin tonter\u00edas, el buen vermut mediterr\u00e0neo de toda la vida, pero tambi\u00e9n peligroso porque sus 15 grados no perdonan y a poco que te descuides caen un par de vasos.<\/SPAN><BR><SPAN style=\"BACKGROUND-COLOR: transparent; FONT-STYLE: normal; FONT-FAMILY: Arial; WHITE-SPACE: pre-wrap; COLOR: rgb(0,0,0); FONT-SIZE: 11pt; VERTICAL-ALIGN: baseline; FONT-WEIGHT: normal; TEXT-DECORATION: none\"><\/SPAN><BR><SPAN style=\"BACKGROUND-COLOR: transparent; FONT-STYLE: normal; FONT-FAMILY: Arial; WHITE-SPACE: pre-wrap; COLOR: rgb(0,0,0); FONT-SIZE: 11pt; VERTICAL-ALIGN: baseline; FONT-WEIGHT: normal; TEXT-DECORATION: none\">&#8220;Tu pru\u00e9balo y ya me dir\u00e1s&#8221; me dijo Dani, y ahora se lo digo: &#8220;no me vuelvas a hacer esto, amigo, porque estoy enganchado&#8221;.<\/SPAN><BR><SPAN style=\"BACKGROUND-COLOR: transparent; FONT-STYLE: normal; FONT-FAMILY: Arial; WHITE-SPACE: pre-wrap; COLOR: rgb(0,0,0); FONT-SIZE: 11pt; VERTICAL-ALIGN: baseline; FONT-WEIGHT: normal; TEXT-DECORATION: none\"><\/SPAN><BR><SPAN style=\"BACKGROUND-COLOR: transparent; FONT-STYLE: normal; FONT-FAMILY: Arial; WHITE-SPACE: pre-wrap; COLOR: rgb(0,0,0); FONT-SIZE: 11pt; VERTICAL-ALIGN: baseline; FONT-WEIGHT: normal; TEXT-DECORATION: none\">Blog escrito escuchando: los goles de la Real contra el Barcelona<\/SPAN><\/DIV><br \/>\n<\/SPAN><\/p>\n<!-- AddThis Advanced Settings generic via filter on the_content --><!-- AddThis Share Buttons generic via filter on the_content -->","protected":false},"excerpt":{"rendered":"<p>\u00bfA t\u00ed qu\u00e9 es lo que m\u00e1s te gusta del vermut? \u00bfEsa primera entrada dulce que dura una fracci\u00f3n de segundo? \u00bfEse amargo final que te dice que comas un poco m\u00e1s? \u00bfEsas hierbas que te trasladan al mediterr\u00e1neo? \u00bfEse aroma de lim\u00f3n?Yo no soy muy de vermuts porque no hemos coincidido. Para un Manhattan [&hellip;]<!-- AddThis Advanced Settings generic via filter on get_the_excerpt --><!-- AddThis Share Buttons generic via filter on get_the_excerpt --><\/p>\n","protected":false},"author":33,"featured_media":0,"comment_status":"open","ping_status":"closed","sticky":false,"template":"","format":"standard","meta":[],"categories":[2],"tags":[6],"_links":{"self":[{"href":"https:\/\/blogs.diariovasco.com\/sopadeganso\/wp-json\/wp\/v2\/posts\/602"}],"collection":[{"href":"https:\/\/blogs.diariovasco.com\/sopadeganso\/wp-json\/wp\/v2\/posts"}],"about":[{"href":"https:\/\/blogs.diariovasco.com\/sopadeganso\/wp-json\/wp\/v2\/types\/post"}],"author":[{"embeddable":true,"href":"https:\/\/blogs.diariovasco.com\/sopadeganso\/wp-json\/wp\/v2\/users\/33"}],"replies":[{"embeddable":true,"href":"https:\/\/blogs.diariovasco.com\/sopadeganso\/wp-json\/wp\/v2\/comments?post=602"}],"version-history":[{"count":0,"href":"https:\/\/blogs.diariovasco.com\/sopadeganso\/wp-json\/wp\/v2\/posts\/602\/revisions"}],"wp:attachment":[{"href":"https:\/\/blogs.diariovasco.com\/sopadeganso\/wp-json\/wp\/v2\/media?parent=602"}],"wp:term":[{"taxonomy":"category","embeddable":true,"href":"https:\/\/blogs.diariovasco.com\/sopadeganso\/wp-json\/wp\/v2\/categories?post=602"},{"taxonomy":"post_tag","embeddable":true,"href":"https:\/\/blogs.diariovasco.com\/sopadeganso\/wp-json\/wp\/v2\/tags?post=602"}],"curies":[{"name":"wp","href":"https:\/\/api.w.org\/{rel}","templated":true}]}}