{"id":604,"date":"2011-05-09T06:52:58","date_gmt":"2011-05-09T06:52:58","guid":{"rendered":"http:\/\/blogs.diariovasco.com\/sopadeganso\/?p=604"},"modified":"2011-05-09T06:52:58","modified_gmt":"2011-05-09T06:52:58","slug":"vino_de_la_semana_jilaba_crianza_06","status":"publish","type":"post","link":"https:\/\/blogs.diariovasco.com\/sopadeganso\/2011\/05\/09\/vino_de_la_semana_jilaba_crianza_06\/","title":{"rendered":"Vino de la semana &#8211; Jilab\u00e1 Crianza 06"},"content":{"rendered":"<p><SPAN style=\"WIDOWS: 2; TEXT-TRANSFORM: none; TEXT-INDENT: 0px; BORDER-COLLAPSE: separate; FONT: medium 'Times New Roman'; WHITE-SPACE: normal; ORPHANS: 2; LETTER-SPACING: normal; COLOR: rgb(0,0,0); WORD-SPACING: 0px; -webkit-border-horizontal-spacing: 0px; -webkit-border-vertical-spacing: 0px; -webkit-text-decorations-in-effect: none; -webkit-text-size-adjust: auto; -webkit-text-stroke-width: 0px\" class=Apple-style-span><br \/>\n<DIV style=\"BACKGROUND-COLOR: transparent\"><SPAN style=\"BACKGROUND-COLOR: transparent; FONT-STYLE: normal; FONT-FAMILY: Arial; WHITE-SPACE: pre-wrap; COLOR: rgb(0,0,0); FONT-SIZE: 11pt; VERTICAL-ALIGN: baseline; FONT-WEIGHT: normal; TEXT-DECORATION: none\" id=internal-source-marker_0.9428041311912239><IMG align=left src=\"\/sopadeganso\/wp-content\/uploads\/sites\/18\/Jilaba.JPG\">Dicen los que saben de qu\u00e9 va el asunto que \u201clos caminos del Se\u00f1or son insondables\u201d. Por eso cuando un seguidor me reconoci\u00f3 y me dijo desde su camilla en una sala de urgencias que probara este vino lo tom\u00e9 como un designio del Alt\u00edsimo. <\/SPAN><BR><SPAN style=\"BACKGROUND-COLOR: transparent; FONT-STYLE: normal; FONT-FAMILY: Arial; WHITE-SPACE: pre-wrap; COLOR: rgb(0,0,0); FONT-SIZE: 11pt; VERTICAL-ALIGN: baseline; FONT-WEIGHT: normal; TEXT-DECORATION: none\"><\/SPAN><BR><SPAN style=\"BACKGROUND-COLOR: transparent; FONT-STYLE: normal; FONT-FAMILY: Arial; WHITE-SPACE: pre-wrap; COLOR: rgb(0,0,0); FONT-SIZE: 11pt; VERTICAL-ALIGN: baseline; FONT-WEIGHT: normal; TEXT-DECORATION: none\">Ser\u00e9 tremendamente sincero, lo compr\u00e9 sin ninguna confianza porque no suelo tenerlo de quien me habla de un vino de un amigo que hace un gran vino, pero lo hice por \u00e9l y por las circunstancias. Ahora puedo decir que me alegro de haberlo hecho.<\/SPAN><BR><SPAN style=\"BACKGROUND-COLOR: transparent; FONT-STYLE: normal; FONT-FAMILY: Arial; WHITE-SPACE: pre-wrap; COLOR: rgb(0,0,0); FONT-SIZE: 11pt; VERTICAL-ALIGN: baseline; FONT-WEIGHT: normal; TEXT-DECORATION: none\"><\/SPAN><BR><SPAN style=\"BACKGROUND-COLOR: transparent; FONT-STYLE: normal; FONT-FAMILY: Arial; WHITE-SPACE: pre-wrap; COLOR: rgb(0,0,0); FONT-SIZE: 11pt; VERTICAL-ALIGN: baseline; FONT-WEIGHT: normal; TEXT-DECORATION: none\">Jilab\u00e1 es un vino que hace Luis Angel Casado en Lapuebla de Labarca. Es tradicional como debe ser un buen vino de la Rioja Alavesa, pero de una tradici\u00f3n elegante y equilibrada, aqu\u00ed no hay tonter\u00edas ni concesiones a la galer\u00eda, no hay fruta madura potente que te aniquila la boca, ni siquiera hay vainillas de esas que parecen una perfumer\u00eda para ni\u00f1as en edad del pavo, la madera est\u00e1 integrada con discreci\u00f3n, aqu\u00ed hay un vino tranquilo de esos que se disfrutan desde el primer momento por su saber estar, porque no hay picos, puede que tampoco los haya como para despuntar ni para que te pongas en pie para aplaudir, no es un vino de extremos es un vino sosegado y se\u00f1orial. Un vino para disfrutar en silencio, contigo mismo porque tiene mucho que hablar y si te molestan puede pasar desapercibido, un vino para reflexionar \u00bftendr\u00e1 algo que ver que los vi\u00f1edos est\u00e1n junto al cementerio? Pero no pasa nada si se disfruta en una comida con amigos porque siempre quedar\u00e1 bien. <\/SPAN><BR><SPAN style=\"BACKGROUND-COLOR: transparent; FONT-STYLE: normal; FONT-FAMILY: Arial; WHITE-SPACE: pre-wrap; COLOR: rgb(0,0,0); FONT-SIZE: 11pt; VERTICAL-ALIGN: baseline; FONT-WEIGHT: normal; TEXT-DECORATION: none\"><\/SPAN><BR><SPAN style=\"BACKGROUND-COLOR: transparent; FONT-STYLE: normal; FONT-FAMILY: Arial; WHITE-SPACE: pre-wrap; COLOR: rgb(0,0,0); FONT-SIZE: 11pt; VERTICAL-ALIGN: baseline; FONT-WEIGHT: normal; TEXT-DECORATION: none\">No s\u00e9 si merece todos los premios que dicen que tiene, pero si se los dan por algo ser\u00e1 que yo de eso no s\u00e9. Y el precio tambi\u00e9n es motivo, 7 euros (Solbes). S\u00f3lo espero que al bueno de Patxi Lekube le llegue el mensaje y que est\u00e9 bien.<\/SPAN><BR><SPAN style=\"BACKGROUND-COLOR: transparent; FONT-STYLE: normal; FONT-FAMILY: Arial; WHITE-SPACE: pre-wrap; COLOR: rgb(0,0,0); FONT-SIZE: 11pt; VERTICAL-ALIGN: baseline; FONT-WEIGHT: normal; TEXT-DECORATION: none\"><\/SPAN><BR><SPAN style=\"BACKGROUND-COLOR: transparent; FONT-STYLE: normal; FONT-FAMILY: Arial; WHITE-SPACE: pre-wrap; COLOR: rgb(0,0,0); FONT-SIZE: 11pt; VERTICAL-ALIGN: baseline; FONT-WEIGHT: normal; TEXT-DECORATION: none\">Blog escrito escuchando: The Jive Aces &#8211; Bring Me Sunshine<\/SPAN><\/DIV><br \/>\n<\/SPAN><\/p>\n<!-- AddThis Advanced Settings generic via filter on the_content --><!-- AddThis Share Buttons generic via filter on the_content -->","protected":false},"excerpt":{"rendered":"<p>Dicen los que saben de qu\u00e9 va el asunto que \u201clos caminos del Se\u00f1or son insondables\u201d. Por eso cuando un seguidor me reconoci\u00f3 y me dijo desde su camilla en una sala de urgencias que probara este vino lo tom\u00e9 como un designio del Alt\u00edsimo. Ser\u00e9 tremendamente sincero, lo compr\u00e9 sin ninguna confianza porque no [&hellip;]<!-- AddThis Advanced Settings generic via filter on get_the_excerpt --><!-- AddThis Share Buttons generic via filter on get_the_excerpt --><\/p>\n","protected":false},"author":33,"featured_media":0,"comment_status":"open","ping_status":"closed","sticky":false,"template":"","format":"standard","meta":[],"categories":[2],"tags":[6],"_links":{"self":[{"href":"https:\/\/blogs.diariovasco.com\/sopadeganso\/wp-json\/wp\/v2\/posts\/604"}],"collection":[{"href":"https:\/\/blogs.diariovasco.com\/sopadeganso\/wp-json\/wp\/v2\/posts"}],"about":[{"href":"https:\/\/blogs.diariovasco.com\/sopadeganso\/wp-json\/wp\/v2\/types\/post"}],"author":[{"embeddable":true,"href":"https:\/\/blogs.diariovasco.com\/sopadeganso\/wp-json\/wp\/v2\/users\/33"}],"replies":[{"embeddable":true,"href":"https:\/\/blogs.diariovasco.com\/sopadeganso\/wp-json\/wp\/v2\/comments?post=604"}],"version-history":[{"count":0,"href":"https:\/\/blogs.diariovasco.com\/sopadeganso\/wp-json\/wp\/v2\/posts\/604\/revisions"}],"wp:attachment":[{"href":"https:\/\/blogs.diariovasco.com\/sopadeganso\/wp-json\/wp\/v2\/media?parent=604"}],"wp:term":[{"taxonomy":"category","embeddable":true,"href":"https:\/\/blogs.diariovasco.com\/sopadeganso\/wp-json\/wp\/v2\/categories?post=604"},{"taxonomy":"post_tag","embeddable":true,"href":"https:\/\/blogs.diariovasco.com\/sopadeganso\/wp-json\/wp\/v2\/tags?post=604"}],"curies":[{"name":"wp","href":"https:\/\/api.w.org\/{rel}","templated":true}]}}