{"id":606,"date":"2011-05-11T07:02:42","date_gmt":"2011-05-11T07:02:42","guid":{"rendered":"http:\/\/blogs.diariovasco.com\/sopadeganso\/?p=606"},"modified":"2011-05-11T07:02:42","modified_gmt":"2011-05-11T07:02:42","slug":"peregrinacion_a_panzano_y_ii","status":"publish","type":"post","link":"https:\/\/blogs.diariovasco.com\/sopadeganso\/2011\/05\/11\/peregrinacion_a_panzano_y_ii\/","title":{"rendered":"Peregrinaci\u00f3n a Panzano y II"},"content":{"rendered":"<p><SPAN style=\"WIDOWS: 2; TEXT-TRANSFORM: none; TEXT-INDENT: 0px; BORDER-COLLAPSE: separate; FONT: medium 'Times New Roman'; WHITE-SPACE: normal; ORPHANS: 2; LETTER-SPACING: normal; COLOR: rgb(0,0,0); WORD-SPACING: 0px; -webkit-border-horizontal-spacing: 0px; -webkit-border-vertical-spacing: 0px; -webkit-text-decorations-in-effect: none; -webkit-text-size-adjust: auto; -webkit-text-stroke-width: 0px\" class=Apple-style-span><br \/>\n<DIV style=\"BACKGROUND-COLOR: transparent\"><SPAN style=\"BACKGROUND-COLOR: transparent; FONT-STYLE: normal; FONT-FAMILY: Arial; WHITE-SPACE: pre-wrap; COLOR: rgb(0,0,0); FONT-SIZE: 11pt; VERTICAL-ALIGN: baseline; FONT-WEIGHT: normal; TEXT-DECORATION: none\" id=internal-source-marker_0.8509151318576187>Hoy en d\u00eda, cuando llegas a Panzano ves la preciosa distribuci\u00f3n de los vi\u00f1edos, escalando, descendiendo en perfecta armon\u00eda y disposici\u00f3n. No puedes imaginar que en una \u00e9poca, en los a\u00f1os 60, todo aquello se iba al carajo, todo crec\u00eda desordenadamente y unas terribles heladas se lo hab\u00eda llevado &nbsp;todo por delante, incluso la gente hu\u00eda (\u201cfuggendo\u201d dicen ellos).<\/SPAN><BR><SPAN style=\"BACKGROUND-COLOR: transparent; FONT-STYLE: normal; FONT-FAMILY: Arial; WHITE-SPACE: pre-wrap; COLOR: rgb(0,0,0); FONT-SIZE: 11pt; VERTICAL-ALIGN: baseline; FONT-WEIGHT: normal; TEXT-DECORATION: none\"><\/SPAN><BR><SPAN style=\"BACKGROUND-COLOR: transparent; FONT-STYLE: normal; FONT-FAMILY: Arial; WHITE-SPACE: pre-wrap; COLOR: rgb(0,0,0); FONT-SIZE: 11pt; VERTICAL-ALIGN: baseline; FONT-WEIGHT: normal; TEXT-DECORATION: none\">En aquellos a\u00f1os hubo dos familias que se empe\u00f1aron en sacar eso adelante. Alceo di Napoli, un pr\u00edncipe napolitano que en aquellos momentos viv\u00eda en Brasil, volvi\u00f3 a sus tierras, replant\u00f3 todo el vi\u00f1edo de sus tierras y se puso a hacer vino de calidad. A su muerte sus hijos lo han intentado con m\u00e1s o menos suerte. Pero la otra familia era la que nos interesaba, porque debe haber mucho amor detr\u00e1s de un florentino cuya familia se ha dedicado durante generaciones a hacer baldosas de terracota y que en el peor a\u00f1o 68 compra un \u201cborgo\u201d con 10 hect\u00e1reas de vi\u00f1edos. Esfuerzos y mucho amor por la tierra y por el vino han hecho que hoy haya 80 hect\u00e1reas de vi\u00f1edos totalmente ecol\u00f3gicos (incluso tienen 26 vacas que les proporcionan el abono) con un 90% de uva local sangiovese y lo dem\u00e1s repartido en variedades for\u00e1neas. <\/SPAN><BR><SPAN style=\"BACKGROUND-COLOR: transparent; FONT-STYLE: normal; FONT-FAMILY: Arial; WHITE-SPACE: pre-wrap; COLOR: rgb(0,0,0); FONT-SIZE: 11pt; VERTICAL-ALIGN: baseline; FONT-WEIGHT: normal; TEXT-DECORATION: none\"><\/SPAN><BR><SPAN style=\"BACKGROUND-COLOR: transparent; FONT-STYLE: normal; FONT-FAMILY: Arial; WHITE-SPACE: pre-wrap; COLOR: rgb(0,0,0); FONT-SIZE: 11pt; VERTICAL-ALIGN: baseline; FONT-WEIGHT: normal; TEXT-DECORATION: none\">Dino Manetti se puso manos a la obra e incluc\u00f3 a sus hijos Giovanni y Marco el saber hacer y toda la pasi\u00f3n. A la muerte del padre, ambos han seguido haciendo grandes vinos en Fontodi.<\/SPAN><\/DIV><br \/>\n<DIV style=\"BACKGROUND-COLOR: transparent\"><SPAN style=\"BACKGROUND-COLOR: transparent; FONT-STYLE: normal; FONT-FAMILY: Arial; WHITE-SPACE: pre-wrap; COLOR: rgb(0,0,0); FONT-SIZE: 11pt; VERTICAL-ALIGN: baseline; FONT-WEIGHT: normal; TEXT-DECORATION: none\"><IMG src=\"\/sopadeganso\/wp-content\/uploads\/sites\/18\/Giovanni.JPG\">&nbsp;<\/SPAN><BR><SPAN style=\"BACKGROUND-COLOR: transparent; FONT-STYLE: normal; FONT-FAMILY: Arial; WHITE-SPACE: pre-wrap; COLOR: rgb(0,0,0); FONT-SIZE: 11pt; VERTICAL-ALIGN: baseline; FONT-WEIGHT: normal; TEXT-DECORATION: none\">Pero hay m\u00e1s, porque cuando visitas la bodega est\u00e1s viendo la misma esencia del vino de Chianti, ves la tierra, entiendes que lo m\u00e1s importante para ellos es transmitir todo lo que da la tierra a sus vinos y en cada uno de ellos lo ves. Las vendimias a mano, fermentaciones lentas durante 30 d\u00edas, barricas sin tostado para que no molesten y embotellando solamente en luna nueva son algunas de las t\u00e9cnicas que aplican para transmitir su respeto y sacar lo mejor de cada uva, incluso la nueva bodega se hace con piedras sacadas de la misma tierra donde crece la vi\u00f1a.<\/SPAN><\/DIV><br \/>\n<DIV style=\"BACKGROUND-COLOR: transparent\"><SPAN style=\"BACKGROUND-COLOR: transparent; FONT-STYLE: normal; FONT-FAMILY: Arial; WHITE-SPACE: pre-wrap; COLOR: rgb(0,0,0); FONT-SIZE: 11pt; VERTICAL-ALIGN: baseline; FONT-WEIGHT: normal; TEXT-DECORATION: none\"><\/SPAN><IMG src=\"\/sopadeganso\/wp-content\/uploads\/sites\/18\/Latierraenchianti1.JPG\"><BR><SPAN style=\"BACKGROUND-COLOR: transparent; FONT-STYLE: normal; FONT-FAMILY: Arial; WHITE-SPACE: pre-wrap; COLOR: rgb(0,0,0); FONT-SIZE: 11pt; VERTICAL-ALIGN: baseline; FONT-WEIGHT: normal; TEXT-DECORATION: none\"><\/SPAN><BR><SPAN style=\"BACKGROUND-COLOR: transparent; FONT-STYLE: normal; FONT-FAMILY: Arial; WHITE-SPACE: pre-wrap; COLOR: rgb(0,0,0); FONT-SIZE: 11pt; VERTICAL-ALIGN: baseline; FONT-WEIGHT: normal; TEXT-DECORATION: none\">La prueba es el Merigio, un vino blanco que, afortunadamente, hacen con sauvignon blanc y tiene toda la mineralidad de un buen vino franc\u00e9s, tiene potencia en nariz, 8000 botellas. El chianti cl\u00e1sico, un vino sencillo pero de lo mejor que probamos con una selecci\u00f3n que hacen de vi\u00f1edos j\u00f3venes y otra de vi\u00f1edos m\u00e1s viejos, la Vigne del Sorbo y su mejor vino, Flaccianello, un vino impactante, muy complejo. Y alucinamos con un aceite que parec\u00eda reci\u00e9n prensado con unos aromas a hierba fresca imposibles en esta \u00e9poca del a\u00f1o, \u201cs\u00f3lo embotellamos cuando hace falta, nunca antes, y se conserva protegido.\u201d As\u00ed se hacen las cosas cuando quieres que el consumidor aprecie el producto tal y como lo has querido hacer.<\/SPAN><\/DIV><br \/>\n<DIV style=\"BACKGROUND-COLOR: transparent\"><SPAN style=\"BACKGROUND-COLOR: transparent; FONT-STYLE: normal; FONT-FAMILY: Arial; WHITE-SPACE: pre-wrap; COLOR: rgb(0,0,0); FONT-SIZE: 11pt; VERTICAL-ALIGN: baseline; FONT-WEIGHT: normal; TEXT-DECORATION: none\"><\/SPAN><FONT face=Arial><\/FONT><BR><SPAN style=\"BACKGROUND-COLOR: transparent; FONT-STYLE: normal; FONT-FAMILY: Arial; WHITE-SPACE: pre-wrap; COLOR: rgb(0,0,0); FONT-SIZE: 11pt; VERTICAL-ALIGN: baseline; FONT-WEIGHT: normal; TEXT-DECORATION: none\"><IMG align=left src=\"\/sopadeganso\/wp-content\/uploads\/sites\/18\/colmatore.JPG\">Y por supuesto, son tan detallistas para hacer las cosas bien que el tap\u00f3n de las barricas que usan, el famoso \u201ccolmatore\u201d, es de vidrio, tal y como lo invent\u00f3 Leonardo. &nbsp;<\/SPAN><BR><SPAN style=\"BACKGROUND-COLOR: transparent; FONT-STYLE: normal; FONT-FAMILY: Arial; WHITE-SPACE: pre-wrap; COLOR: rgb(0,0,0); FONT-SIZE: 11pt; VERTICAL-ALIGN: baseline; FONT-WEIGHT: normal; TEXT-DECORATION: none\"><\/SPAN><BR><SPAN style=\"BACKGROUND-COLOR: transparent; FONT-STYLE: normal; FONT-FAMILY: Arial; WHITE-SPACE: pre-wrap; COLOR: rgb(0,0,0); FONT-SIZE: 11pt; VERTICAL-ALIGN: baseline; FONT-WEIGHT: normal; TEXT-DECORATION: none\">Blog escrito escuchando: Lisetta Luchini &#8211; Gl\u2019\u00e8 Tutto Sbagliato&#8230; Gl\u2019\u00e8 Tutto Da Rifare!<\/SPAN><\/DIV><br \/>\n<\/SPAN><\/p>\n<!-- AddThis Advanced Settings generic via filter on the_content --><!-- AddThis Share Buttons generic via filter on the_content -->","protected":false},"excerpt":{"rendered":"<p>Hoy en d\u00eda, cuando llegas a Panzano ves la preciosa distribuci\u00f3n de los vi\u00f1edos, escalando, descendiendo en perfecta armon\u00eda y disposici\u00f3n. No puedes imaginar que en una \u00e9poca, en los a\u00f1os 60, todo aquello se iba al carajo, todo crec\u00eda desordenadamente y unas terribles heladas se lo hab\u00eda llevado &nbsp;todo por delante, incluso la gente [&hellip;]<!-- AddThis Advanced Settings generic via filter on get_the_excerpt --><!-- AddThis Share Buttons generic via filter on get_the_excerpt --><\/p>\n","protected":false},"author":33,"featured_media":0,"comment_status":"open","ping_status":"closed","sticky":false,"template":"","format":"standard","meta":[],"categories":[2],"tags":[6],"_links":{"self":[{"href":"https:\/\/blogs.diariovasco.com\/sopadeganso\/wp-json\/wp\/v2\/posts\/606"}],"collection":[{"href":"https:\/\/blogs.diariovasco.com\/sopadeganso\/wp-json\/wp\/v2\/posts"}],"about":[{"href":"https:\/\/blogs.diariovasco.com\/sopadeganso\/wp-json\/wp\/v2\/types\/post"}],"author":[{"embeddable":true,"href":"https:\/\/blogs.diariovasco.com\/sopadeganso\/wp-json\/wp\/v2\/users\/33"}],"replies":[{"embeddable":true,"href":"https:\/\/blogs.diariovasco.com\/sopadeganso\/wp-json\/wp\/v2\/comments?post=606"}],"version-history":[{"count":0,"href":"https:\/\/blogs.diariovasco.com\/sopadeganso\/wp-json\/wp\/v2\/posts\/606\/revisions"}],"wp:attachment":[{"href":"https:\/\/blogs.diariovasco.com\/sopadeganso\/wp-json\/wp\/v2\/media?parent=606"}],"wp:term":[{"taxonomy":"category","embeddable":true,"href":"https:\/\/blogs.diariovasco.com\/sopadeganso\/wp-json\/wp\/v2\/categories?post=606"},{"taxonomy":"post_tag","embeddable":true,"href":"https:\/\/blogs.diariovasco.com\/sopadeganso\/wp-json\/wp\/v2\/tags?post=606"}],"curies":[{"name":"wp","href":"https:\/\/api.w.org\/{rel}","templated":true}]}}